{"id":191093,"date":"2021-09-15T15:16:48","date_gmt":"2021-09-15T15:16:48","guid":{"rendered":"https:\/\/dimensionturistica.com\/es\/?p=191093"},"modified":"2021-09-15T15:16:48","modified_gmt":"2021-09-15T15:16:48","slug":"los-turistas-britanicos-se-triplican-en-benidorm-en-el-inicio-de-la-temporada-baja","status":"publish","type":"post","link":"https:\/\/dimensionturistica.com\/es\/los-turistas-britanicos-se-triplican-en-benidorm-en-el-inicio-de-la-temporada-baja\/","title":{"rendered":"Los turistas brit\u00e1nicos se triplican en Benidorm en el inicio de la temporada baja"},"content":{"rendered":"<p> <br \/>\n<\/p>\n<div id=\"article-body-content\" data-action=\"toggle\" data-status=\"on\">\n<section class=\"rel-news\" data-mrf-recirculation=\"noticias-relacionadas-noticia\">\n<h4>Noticias relacionadas<\/h4>\n<\/section>\n<p id=\"paragraph_1\">El <a rel=\"nofollow noopener\" target=\"_blank\" href=\"https:\/\/www.elespanol.com\/alicante\/economia\/20210623\/turismo-postpandemia-desquicia-empresarios-valencianos-ultima-hora\/591191732_0.html\">at\u00edpico verano<\/a> que ha vivido el turismo en la <a rel=\"nofollow noopener\" target=\"_blank\" href=\"https:\/\/www.elespanol.com\/lugares\/comunidad_valenciana\/\">Comunidad Valenciana<\/a> ha demostrado la fortaleza de un modelo de sol y playa apoyado \u00fanicamente en el mercado nacional, que <strong>ha crecido hasta alcanzar entre un 80 y un 90% de cuota<\/strong> en la mayor\u00eda de los destinos. El primer cliente internacional, el brit\u00e1nico, ha retrocedido hasta suponer apenas un 5% de los visitantes, cuando normalmente <strong>mueve casi el 50% del negocio<\/strong> en lugares como\u00a0<a rel=\"nofollow noopener\" target=\"_blank\" href=\"https:\/\/www.elespanol.com\/lugares\/benidorm\/\">Benidorm.<\/a><\/p>\n<p id=\"paragraph_2\">Ante esta coyuntura<strong> franceses y portugueses han tomado el relevo de Reino Unido,<\/strong> pero sin acercarse al volumen que mueve este pa\u00eds en un ejercicio prepandemia. Precisamente por eso los destinos que m\u00e1s han sufrido en verano han sido los m\u00e1s dependientes del brit\u00e1nico, y los empresarios<strong> est\u00e1n preocupados por la evoluci\u00f3n del sector en temporada baja,<\/strong> cuando el turismo acquainted haya desaparecido por completo y el nacional se limite a los fines de semana.<\/p>\n<p id=\"paragraph_3\">Existen, sin embargo, motivos para la esperanza: el \u00faltimo informe de la patronal hotelera de Benidorm, Hosbec, indica que en la segunda semana de septiembre el 16% de los turistas que acogi\u00f3 la ciudad fueron de Reino Unido. Eso supone triplicar la cuota de mercado de este pa\u00eds respecto a agosto y <strong>&#8220;alcanzar las mejores cifras desde que empez\u00f3 la pandemia&#8221;,<\/strong> seg\u00fan Hosbec.<\/p>\n<p id=\"paragraph_4\">La noticia da ciertas esperanzas de que no se trate de algo puntual porque la recuperaci\u00f3n del mercado se da, adem\u00e1s, en un contexto donde el turismo est\u00e1 aguantando el tir\u00f3n de factores como la vuelta al cole:<strong> Benidorm alcanz\u00f3 entre el 6 y el 12 de septiembre un 70% de ocupaci\u00f3n,<\/strong> una cifra baja para tratarse de un mes considerado vacacional (normalmente es del 90%) pero que los empresarios interpretan como &#8220;positiva&#8221; dada la situaci\u00f3n.\u00a0<\/p>\n<p id=\"paragraph_5\">De hecho, para la patronal, estos datos indican que en 2021 &#8220;se va consolidando\u00a0<strong>poco a poco la recuperaci\u00f3n tur\u00edstica&#8221;<\/strong>, algo que se puede trambi\u00e9n ver en el ritmo de apertura de hoteles: en la \u00faltima semana la capital tur\u00edstica ha recuperado unas 3.000 camas m\u00e1s, y el 86% de los establecimientos asociados a Hosbec ya est\u00e1n abiertos.\u00a0<\/p>\n<h3 class=\"content__summary-title\">Valencia, en la cima<\/h3>\n<p id=\"paragraph_6\">En este mismo periodo el pico de ocupaci\u00f3n se ha dado en Valencia, donde se ha\u00a0conseguido superar los registros de la semana previa y han alcanzado un<strong>\u00a075,2% de ocupaci\u00f3n\u00a0media. <\/strong>Se da la circunstancia de que la provincia es la que ha conservado una mayor cuota de mercado internacional, con un 36% de extranjeros.<\/p>\n<p id=\"paragraph_7\">Por su parte, la ciudad de Valencia <strong>ha incrementado su ocupaci\u00f3n en 7 puntos esta semana sobre la precedente<\/strong>, en la que se celebraron las Fallas, &#8220;lo que reafirma la previsi\u00f3n de ocupaci\u00f3n y <a rel=\"nofollow noopener\" target=\"_blank\" href=\"https:\/\/www.elespanol.com\/alicante\/economia\/turismo\/20210827\/patronal-hotelera-fallas-septiembre-no-interesan-contagios\/607440064_0.html\">del comportamiento de mercado de negocios que ya hab\u00edamos adelantado desde Hosbec&#8221;<\/a>. &#8220;Las Fallas at\u00edpicas de septiembre no han tenido un efecto positivo en la ocupaci\u00f3n hotelera de la ciudad, sino que han supuesto un escal\u00f3n en la producci\u00f3n tal y como reflejan los datos registrados&#8221;, agregaron.\u00a0<\/p>\n<p><include onerror=\"continue\" src=\"https:\/\/www.elespanol.com\/eemodules\/ESPTagListContentsHTMLMO\/mo.html?p=W10&amp;h=0b72\"\/><\/p>\n<h3 class=\"follow-topics-title\"><span class=\"follow-topics-title__icon\"\/>Sigue los temas que te interesan<\/h3>\n<\/p><\/div>\n\n<p><em> &#8221; Fuentes www.elespanol.com &#8221; <\/em><\/p>\n","protected":false},"excerpt":{"rendered":"<p>Noticias relacionadas El at\u00edpico verano que ha vivido el turismo en la Comunidad Valenciana ha demostrado la fortaleza de un modelo de sol y playa apoyado \u00fanicamente en el mercado nacional, que ha crecido hasta alcanzar entre un 80 y un 90% de cuota en la mayor\u00eda de los destinos. El primer cliente internacional, el [&hellip;]<\/p>\n","protected":false},"author":4,"featured_media":191094,"comment_status":"open","ping_status":"closed","sticky":false,"template":"","format":"standard","meta":{"om_disable_all_campaigns":false,"jnews-multi-image_gallery":[],"jnews_single_post":[],"jnews_primary_category":[],"jnews_social_meta":[],"footnotes":""},"categories":[39],"tags":[19663,862,3005,715,544],"class_list":["post-191093","post","type-post","status-publish","format-standard","has-post-thumbnail","hentry","category-viajes","tag-alicante-provincia","tag-benidorm","tag-comunidad-valenciana","tag-economia","tag-turismo"],"_links":{"self":[{"href":"https:\/\/dimensionturistica.com\/es\/wp-json\/wp\/v2\/posts\/191093","targetHints":{"allow":["GET"]}}],"collection":[{"href":"https:\/\/dimensionturistica.com\/es\/wp-json\/wp\/v2\/posts"}],"about":[{"href":"https:\/\/dimensionturistica.com\/es\/wp-json\/wp\/v2\/types\/post"}],"author":[{"embeddable":true,"href":"https:\/\/dimensionturistica.com\/es\/wp-json\/wp\/v2\/users\/4"}],"replies":[{"embeddable":true,"href":"https:\/\/dimensionturistica.com\/es\/wp-json\/wp\/v2\/comments?post=191093"}],"version-history":[{"count":0,"href":"https:\/\/dimensionturistica.com\/es\/wp-json\/wp\/v2\/posts\/191093\/revisions"}],"wp:featuredmedia":[{"embeddable":true,"href":"https:\/\/dimensionturistica.com\/es\/wp-json\/wp\/v2\/media\/191094"}],"wp:attachment":[{"href":"https:\/\/dimensionturistica.com\/es\/wp-json\/wp\/v2\/media?parent=191093"}],"wp:term":[{"taxonomy":"category","embeddable":true,"href":"https:\/\/dimensionturistica.com\/es\/wp-json\/wp\/v2\/categories?post=191093"},{"taxonomy":"post_tag","embeddable":true,"href":"https:\/\/dimensionturistica.com\/es\/wp-json\/wp\/v2\/tags?post=191093"}],"curies":[{"name":"wp","href":"https:\/\/api.w.org\/{rel}","templated":true}]}}