{"id":190912,"date":"2021-09-15T10:50:05","date_gmt":"2021-09-15T10:50:05","guid":{"rendered":"https:\/\/dimensionturistica.com\/es\/?p=190912"},"modified":"2021-09-15T10:50:06","modified_gmt":"2021-09-15T10:50:06","slug":"saborea-la-riqueza-natural-de-la-comunitat-valenciana-a-traves-de-sus-vinos","status":"publish","type":"post","link":"https:\/\/dimensionturistica.com\/es\/saborea-la-riqueza-natural-de-la-comunitat-valenciana-a-traves-de-sus-vinos\/","title":{"rendered":"Saborea la riqueza natural de la Comunitat Valenciana a trav\u00e9s de sus vinos"},"content":{"rendered":"<p> <br \/>\n<\/p>\n<div id=\"\">\n<picture class=\"image \" itemscope=\"\" itemtype=\"http:\/\/schema.org\/ImageObject\" itemprop=\"image\" src=\"https:\/\/estaticos-cdn.prensaiberica.es\/clip\/59280d1b-e8b1-4ac2-b65e-398eab47c40c_16-9-discover-aspect-ratio_default_0.jpg\">\n<p>        <img decoding=\"async\" src=\"https:\/\/estaticos-cdn.prensaiberica.es\/clip\/59280d1b-e8b1-4ac2-b65e-398eab47c40c_16-9-discover-aspect-ratio_default_0.jpg\" style=\"width:100%; height:auto; max-width:100%;\" height=\"675\" width=\"1200\" alt=\"Multitud de vides pueblan el territorio de la Comunitat Valenciana, conformando paisajes de contrastes.\" title=\"Multitud de vides pueblan el territorio de la Comunitat Valenciana, conformando paisajes de contrastes.\"\/><source srcset=\"https:\/\/estaticos-cdn.prensaiberica.es\/clip\/59280d1b-e8b1-4ac2-b65e-398eab47c40c_16-9-discover-aspect-ratio_default_0.jpg\" media=\"(max-width:  767px)\"><source srcset=\"https:\/\/estaticos-cdn.prensaiberica.es\/clip\/59280d1b-e8b1-4ac2-b65e-398eab47c40c_16-9-discover-aspect-ratio_75p_0.jpg\" media=\"(max-width: 1201px)\"><source srcset=\"https:\/\/estaticos-cdn.prensaiberica.es\/clip\/59280d1b-e8b1-4ac2-b65e-398eab47c40c_16-9-discover-aspect-ratio_default_0.jpg\" media=\"(max-width:  100vw)\"><\/source><\/source><\/source><\/picture><!-- \/.image --><\/p>\n<p class=\"article-photo__footer\">\n        <em>Multitud de vides pueblan el territorio de la Comunitat Valenciana, conformando paisajes de contrastes.<\/em><br \/>\n                    <span>E. D.<\/span>\n            <\/p>\n<\/div>\n<div wp_automatic_readability=\"143.70045141874\">\n<p class=\"article-body__text article-body__text--entry article-body__text-middle\">\n        <strong>Vides<\/strong> milenarias con un car\u00e1cter y sabor \u00fanico, <strong>patrimonio<\/strong> y <strong>gastronom\u00eda<\/strong>, convierten a la Comunitat Valenciana en una autonom\u00eda perfecta para sorprenderse y sorprender con su <a rel=\"nofollow noopener\" target=\"_blank\" href=\"https:\/\/www.levante-emv.com\/branded-content\/2020\/07\/13\/verano-disfruta-enoturismo-comunitat-valenciana-11244580.html\" title=\"apasionante mundo vin\u00edcola cargado de esencia\" class=\"link copy\"><strong>apasionante mundo vin\u00edcola cargado de esencia<\/strong><\/a>.\n<\/p>\n<p class=\"article-body__text \">\n        Su privilegiada<strong> ubicaci\u00f3n y climatolog\u00eda<\/strong>, una <strong>gran riqueza pure<\/strong> la convierten en <strong>uno de los principales destinos tur\u00edsticos<\/strong> del pa\u00eds, que adem\u00e1s permite <strong>disfrutar de incre\u00edbles experiencias<\/strong>.\n<\/p>\n<p class=\"article-body__text \">\n        Constituida por una amalgama de <strong>alojamientos con encanto<\/strong>, tradicionales <strong>restaurantes<\/strong>, <strong>bodegas<\/strong> de gran renombre, <strong>almazaras<\/strong> y empresas especializadas, la <a rel=\"nofollow noopener\" target=\"_blank\" href=\"https:\/\/enoturismocv.com\/es\/\" title=\"Federaci\u00f3n de Enoturismo de la Comunitat Valenciana\" class=\"link copy\"><strong>Federaci\u00f3n de Enoturismo de la Comunitat Valenciana<\/strong><\/a> a\u00fana toda la <strong>amplia oferta presente en el territorio<\/strong>, poni\u00e9ndola al servicio del turista a trav\u00e9s de <strong>experiencias vinculadas a la cultura vitivin\u00edcola<\/strong>.\n<\/p>\n<p class=\"article-body__text \">\n        Una propuesta, en definitiva, que incluye <strong>actividades por diversos recorridos<\/strong> para conocer en profundidad la <strong>cultura, historia, patrimonio y an\u00e9cdotas de la vid<\/strong> a trav\u00e9s de un viaje por los cinco sentidos <strong>abierto al p\u00fablico desde este mes de septiembre<\/strong>.\n<\/p>\n<h2 class=\"article-body__ladillo\">Joya oculta de la Comunitat Valenciana: el enoturismo<\/h2>\n<article class=\"article-photo article-photo-- \" wp_automatic_readability=\"28\">\n    <!-- \/.multimedia-block__element --><\/p>\n<p class=\"article-photo__footer\">\n            <em>La Comunitat Valenciana destaca por su oferta enotur\u00edstica gracias a sus bodegas y almazaras.<\/em>            <span>E. D.<\/span>        <\/p>\n<p><!-- \/.article-photo__footer --><br \/>\n    <\/article>\n<p><!-- \/.article-photo article-photo-- --><\/p>\n<p class=\"article-body__text \">\n        La <strong>Federaci\u00f3n de Enoturismo de la Comunitat Valenciana<\/strong> es la uni\u00f3n de las diversas <a rel=\"nofollow noopener\" target=\"_blank\" href=\"https:\/\/www.levante-emv.com\/el-mostrador\/2020\/11\/06\/comunitat-paraiso-enoturismo-22296327.html\" title=\"rutas del vino\" class=\"link copy\"><strong>rutas del vino<\/strong><\/a> existentes en el territorio auton\u00f3mico. Es decir, <strong>Utiel-Requena<\/strong>, <strong>Castell\u00f3<\/strong> y <strong>Alicante<\/strong>.\n<\/p>\n<p class=\"article-body__text \">\n        &#8220;Nuestro territorio acerca al visitante a un conjunto de aromas y paisajes que dejan huella en las tradiciones de los <strong>pueblos, comarcas y regiones productoras de vino<\/strong>&#8220;, afirman desde la entidad. Por este motivo, su objetivo es<strong> aunar toda la oferta tur\u00edstica de la autonom\u00eda<\/strong> y hacer del sabor de las uvas, bodegas, gastronom\u00eda y hospedaje un valor de marca en s\u00ed mismo.\n<\/p>\n<h2 class=\"article-body__ladillo\">Ruta del vino de Castell\u00f3<\/h2>\n<p class=\"article-body__text \">\n        La <a rel=\"nofollow noopener\" target=\"_blank\" href=\"https:\/\/enoturismocv.com\/es\/rutavino\/ruta-del-vino-de-castellon\" title=\"ruta castellonense\" class=\"link copy\"><strong>ruta castellonense<\/strong><\/a> se compone de diversas <strong>bodegas, hoteles, casas rurales, mas\u00edas, restaurantes y comercios tradicionales<\/strong> que brindan a los y las visitantes m\u00faltiples experiencias capaces de sumergir a las personas en el <strong>mundo del vino<\/strong>.\n<\/p>\n<p class=\"article-body__text \">\n        Los vinos de &#8220;<strong>Vins de la Terra de Castell\u00f3<\/strong>&#8221; son el reflejo, como defienden desde la federaci\u00f3n, del <strong>legado vitivin\u00edcola<\/strong> de las familias productoras utilizando en sus elaboraciones <strong>variedades aut\u00f3ctonas como la Macabeo, Embolicaire y Monastrell<\/strong>.\n<\/p>\n<p class=\"article-body__text \">\n        \u00a0Adem\u00e1s, <strong>Tempranillo<\/strong>, <strong>Cabernet Sauvignon<\/strong>, <strong>Merlot<\/strong> y <strong>Syrah<\/strong> son otras de las <strong>reconocidas variedades<\/strong> que refuerzan la personalidad de sus caldos.\n<\/p>\n<article class=\"article-photo article-photo-- \" wp_automatic_readability=\"27\">\n    <!-- \/.multimedia-block__element --><\/p>\n<p class=\"article-photo__footer\">\n            <em>La ruta del vino de Castell\u00f3 incluye una gran oferta de hospedaje rural.<\/em>            <span>E. D.<\/span>        <\/p>\n<p><!-- \/.article-photo__footer --><br \/>\n    <\/article>\n<p><!-- \/.article-photo article-photo-- --><\/p>\n<h2 class=\"article-body__ladillo\">Ruta del Vino de Valencia<\/h2>\n<p class=\"article-body__text \">\n        La <a rel=\"nofollow noopener\" target=\"_blank\" href=\"http:\/\/wwww.enoturismocv.com\/es\/rutavino\/valencia-ruta-del-vino\" title=\"ruta del vino de Val\u00e8ncia\" class=\"link copy\"><strong>ruta del vino de Val\u00e8ncia<\/strong><\/a> ha sido la \u00faltima incorporaci\u00f3n de la <strong>Federaci\u00f3n de Enoturismo de la Comunitat Valenciana<\/strong>. El itinerario, que transcurre por <strong>cinco lugares tur\u00edsticos<\/strong>, permite conocer con profundidad el <strong>legado vitivin\u00edcola<\/strong> de la provincia.\n<\/p>\n<p class=\"article-body__text \">\n        \u00a0Entre sus vinos estrella destaca la <strong>mistela, un Moscatel muy representativo de la DO Val\u00e8ncia<\/strong>. Y es que, este recorrido por hasta 33 establecimientos que incluyen <strong>bodegas centenarias y singulares alojamientos<\/strong>, completa la <a rel=\"nofollow noopener\" target=\"_blank\" href=\"https:\/\/www.levante-emv.com\/ocio\/vinos\/2021\/05\/05\/siete-templos-enoturismo-vino-valenciano-visitar-primavera-51323997.html\" title=\"oferta enotur\u00edstica de la autonom\u00eda\" class=\"link copy\"><strong>oferta enotur\u00edstica de la autonom\u00eda<\/strong><\/a>.\n<\/p>\n<article class=\"article-photo article-photo-- \" wp_automatic_readability=\"28\">\n    <!-- \/.multimedia-block__element --><\/p>\n<p class=\"article-photo__footer\">\n            <em>La Comunitat Valenciana destaca por su oferta enotur\u00edstica gracias a sus bodegas y almazaras.<\/em>            <span>E. D.<\/span>        <\/p>\n<p><!-- \/.article-photo__footer --><br \/>\n    <\/article>\n<p><!-- \/.article-photo article-photo-- --><\/p>\n<h2 class=\"article-body__ladillo\">Ruta del vino de Utiel-Requena<\/h2>\n<p class=\"article-body__text \">\n        Con <strong>m\u00e1s de 2.500 a\u00f1os de historia<\/strong> en su haber, la<strong> <\/strong><a rel=\"nofollow noopener\" target=\"_blank\" href=\"http:\/\/www.enoturismocv.com\/es\/rutavino\/ruta-del-vino-utiel-requena\" title=\"ruta del vino de Utiel-Requena\" class=\"link copy\"><strong>ruta del vino de Utiel-Requena<\/strong><\/a> engloba a una decena de municipios, que presumen orgullosos de su <strong>milenaria tradici\u00f3n vitivin\u00edcola<\/strong>.\n<\/p>\n<p class=\"article-body__text \">\n        De hecho, en sus l\u00edmites se elaboran <strong>vinos que cuentan con su propia <\/strong><a rel=\"nofollow noopener\" target=\"_blank\" href=\"https:\/\/www.levante-emv.com\/urban\/2020\/11\/20\/do-utiel-requena-mar-vinas-23510898.html\" title=\"Denominaci\u00f3n de Origen\" class=\"link copy\"><strong>Denominaci\u00f3n de Origen<\/strong><\/a> (DO), destacados por su <strong>excelente calidad y sabor<\/strong> fruto de sus diferentes variedades de uva.\n<\/p>\n<p class=\"article-body__text \">\n        La m\u00e1s destacada de todas ellas, la <strong>Bobal<\/strong>, es <strong>cultivada en el 80 % de sus plantaciones<\/strong>, aunque tambi\u00e9n pueden encontrarse <strong>Tempranillo<\/strong>, <strong>Garnacha<\/strong>, <strong>Cabernet Sauvignon<\/strong>, <strong>Merlot<\/strong> o <strong>Syrah Pinot Noir<\/strong>. En la modalidad de uva blanca, la DO Utiel-Requena ofrece variedades como <strong>Macabeo<\/strong>, <strong>Chardonnay <\/strong>o <strong>Sauvignon Blanc<\/strong>.\n<\/p>\n<article class=\"article-photo article-photo-- \" wp_automatic_readability=\"27\">\n    <!-- \/.multimedia-block__element --><\/p>\n<p class=\"article-photo__footer\">\n            <em>El vino de Utiel-Requena cuenta con su propia Denominaci\u00f3n de Origen (OD).<\/em>            <span>E. D.<\/span>        <\/p>\n<p><!-- \/.article-photo__footer --><br \/>\n    <\/article>\n<p><!-- \/.article-photo article-photo-- --><\/p>\n<h2 class=\"article-body__ladillo\">Ruta del vino de Alicante<\/h2>\n<p class=\"article-body__text \">\n        Una <a rel=\"nofollow noopener\" target=\"_blank\" href=\"http:\/\/www.enoturismocv.com\/es\/rutavino\/ruta-del-vino-de-alicante\" title=\"alternativa al caracter\u00edstico turismo de sol alicantino\" class=\"link copy\"><strong>alternativa al caracter\u00edstico <\/strong><\/a><a rel=\"nofollow noopener\" target=\"_blank\" href=\"http:\/\/www.enoturismocv.com\/es\/rutavino\/ruta-del-vino-de-alicante\" title=\"alternativa al caracter\u00edstico turismo de sol alicantino\" class=\"link copy\"><em><strong>turismo de sol<\/strong><\/em><\/a><a rel=\"nofollow noopener\" target=\"_blank\" href=\"http:\/\/www.enoturismocv.com\/es\/rutavino\/ruta-del-vino-de-alicante\" title=\"alternativa al caracter\u00edstico turismo de sol alicantino\" class=\"link copy\"><strong> alicantino<\/strong><\/a> que representa una opci\u00f3n no s\u00f3lo fascinante, sino altamente ilustrativa al dar a conocer la<strong> tradici\u00f3n vitivin\u00edcola<\/strong> mediante su <strong>patrimonio art\u00edstico y cultural<\/strong> es la <strong>ruta del vino de Alicante<\/strong>.\n<\/p>\n<p class=\"article-body__text \">\n        El <strong>vino de la DOP Alicante<\/strong> es un fiel reflejo de la diversidad y el <strong>esp\u00edritu mediterr\u00e1neo <\/strong>del territorio. As\u00ed, su <strong>ruta<\/strong> se compone de casi una veintena de <strong>bodegas<\/strong>, <strong>enotecas<\/strong>, <strong>casas rurales<\/strong>, <strong>hoteles<\/strong>, <strong>comercios<\/strong>, <strong>restaurantes<\/strong> e, incluso, <strong>museos<\/strong>.\n<\/p>\n<article class=\"article-photo article-photo-- \" wp_automatic_readability=\"30\">\n    <!-- \/.multimedia-block__element --><\/p>\n<p class=\"article-photo__footer\">\n            <em>La ruta del vino de Alicante est\u00e1 compuesta por hasta 19 bodegas, enotecas, casas rurales y restaurantes.<\/em>            <span>E. D.<\/span>        <\/p>\n<p><!-- \/.article-photo__footer --><br \/>\n    <\/article>\n<p><!-- \/.article-photo article-photo-- --><\/p>\n<h2 class=\"article-body__ladillo\"\/><\/div>\n\n<p><em> &#8221; Fuentes www.elperiodicomediterraneo.com &#8221; <\/em><\/p>\n","protected":false},"excerpt":{"rendered":"<p>Multitud de vides pueblan el territorio de la Comunitat Valenciana, conformando paisajes de contrastes. E. D. Vides milenarias con un car\u00e1cter y sabor \u00fanico, patrimonio y gastronom\u00eda, convierten a la Comunitat Valenciana en una autonom\u00eda perfecta para sorprenderse y sorprender con su apasionante mundo vin\u00edcola cargado de esencia. Su privilegiada ubicaci\u00f3n y climatolog\u00eda, una gran [&hellip;]<\/p>\n","protected":false},"author":4,"featured_media":190913,"comment_status":"open","ping_status":"closed","sticky":false,"template":"","format":"standard","meta":{"om_disable_all_campaigns":false,"jnews-multi-image_gallery":[],"jnews_single_post":[],"jnews_primary_category":[],"jnews_social_meta":[],"footnotes":""},"categories":[39],"tags":[4391,1353,24579,30887,4392],"class_list":["post-190912","post","type-post","status-publish","format-standard","has-post-thumbnail","hentry","category-viajes","tag-comunitat","tag-natural","tag-riqueza","tag-saborea","tag-valenciana"],"_links":{"self":[{"href":"https:\/\/dimensionturistica.com\/es\/wp-json\/wp\/v2\/posts\/190912","targetHints":{"allow":["GET"]}}],"collection":[{"href":"https:\/\/dimensionturistica.com\/es\/wp-json\/wp\/v2\/posts"}],"about":[{"href":"https:\/\/dimensionturistica.com\/es\/wp-json\/wp\/v2\/types\/post"}],"author":[{"embeddable":true,"href":"https:\/\/dimensionturistica.com\/es\/wp-json\/wp\/v2\/users\/4"}],"replies":[{"embeddable":true,"href":"https:\/\/dimensionturistica.com\/es\/wp-json\/wp\/v2\/comments?post=190912"}],"version-history":[{"count":0,"href":"https:\/\/dimensionturistica.com\/es\/wp-json\/wp\/v2\/posts\/190912\/revisions"}],"wp:featuredmedia":[{"embeddable":true,"href":"https:\/\/dimensionturistica.com\/es\/wp-json\/wp\/v2\/media\/190913"}],"wp:attachment":[{"href":"https:\/\/dimensionturistica.com\/es\/wp-json\/wp\/v2\/media?parent=190912"}],"wp:term":[{"taxonomy":"category","embeddable":true,"href":"https:\/\/dimensionturistica.com\/es\/wp-json\/wp\/v2\/categories?post=190912"},{"taxonomy":"post_tag","embeddable":true,"href":"https:\/\/dimensionturistica.com\/es\/wp-json\/wp\/v2\/tags?post=190912"}],"curies":[{"name":"wp","href":"https:\/\/api.w.org\/{rel}","templated":true}]}}