{"id":190910,"date":"2021-09-15T10:48:02","date_gmt":"2021-09-15T10:48:02","guid":{"rendered":"https:\/\/dimensionturistica.com\/es\/?p=190910"},"modified":"2021-09-15T10:48:02","modified_gmt":"2021-09-15T10:48:02","slug":"el-covid-19-cambia-por-completo-el-panorama-del-transporte-last-mile","status":"publish","type":"post","link":"https:\/\/dimensionturistica.com\/es\/el-covid-19-cambia-por-completo-el-panorama-del-transporte-last-mile\/","title":{"rendered":"El Covid-19 cambia por completo el panorama del transporte &#8220;last mile&#8221;"},"content":{"rendered":"<p> <br \/>\n<\/p>\n<div>\n<p>Fue un gran golpe al sector, en muchos casos mortal pero muchas de las empresas que han conseguido aguantar han obtenido durante este a\u00f1o facturaciones incluso mayores que la de 2019, el a\u00f1o pre-pandemia.<\/p>\n<p>Este cambio, surgido del miedo de los clientes a viajar en transporte p\u00fablico o en Shuttle compartido hacia su destino remaining, ha generado un incremento significativo para las empresas de transporte terrestre privado, los as\u00ed llamados transfers al aeropuerto.<\/p>\n<p>Eduardo Valtue\u00f1a, CEO de Mytransfers, se\u00f1ala: \u201cEl viajero post-pandemia, si lo podemos llamar as\u00ed, tiende a alejarse de servicios compartidos siempre que le sea posible. Todos sabemos que esto con los vuelos es bastante complicado, sino imposible para la mayor\u00eda de los turistas pero en el caso del transporte de last-mile es posible evitar el transporte compartido a una diferencia de precio en muchos casos casi inexistente. Todo esto ha influido en la decisi\u00f3n de compra del cliente de forma directa y hemos visto un grand\u00edsimo incremento en el volumen de reservas que hemos procesado durante este a\u00f1o comparado con a\u00f1os pre-pandemia.\u201d<\/p>\n<p>Del mismo modo, Valtue\u00f1a se\u00f1ala que las reservas en Europa tambi\u00e9n han sufrido cambios, queriendo los viajeros alejarse del centro de las ciudades masificadas, optando en muchos casos por un turismo de inside, quiz\u00e1s aumentado por la falta de oferta hotelera en las zonas vacacionales y el desv\u00edo de la demanda hacia otro tipo de alojamientos.<\/p>\n<p>Otra causa que ha influido directamente en la decisi\u00f3n del cliente de optar por un switch privado desde el aeropuerto hasta su destino remaining ha sido tambi\u00e9n la escasez de oferta de coches de alquiler, que ha originado un incremento en el precio de esta alternativa, escasez originada en la falta de producci\u00f3n de veh\u00edculos por parte de los fabricantes debido a la disaster de los semiconductores.<\/p>\n<p>Al ser preguntado si conf\u00eda en esta tendencia para los a\u00f1os venideros, Valtue\u00f1a defiende que \u201cAunque a todos nos gustar\u00eda, y aun estando el virus est\u00e1 lejos de ser controlado, dudo bastante de esto y opino que la estacionalizaci\u00f3n del mismo es el escenario m\u00e1s plausible. Las vacunas est\u00e1n consiguiendo mitigar los efectos del virus en los humanos y esperemos que funcionen las vacunas esterilizantes aplicadas por v\u00eda nasal. Poco a poco el miedo se va a diluir y el viajero va a volver a sus h\u00e1bitos, pero estoy seguro de que los que han decidido confiar en nosotros este a\u00f1o debido al miedo, el a\u00f1o que viene lo har\u00e1n por el servicio y el precio competitivo.\u201d<\/p>\n<p>Este producto, desconocido en muchos casos por el cliente remaining e incluso por las agencias de viajes, ha conseguido popularizarse durante los \u00faltimos a\u00f1os. Valtue\u00f1a incide que \u201clas agencias de viaje son una parte fundamental en nuestra cadena de distribuci\u00f3n, es por ello que durante el \u00faltimo a\u00f1o hemos lanzado una plataforma espec\u00edfica para este sector, a trav\u00e9s del cual pueden reservar en todo el mundo con la calidad que siempre ofrecemos.\u201d<\/p>\n<p>Mytransfers.com, empresa fundada en 2018 y con sede en Palma de Mallorca, opera en m\u00e1s de 1500 aeropuertos en todo el mundo, siendo el principal proveedor de servicios de traslados para la gran mayor\u00eda de agregadores y agencias on-line, grupos de gesti\u00f3n y m\u00e1s de 5000 agencias independientes en todo el mundo.<\/p>\n<\/p><\/div>\n\n<p><em> &#8221; Fuentes www.hosteltur.com &#8221; <\/em><\/p>\n","protected":false},"excerpt":{"rendered":"<p>Fue un gran golpe al sector, en muchos casos mortal pero muchas de las empresas que han conseguido aguantar han obtenido durante este a\u00f1o facturaciones incluso mayores que la de 2019, el a\u00f1o pre-pandemia. Este cambio, surgido del miedo de los clientes a viajar en transporte p\u00fablico o en Shuttle compartido hacia su destino remaining, [&hellip;]<\/p>\n","protected":false},"author":4,"featured_media":77859,"comment_status":"open","ping_status":"closed","sticky":false,"template":"","format":"standard","meta":{"om_disable_all_campaigns":false,"jnews-multi-image_gallery":[],"jnews_single_post":[],"jnews_primary_category":[],"jnews_social_meta":[],"footnotes":""},"categories":[40],"tags":[1555],"class_list":["post-190910","post","type-post","status-publish","format-standard","has-post-thumbnail","hentry","category-industria","tag-transportes"],"_links":{"self":[{"href":"https:\/\/dimensionturistica.com\/es\/wp-json\/wp\/v2\/posts\/190910","targetHints":{"allow":["GET"]}}],"collection":[{"href":"https:\/\/dimensionturistica.com\/es\/wp-json\/wp\/v2\/posts"}],"about":[{"href":"https:\/\/dimensionturistica.com\/es\/wp-json\/wp\/v2\/types\/post"}],"author":[{"embeddable":true,"href":"https:\/\/dimensionturistica.com\/es\/wp-json\/wp\/v2\/users\/4"}],"replies":[{"embeddable":true,"href":"https:\/\/dimensionturistica.com\/es\/wp-json\/wp\/v2\/comments?post=190910"}],"version-history":[{"count":0,"href":"https:\/\/dimensionturistica.com\/es\/wp-json\/wp\/v2\/posts\/190910\/revisions"}],"wp:featuredmedia":[{"embeddable":true,"href":"https:\/\/dimensionturistica.com\/es\/wp-json\/wp\/v2\/media\/77859"}],"wp:attachment":[{"href":"https:\/\/dimensionturistica.com\/es\/wp-json\/wp\/v2\/media?parent=190910"}],"wp:term":[{"taxonomy":"category","embeddable":true,"href":"https:\/\/dimensionturistica.com\/es\/wp-json\/wp\/v2\/categories?post=190910"},{"taxonomy":"post_tag","embeddable":true,"href":"https:\/\/dimensionturistica.com\/es\/wp-json\/wp\/v2\/tags?post=190910"}],"curies":[{"name":"wp","href":"https:\/\/api.w.org\/{rel}","templated":true}]}}