{"id":190716,"date":"2021-09-15T01:31:16","date_gmt":"2021-09-15T01:31:16","guid":{"rendered":"https:\/\/dimensionturistica.com\/es\/?p=190716"},"modified":"2021-09-15T01:31:16","modified_gmt":"2021-09-15T01:31:16","slug":"david-collado-valora-como-exitoso-el-cambio-de-alerta-de-eeuu-para-viajar-a-rd","status":"publish","type":"post","link":"https:\/\/dimensionturistica.com\/es\/david-collado-valora-como-exitoso-el-cambio-de-alerta-de-eeuu-para-viajar-a-rd\/","title":{"rendered":"David Collado valora como exitoso el cambio de alerta de EEUU para viajar a RD"},"content":{"rendered":"<p> <br \/>\n<\/p>\n<div>\n<div class=\"paragraph\" mlnid=\"idcon=17235753;order=7.0\">\n<p>El ministro de Turismo, <b>David Collado<\/b>, valor\u00f3 positivamente que los Estados Unidos mejorara el nivel de alerta de viaje a Rep\u00fablica Dominicana, reduci\u00e9ndolo al nivel 2 en COVID-19, lo que lo coloca como \u201cel de menos riesgo de la regi\u00f3n del Caribe\u201d.<\/p>\n<p>A trav\u00e9s de una nota de prensa, Collado agradeci\u00f3 al conjunto de las autoridades del Ministerio de Turismo, del Gabinete de Turismo y del Gabinete de Salud, que han trabajado de manera conjunta a favor de la recuperaci\u00f3n del sector tur\u00edstico y \u201creafirmando su compromiso con el desarrollo del pa\u00eds\u201d.<\/p>\n<\/p><\/div>\n<div class=\"paragraph\" mlnid=\"idcon=17235784;order=9.0\">\n<p>La p\u00e1gina de Estados Unidos fue actualizada la tarde de este martes, calificando los viajes en el mismo nivel de alerta que se ten\u00eda antes de que se anunciara la pandemia.<\/p>\n<p>El dos, es considerado por el pa\u00eds americano como el nivel en el que se puede viajar seguro, cuidando de siempre mantener todas las medidas de precauci\u00f3n.<\/p>\n<p><b>\u201cSeguimos avanzando, y no pararemos de velar y cuidar porque se mantengan todos y cada uno de los protocolos de seguridad que hasta el momento hemos llevado. Esto es una muestra de que el turismo en nuestro pa\u00eds ha estado cumpliendo al debido proceso y llevando las acciones correspondientes de la manera correcta\u201d,<\/b> concluy\u00f3 Collado en un comunicado de prensa emitido por la entidad.<\/p>\n<\/p><\/div><\/div>\n\n<p><em> &#8221; Fuentes www.diariolibre.com &#8221; <\/em><\/p>\n","protected":false},"excerpt":{"rendered":"<p>El ministro de Turismo, David Collado, valor\u00f3 positivamente que los Estados Unidos mejorara el nivel de alerta de viaje a Rep\u00fablica Dominicana, reduci\u00e9ndolo al nivel 2 en COVID-19, lo que lo coloca como \u201cel de menos riesgo de la regi\u00f3n del Caribe\u201d. A trav\u00e9s de una nota de prensa, Collado agradeci\u00f3 al conjunto de las [&hellip;]<\/p>\n","protected":false},"author":4,"featured_media":190717,"comment_status":"open","ping_status":"closed","sticky":false,"template":"","format":"standard","meta":{"om_disable_all_campaigns":false,"jnews-multi-image_gallery":[],"jnews_single_post":[],"jnews_primary_category":[],"jnews_social_meta":[],"footnotes":""},"categories":[39],"tags":[1429],"class_list":["post-190716","post","type-post","status-publish","format-standard","has-post-thumbnail","hentry","category-viajes","tag-santo-domingo"],"_links":{"self":[{"href":"https:\/\/dimensionturistica.com\/es\/wp-json\/wp\/v2\/posts\/190716","targetHints":{"allow":["GET"]}}],"collection":[{"href":"https:\/\/dimensionturistica.com\/es\/wp-json\/wp\/v2\/posts"}],"about":[{"href":"https:\/\/dimensionturistica.com\/es\/wp-json\/wp\/v2\/types\/post"}],"author":[{"embeddable":true,"href":"https:\/\/dimensionturistica.com\/es\/wp-json\/wp\/v2\/users\/4"}],"replies":[{"embeddable":true,"href":"https:\/\/dimensionturistica.com\/es\/wp-json\/wp\/v2\/comments?post=190716"}],"version-history":[{"count":0,"href":"https:\/\/dimensionturistica.com\/es\/wp-json\/wp\/v2\/posts\/190716\/revisions"}],"wp:featuredmedia":[{"embeddable":true,"href":"https:\/\/dimensionturistica.com\/es\/wp-json\/wp\/v2\/media\/190717"}],"wp:attachment":[{"href":"https:\/\/dimensionturistica.com\/es\/wp-json\/wp\/v2\/media?parent=190716"}],"wp:term":[{"taxonomy":"category","embeddable":true,"href":"https:\/\/dimensionturistica.com\/es\/wp-json\/wp\/v2\/categories?post=190716"},{"taxonomy":"post_tag","embeddable":true,"href":"https:\/\/dimensionturistica.com\/es\/wp-json\/wp\/v2\/tags?post=190716"}],"curies":[{"name":"wp","href":"https:\/\/api.w.org\/{rel}","templated":true}]}}