{"id":190639,"date":"2021-09-14T23:14:25","date_gmt":"2021-09-14T23:14:25","guid":{"rendered":"https:\/\/dimensionturistica.com\/es\/?p=190639"},"modified":"2021-09-14T23:14:25","modified_gmt":"2021-09-14T23:14:25","slug":"arriban-72-cruceros-a-cozumel-y-mahahual-en-tres-meses-de-reactivacion","status":"publish","type":"post","link":"https:\/\/dimensionturistica.com\/es\/arriban-72-cruceros-a-cozumel-y-mahahual-en-tres-meses-de-reactivacion\/","title":{"rendered":"Arriban 72 cruceros a Cozumel y Mahahual en tres meses de reactivaci\u00f3n"},"content":{"rendered":"<p> <br \/>\n<\/p>\n<div>\n<h2>Estas cifras superan por mucho las proyecciones de la Sedetur, que esperaba solo recibir 20 barcos hasta el mes de septiembre<\/h2>\n<p>Canc\u00fan (Marcrix Noticias).- Durante los primeros tres meses de la reactivaci\u00f3n de la llegada de cruceros a las costas del Caribe mexicano, la Secretar\u00eda de Turismo de Quintana Roo ha registrado el arribo de 52 nav\u00edos a la isla de Cozumel y 20 al puerto de Mahahual, detall\u00f3 Andr\u00e9s Aguilar Becerril, titular de la dependencia.<\/p>\n<p>En entrevista para los medios de comunicaci\u00f3n y tras su participaci\u00f3n en la presentaci\u00f3n del evento \u201cSabores con Causa\u201d, el funcionario estatal habl\u00f3 sobre las divisas que esto representa, las cuales son alrededor de 2 millones de d\u00f3lares.<\/p>\n<p>\u201cEl crecimiento ha sido muy acelerado mes con mes. En el caso de Cozumel llevamos 52 embarcaciones las que se han recibido. Esto es un n\u00famero muy importante para la recuperaci\u00f3n de la actividad porque son m\u00e1s de 2 millones de d\u00f3lares lo que representa en derrama\u201d, expres\u00f3 Aguilar Becerril.<\/p>\n<p>Y a\u00f1adi\u00f3 que \u201clo mismo ha ocurrido en el caso de Mahahual, en menor medida, pero s\u00ed en esa misma constante y franca recuperaci\u00f3n\u201d, pues hasta el \u201cd\u00eda de ayer llev\u00e1bamos 20 cruceros en lo que es Mahahual\u201d, puntualiz\u00f3.<\/p>\n<p>Asever\u00f3 que estas cifras superan por mucho las proyecciones de la Sedetur, que esperaba solo recibir 20 barcos hasta el mes de septiembre, tanto para la Isla de las Golondrinas como para el Puerto de Mahahual.<\/p>\n<p>De acuerdo con cifras de la misma dependencia, cada nav\u00edo que arrib\u00f3 a las costas del Caribe mexicano durante este trienio tra\u00eda consigo alrededor de 600 pasajeros, aproximadamente, lo que representa poco m\u00e1s de 43 mil viajeros. Aunque el Consejo de Promoci\u00f3n Tur\u00edstica de Quintana Roo conf\u00eda en poder captar hasta un mill\u00f3n de cruceritas hasta diciembre.<\/p>\n<p>Sobre la ocupaci\u00f3n hotelera para septiembre y octubre, meses catalogados como \u201ctemporada baja\u201d, el titular de la Sedetur aseguro que se esperan alrededor de un mill\u00f3n de viajeros de diferentes partes del mundo, adem\u00e1s de ocupaciones superiores al 50% en destinos como Canc\u00fan y la Riviera Maya.<\/p>\n<p>Sin embargo precis\u00f3 que s\u00f3lo se trata de predicciones, las cuales pueden variar y depender\u00e1n de la situaci\u00f3n epidemiol\u00f3gica del Estado, que en este momento se encuentra en sem\u00e1foro amarillo.<\/p>\n<p><iframe loading=\"lazy\" src=\"https:\/\/www.facebook.com\/plugins\/video.php?height=476&amp;href=https%3A%2F%2Fwww.facebook.com%2Fmarcrixnoticias%2Fvideos%2F824378934903944%2F&amp;show_text=false&amp;width=269&amp;t=0\" width=\"269\" height=\"476\" style=\"border:none;overflow:hidden\" scrolling=\"no\" frameborder=\"0\" allowfullscreen=\"true\" allow=\"autoplay; clipboard-write; encrypted-media; picture-in-picture; web-share\"><\/iframe><\/p><\/div>\n<p><script>(function(d, s, id) {\n  var js, fjs = d.getElementsByTagName(s)[0];\n  if (d.getElementById(id)) return;\n  js = d.createElement(s); js.id = id;\n  js.src = \"\/\/connect.facebook.net\/es_LA\/all.js#xfbml=1\";\n  fjs.parentNode.insertBefore(js, fjs);\n}(document, 'script', 'facebook-jssdk'));<\/script><br \/>\n<br \/><\/p>\n<p><em> &#8221; Fuentes www.marcrixnoticias.com &#8221; <\/em><\/p>\n","protected":false},"excerpt":{"rendered":"<p>Estas cifras superan por mucho las proyecciones de la Sedetur, que esperaba solo recibir 20 barcos hasta el mes de septiembre Canc\u00fan (Marcrix Noticias).- Durante los primeros tres meses de la reactivaci\u00f3n de la llegada de cruceros a las costas del Caribe mexicano, la Secretar\u00eda de Turismo de Quintana Roo ha registrado el arribo de [&hellip;]<\/p>\n","protected":false},"author":4,"featured_media":190640,"comment_status":"open","ping_status":"closed","sticky":false,"template":"","format":"standard","meta":{"om_disable_all_campaigns":false,"jnews-multi-image_gallery":[],"jnews_single_post":[],"jnews_primary_category":[],"jnews_social_meta":[],"footnotes":""},"categories":[41],"tags":[543,1064,544],"class_list":["post-190639","post","type-post","status-publish","format-standard","has-post-thumbnail","hentry","category-cruceros","tag-cruceros","tag-quintana-roo","tag-turismo"],"_links":{"self":[{"href":"https:\/\/dimensionturistica.com\/es\/wp-json\/wp\/v2\/posts\/190639","targetHints":{"allow":["GET"]}}],"collection":[{"href":"https:\/\/dimensionturistica.com\/es\/wp-json\/wp\/v2\/posts"}],"about":[{"href":"https:\/\/dimensionturistica.com\/es\/wp-json\/wp\/v2\/types\/post"}],"author":[{"embeddable":true,"href":"https:\/\/dimensionturistica.com\/es\/wp-json\/wp\/v2\/users\/4"}],"replies":[{"embeddable":true,"href":"https:\/\/dimensionturistica.com\/es\/wp-json\/wp\/v2\/comments?post=190639"}],"version-history":[{"count":0,"href":"https:\/\/dimensionturistica.com\/es\/wp-json\/wp\/v2\/posts\/190639\/revisions"}],"wp:featuredmedia":[{"embeddable":true,"href":"https:\/\/dimensionturistica.com\/es\/wp-json\/wp\/v2\/media\/190640"}],"wp:attachment":[{"href":"https:\/\/dimensionturistica.com\/es\/wp-json\/wp\/v2\/media?parent=190639"}],"wp:term":[{"taxonomy":"category","embeddable":true,"href":"https:\/\/dimensionturistica.com\/es\/wp-json\/wp\/v2\/categories?post=190639"},{"taxonomy":"post_tag","embeddable":true,"href":"https:\/\/dimensionturistica.com\/es\/wp-json\/wp\/v2\/tags?post=190639"}],"curies":[{"name":"wp","href":"https:\/\/api.w.org\/{rel}","templated":true}]}}