{"id":190536,"date":"2021-09-14T16:56:18","date_gmt":"2021-09-14T16:56:18","guid":{"rendered":"https:\/\/dimensionturistica.com\/es\/?p=190536"},"modified":"2021-09-14T16:56:19","modified_gmt":"2021-09-14T16:56:19","slug":"ministro-de-trabajo-asegura-falta-un-importante-trecho-para-lograr-niveles-de-empleos-perdidos","status":"publish","type":"post","link":"https:\/\/dimensionturistica.com\/es\/ministro-de-trabajo-asegura-falta-un-importante-trecho-para-lograr-niveles-de-empleos-perdidos\/","title":{"rendered":"Ministro de Trabajo asegura falta un \u201cimportante trecho\u201d para lograr niveles de empleos perdidos"},"content":{"rendered":"<p> <br \/>\n<\/p>\n<div mlnid=\"idcon=17231380;order=7.0\">\n<p>El ministro de Trabajo, Luis Miguel De Camaps, dijo que la pandemia del COVID-19 ha cambiado la forma en la que el mundo trabaja y el turismo no es una excepci\u00f3n de este fen\u00f3meno.<\/p>\n<p>\u201cEl uso intensivo de la tecnolog\u00eda y el internet de las cosas, nos obliga a repensar nuestra industria para evitar que fen\u00f3menos como el de Air BnB, dejen a nuestra gente sin empleos de valor\u201d, expres\u00f3 el funcionario.<\/p>\n<p>Dijo que otra habilidad cambiante se refiere a la transformaci\u00f3n digital, la cual implicar\u00e1 una mayor demanda de empleados con un conjunto de habilidades digitales o t\u00e9cnicas, aunque las personas y las habilidades sociales tambi\u00e9n seguir\u00e1n siendo claves.<\/p>\n<p>\u201cEl turismo est\u00e1 llamado a jugar un rol fundamental en la recuperaci\u00f3n econ\u00f3mica de nuestro pa\u00eds, estamos ante la oportunidad de regresar mejores y m\u00e1s fuertes, tenemos la oportunidad de ser m\u00e1s sostenibles y de ofrecer mejores condiciones de vida para nuestros trabajadores\u201d, indic\u00f3.<\/p>\n<p>Explic\u00f3 que, para marzo de 2020, momento en que iniciaba la pandemia, los empleos directos del sector tur\u00edstico representaban el 7.8 % de los empleos formales. Asimismo, en agosto de 2020, momento m\u00e1s cr\u00edtico de la disaster sanitaria, este indicador lleg\u00f3 a descender al 4.43 %.<\/p>\n<p>\u201cGracias a todos los esfuerzos y pol\u00edticas implementadas, a marzo de 2021, ya hab\u00edamos logrado una importante recuperaci\u00f3n que representaba el 5.44 % y, en agosto de 2021, fecha del \u00faltimo corte de registro en el <b>SIRLA,<\/b> ya este indicador mostraba un impacto del 5.8 % del empleo formal nacional registrado\u201d, apunt\u00f3 el funcionario.<\/p>\n<p>Dijo que falta un importante trecho para lograr los niveles perdidos, pero ve con optimismo como el sector se va reactivando y esto es especialmente palpable en la recuperaci\u00f3n de los empleos perdidos.<\/p>\n<p>\u201cEste resurgimiento nos ofrece grandes retos y oportunidades. Quiz\u00e1s las m\u00e1s notorias son aquellas vinculadas al desarrollo de un turismo m\u00e1s sostenible ambientalmente y que genere una mayor transferencia de riqueza y desarrollo para las comunidades\u201d, argument\u00f3.<\/p>\n<p>De Camps a\u00f1adi\u00f3 que la transferencia de riquezas debe manifestarse no solo en una importante mejor\u00eda de los salarios y beneficios para los trabajadores del sector turismo, \u201cla cual es una conversaci\u00f3n pendiente, sino, adem\u00e1s, en un cambio de paradigma en el que el gasto tur\u00edstico salga de las paredes hoteleras, impactando a las comunidades y promoviendo el consumo de los bienes y servicios que estas pueden ofrecer\u201d.<\/p>\n<p>De Camaps habl\u00f3 en esos t\u00e9rminos al participar en el tercer \u201cEncuentro Asonahores\u201d, con el tema \u201cSector Turismo en un Nuevo Ambiente Laboral\u201d, organizado por la Asociaci\u00f3n de Hoteles y Turismo de la Rep\u00fablica Dominicana (Asonahores).<\/p>\n<p>En este tercer \u201cEncuentro Asonahores\u201d se trat\u00f3 como eje principal el tema del nuevo ambiente laboral en el sector turismo en tiempos de COVID-19, y c\u00f3mo ha funcionado la aplicaci\u00f3n de protocolos de bioseguridad en los principales destinos tur\u00edsticos de la Rep\u00fablica Dominicana que permitieron la reapertura de la industria, y c\u00f3mo se han adaptado los colaboradores para fortalecer el sector ante esta nueva realidad.<\/p>\n<p>\u201cEl sector tur\u00edstico esta frente a un gran reto en esta nueva realidad despu\u00e9s de una pandemia que ha causado la mayor crisis del sector en toda su historia, obligando a cerrar nuestras puertas y cesar nuestras operaciones\u201d, expres\u00f3 Rafael Blanco Tejera, presidente de Asonahores.<\/p>\n<p>Explic\u00f3 que por el tema de la pandemia fue imposible mantener contratado a su private, debido a la realidad de ver sus ingresos desaparecer, en la medida que el flujo de pasajeros internacionales se detuvo.<\/p>\n<p>\u201cNuestra fuerza laboral directa e indirecta se redujo en m\u00e1s de un 60 %, lo cual afect\u00f3 a miles de personas, no solo de manera directa en los hoteles, sino tambi\u00e9n en todos los subsectores del sector tur\u00edstico, y adem\u00e1s de toda la cadena de valor de suplidores de bienes y servicios\u201d, apunt\u00f3.<\/p>\n<\/p><\/div>\n\n<p><em> &#8221; Fuentes www.diariolibre.com &#8221; <\/em><\/p>\n","protected":false},"excerpt":{"rendered":"<p>El ministro de Trabajo, Luis Miguel De Camaps, dijo que la pandemia del COVID-19 ha cambiado la forma en la que el mundo trabaja y el turismo no es una excepci\u00f3n de este fen\u00f3meno. \u201cEl uso intensivo de la tecnolog\u00eda y el internet de las cosas, nos obliga a repensar nuestra industria para evitar que [&hellip;]<\/p>\n","protected":false},"author":4,"featured_media":190537,"comment_status":"open","ping_status":"closed","sticky":false,"template":"","format":"standard","meta":{"om_disable_all_campaigns":false,"jnews-multi-image_gallery":[],"jnews_single_post":[],"jnews_primary_category":[],"jnews_social_meta":[],"footnotes":""},"categories":[39],"tags":[23895],"class_list":["post-190536","post","type-post","status-publish","format-standard","has-post-thumbnail","hentry","category-viajes","tag-joaquin-caraballo"],"_links":{"self":[{"href":"https:\/\/dimensionturistica.com\/es\/wp-json\/wp\/v2\/posts\/190536","targetHints":{"allow":["GET"]}}],"collection":[{"href":"https:\/\/dimensionturistica.com\/es\/wp-json\/wp\/v2\/posts"}],"about":[{"href":"https:\/\/dimensionturistica.com\/es\/wp-json\/wp\/v2\/types\/post"}],"author":[{"embeddable":true,"href":"https:\/\/dimensionturistica.com\/es\/wp-json\/wp\/v2\/users\/4"}],"replies":[{"embeddable":true,"href":"https:\/\/dimensionturistica.com\/es\/wp-json\/wp\/v2\/comments?post=190536"}],"version-history":[{"count":0,"href":"https:\/\/dimensionturistica.com\/es\/wp-json\/wp\/v2\/posts\/190536\/revisions"}],"wp:featuredmedia":[{"embeddable":true,"href":"https:\/\/dimensionturistica.com\/es\/wp-json\/wp\/v2\/media\/190537"}],"wp:attachment":[{"href":"https:\/\/dimensionturistica.com\/es\/wp-json\/wp\/v2\/media?parent=190536"}],"wp:term":[{"taxonomy":"category","embeddable":true,"href":"https:\/\/dimensionturistica.com\/es\/wp-json\/wp\/v2\/categories?post=190536"},{"taxonomy":"post_tag","embeddable":true,"href":"https:\/\/dimensionturistica.com\/es\/wp-json\/wp\/v2\/tags?post=190536"}],"curies":[{"name":"wp","href":"https:\/\/api.w.org\/{rel}","templated":true}]}}