{"id":190261,"date":"2021-09-14T06:27:03","date_gmt":"2021-09-14T06:27:03","guid":{"rendered":"https:\/\/dimensionturistica.com\/es\/?p=190261"},"modified":"2021-09-14T06:27:03","modified_gmt":"2021-09-14T06:27:03","slug":"nomad-foods-se-une-a-race-to-zero-medio-ambiente-compromiso-rse","status":"publish","type":"post","link":"https:\/\/dimensionturistica.com\/es\/nomad-foods-se-une-a-race-to-zero-medio-ambiente-compromiso-rse\/","title":{"rendered":"Nomad Foods se une a Race to Zero (Medio Ambiente) :: Compromiso RSE"},"content":{"rendered":"<p> <br \/>\n<\/p>\n<p><span class=\"blue5\"><meta property=\"datePublished\" content=\"2021-09-14T08:19:00+02:00\" \/>14\/09\/2021 08:19:00<\/span> <strong property=\"description\">Nomad Meals, la compa\u00f1\u00eda de alimentos congelados l\u00edder en Europa tiene previsto reducir significativamente las emisiones de gases de efecto invernadero (GEI) con objetivos cient\u00edficamente aprobados en todas sus actividades y cadena de suministro. Los objetivos son coherentes con las reducciones necesarias para limitar el calentamiento world a 1,5 \u00b0C, el objetivo m\u00e1s exigente del Acuerdo de Par\u00eds sobre el Clima.<\/strong><\/p>\n<div property=\"articleBody\">\n<p>Adem\u00e1s de reducir las emisiones de Alcance 1 y 2, y de Alcance 3 en \u00e1reas como los productos adquiridos, el transporte y la distribuci\u00f3n en un 25% en t\u00e9rminos absolutos durante los pr\u00f3ximos cuatro a\u00f1os; Nomad Meals tambi\u00e9n proporcionar\u00e1 un apoyo basic a sus proveedores, garantizando que el 75% que m\u00e1s emite, desarrolle sus propios objetivos basados en la evidencia para 2025.<\/p>\n<p>Los nuevos objetivos han sido aprobados por la iniciativa &#8220;Science Based Targets&#8221; (SBTi), basados en los avances realizados en el marco de la estrategia de sostenibilidad <a target=\"_blank\" href=\"https:\/\/www.nomadfoods.com\/wp-content\/uploads\/2021\/05\/2020-nomadfoodsreport-final-v2.pdf\" rel=\"noopener\">&#8220;Eating for the Planet&#8221; de Nomad Foods<\/a>, que incluye compromisos en materia de abastecimiento, nutrici\u00f3n y explotaci\u00f3n.<\/p>\n<ul>&#13;<\/p>\n<li>-En 2020, Nomad Meals redujo significativamente las emisiones de carbono por tonelada de productos finales en m\u00e1s de un 20% y las emisiones totales en casi un 11%, a pesar del aumento dr\u00e1stico los vol\u00famenes de producci\u00f3n a consecuencia de la pandemia.<\/li>\n<p>&#13;<\/p>\n<li>Tambi\u00e9n el a\u00f1o pasado, la compa\u00f1\u00eda se uni\u00f3 a la <a target=\"_blank\" href=\"https:\/\/www.nomadfoods.com\/news\/nomad-foods-commits-to-cut-food-loss-and-waste-in-half\/\" rel=\"noopener\">iniciativa mundial 10x20x30<\/a> para reducir a la mitad la p\u00e9rdida y desperdicio de alimentos en las cadenas de suministros para 2030. Ya se redujo el desperdicio de alimentos comestibles por tonelada de productos en un 31% en comparaci\u00f3n con 2015, adem\u00e1s de evitar el desperdicio de sobras de alimentos, al donar 1,7 millones de productos a los bancos de alimentos.<\/li>\n<p>&#13;<\/p>\n<li>La empresa est\u00e1 en v\u00edas de implantar la electricidad 100% renovable en todas las f\u00e1bricas\u00a0para octubre de este a\u00f1o.<\/li>\n<p>&#13;<\/p>\n<li>En 2021, la compa\u00f1\u00eda ha demostrado su compromiso con su estrategia de sostenibilidad al incorporar a su <a target=\"_blank\" href=\"https:\/\/www.nomadfoods.com\/news\/nomad-foods-announces-closing-of-refinancing-transaction-2\/\" rel=\"noopener\">estructura de refinanciaci\u00f3n<\/a> indicadores clave de rendimiento que abarcan el abastecimiento, envasado y emisiones de gases de efecto invernadero.<\/li>\n<p>&#13;\n<\/ul>\n<p><strong>St\u00e9fan Descheemaeker, director normal de Nomad Meals<\/strong>, afirma: &#8220;Cada d\u00eda, millones de hogares disfrutan de los productos de Birds Eye, Findus, iglo y otras de nuestras marcas l\u00edderes, y queremos asegurarnos de que cuando los consumidores elijan nuestros productos resulte en una elecci\u00f3n positiva para ellos y para el planeta.<\/p>\n<p>Ahora que la atenci\u00f3n se centra en la Conferencia sobre el Cambio Clim\u00e1tico (COP 26) de noviembre, debemos afrontar el reto de conseguir una econom\u00eda de cero emisiones. Nos alegra que el SBTi haya validado nuestros objetivos y, al comprometernos con la campa\u00f1a <a target=\"_blank\" href=\"https:\/\/sciencebasedtargets.org\/business-ambition-for-1-5c#start\" rel=\"noopener\">Business Ambition for 1.5\u00b0C<\/a> y con la <a target=\"_blank\" href=\"https:\/\/unfccc.int\/climate-action\/race-to-zero-campaign\" rel=\"noopener\">Race to Zero<\/a> de la ONU, reconocemos que no podemos lograrlo solos.<\/p>\n<p>Contamos con una cadena de suministros muy variada, que abarca desde la pesca hasta la agricultura y que representa casi el 80% de nuestras emisiones de gases de efecto invernadero. Es un orgullo dar estos pasos y cooperar con los proveedores para conseguir el cambio necesario que contribuya a que los consumidores se alimenten de forma sostenible.<\/p>\n<p>Si nos centramos nuestros objetivos para 2025, reduciremos casi a la mitad las emisiones por tonelada de producto y nos aseguraremos de que el 75% de nuestros proveedores m\u00e1s importantes por sus emisiones tengan sus propios objetivos de reducci\u00f3n basados en la ciencia. Esto garantizar\u00e1 que lleguemos a cero emisiones netas mucho antes de 2050, mientras cumplimos nuestra promesa de crecimiento sostenible a largo plazo para los accionistas&#8221;.<\/p>\n<p>\u201cFelicitamos a Nomad Meals por establecer objetivos basados en la ciencia consistentes con la limitaci\u00f3n del calentamiento a 1,5\u00b0C, el objetivo m\u00e1s exigente del Acuerdo de Par\u00eds. De este modo, Nomad Meals est\u00e1 tomando medidas para prevenir los efectos m\u00e1s perjudiciales del cambio clim\u00e1tico&#8221;,afirma <strong>Alberto Carrillo Pineda<\/strong>, <strong>Director Normal de Science Based mostly Targets de CDP<\/strong>, uno de los socios de esta iniciativa.<\/p>\n<p>Por su parte<strong>, Klaus Beyer Nielsen<\/strong>,<strong> director normal de Espersen<\/strong><sup>, <\/sup>\u00a0distribuidor estrat\u00e9gico de Nomad Meals, explica: &#8220;El v\u00ednculo entre Espersen y Nomad Foods se asienta en una base s\u00f3lida. Nuestra planificaci\u00f3n empresarial conjunta ha servido para reforzar nuestra colaboraci\u00f3n y ha impulsado la innovaci\u00f3n sostenible, la eficiencia de los recursos y el valor para el consumidor. El medio ambiente y el clima siempre han sido una parte importante de la agenda de sostenibilidad de Espersen en toda la cadena de valor. El hecho de que los objetivos clim\u00e1ticos de Nomad Foods hayan sido aprobados por esta iniciativa supone una se\u00f1al para que, como proveedor estrat\u00e9gico, reduzcamos a\u00fan m\u00e1s nuestras propias emisiones. As\u00ed, tambi\u00e9n animaremos a nuestros productores a limitar su impacto clim\u00e1tico&#8221;.<\/p>\n<\/div>\n\n<p><em> \u2018 The preceding article may include information circulated by third parties \u2019 <\/em><\/p>\n<p><em> \u2018 Some details of this article were extracted from the following source www.compromisorse.com \u2019 <\/em><\/p>\n","protected":false},"excerpt":{"rendered":"<p>14\/09\/2021 08:19:00 Nomad Meals, la compa\u00f1\u00eda de alimentos congelados l\u00edder en Europa tiene previsto reducir significativamente las emisiones de gases de efecto invernadero (GEI) con objetivos cient\u00edficamente aprobados en todas sus actividades y cadena de suministro. Los objetivos son coherentes con las reducciones necesarias para limitar el calentamiento world a 1,5 \u00b0C, el objetivo m\u00e1s [&hellip;]<\/p>\n","protected":false},"author":2,"featured_media":0,"comment_status":"open","ping_status":"closed","sticky":false,"template":"","format":"standard","meta":{"om_disable_all_campaigns":false,"jnews-multi-image_gallery":[],"jnews_single_post":[],"jnews_primary_category":[],"jnews_social_meta":[],"footnotes":""},"categories":[43],"tags":[],"class_list":["post-190261","post","type-post","status-publish","format-standard","hentry","category-gourmet"],"_links":{"self":[{"href":"https:\/\/dimensionturistica.com\/es\/wp-json\/wp\/v2\/posts\/190261","targetHints":{"allow":["GET"]}}],"collection":[{"href":"https:\/\/dimensionturistica.com\/es\/wp-json\/wp\/v2\/posts"}],"about":[{"href":"https:\/\/dimensionturistica.com\/es\/wp-json\/wp\/v2\/types\/post"}],"author":[{"embeddable":true,"href":"https:\/\/dimensionturistica.com\/es\/wp-json\/wp\/v2\/users\/2"}],"replies":[{"embeddable":true,"href":"https:\/\/dimensionturistica.com\/es\/wp-json\/wp\/v2\/comments?post=190261"}],"version-history":[{"count":0,"href":"https:\/\/dimensionturistica.com\/es\/wp-json\/wp\/v2\/posts\/190261\/revisions"}],"wp:attachment":[{"href":"https:\/\/dimensionturistica.com\/es\/wp-json\/wp\/v2\/media?parent=190261"}],"wp:term":[{"taxonomy":"category","embeddable":true,"href":"https:\/\/dimensionturistica.com\/es\/wp-json\/wp\/v2\/categories?post=190261"},{"taxonomy":"post_tag","embeddable":true,"href":"https:\/\/dimensionturistica.com\/es\/wp-json\/wp\/v2\/tags?post=190261"}],"curies":[{"name":"wp","href":"https:\/\/api.w.org\/{rel}","templated":true}]}}