{"id":190243,"date":"2021-09-14T05:37:47","date_gmt":"2021-09-14T05:37:47","guid":{"rendered":"https:\/\/dimensionturistica.com\/es\/?p=190243"},"modified":"2021-09-14T05:37:47","modified_gmt":"2021-09-14T05:37:47","slug":"ods16-la-asociacion-alvelal-presento-alvelal-foods-en-el-organic-food-iberia","status":"publish","type":"post","link":"https:\/\/dimensionturistica.com\/es\/ods16-la-asociacion-alvelal-presento-alvelal-foods-en-el-organic-food-iberia\/","title":{"rendered":"ODS16. La asociaci\u00f3n AlVelAl present\u00f3 AlVelAl Foods en el Organic Food Iberia"},"content":{"rendered":"<p> <br \/>\n<\/p>\n<div>\n<p>\ufeff\ufeff\ufeff\ufeff\ufeff\ufeff\ufeff\ufeff\ufeff\ufeff\ufeff\ufeffEn el marco incomparable de <strong>Natural Meals Iberia 2021<\/strong>, la <strong>Asociaci\u00f3n AlVelAl <\/strong>present\u00f3 a<strong> AlVelAl Meals,<\/strong> la\u00a0nueva comercializadora para productos ecol\u00f3gicos y regenerativos de suelo y paisaje, la cual tiene como objetivo la comercializaci\u00f3n de productos de diferentes marcas de productos ecol\u00f3gicos que comparten a la regeneraci\u00f3n del territorio <strong>AlVelAl<\/strong> como\u00a0una misma filosof\u00eda.<\/p>\n<p>Esta nueva comercializadora\u00a0la componen agricultores y ganaderos, a los cuales se les ofrece un precio justo por sus productos, y junto a la Asociaci\u00f3n AlVelAl, acompa\u00f1amiento y asesoramiento para la puesta en marcha de t\u00e9cnicas agr\u00edcolas restauradoras de suelo y paisaje del territorio, con especial atenci\u00f3n a la gesti\u00f3n sostenible del agua, al fomento de la biodiversidad y la captura de di\u00f3xido de carbono. A su vez,\u00a0garantiza al consumidor la trazabilidad de sus productos; y la sostenibilidad y compromiso de sus empresas a trav\u00e9s de la evaluaci\u00f3n de las fincas productoras y la homologaci\u00f3n Empresas 4 Retornos, con la que cuenta la asociaci\u00f3n.<\/p>\n<p><strong>La Almendrehesa S.L., H\u00e1bitat, la Sabina Milenaria, Integrasol, Bodega Jabalc\u00f3n <\/strong>y<strong> Cortesano\u00a0<\/strong>son las empresas fundadoras de esta nueva comercializadora. En un primer momento, se estar\u00e1n ocrediendo Frutos Secos, Vino, Aceite de Oliva Virgen Further y Alcaparras, y en una segunda instancia se comercializar\u00e1 Cordero Segure\u00f1o IGP, Hierbas Arom\u00e1ticas, Frutas y Hortalizas. Esta se dar\u00e1 a partir del 31 de octubre a trav\u00e9s de su <strong><a target=\"_blank\" href=\"https:\/\/alvelalfoods.org\/\" rel=\"noopener\">p\u00e1gina web<\/a><\/strong>.<\/p>\n<p>De esta manera, las empresas productoras de <strong>AlVelAl<\/strong> pretenden aunar fuerzas para hacer frente a los principales retos a los que se enfrenta el territorio, como la erosi\u00f3n de suelos, desertificaci\u00f3n, cambio clim\u00e1tico, falta de oportunidades y despoblamiento rural. Todo ello a trav\u00e9s de una forma de producci\u00f3n que restaura suelos, fomenta la biodiversidad y la restauraci\u00f3n de ecosistemas, diversificando la econom\u00eda y generando un paisaje sano e inspirador.<\/p>\n<\/div>\n\n<p><em> \u2018 The preceding article may include information circulated by third parties \u2019 <\/em><\/p>\n<p><em> \u2018 Some details of this article were extracted from the following source www.corresponsables.com \u2019 <\/em><\/p>\n","protected":false},"excerpt":{"rendered":"<p>\ufeff\ufeff\ufeff\ufeff\ufeff\ufeff\ufeff\ufeff\ufeff\ufeff\ufeff\ufeffEn el marco incomparable de Natural Meals Iberia 2021, la Asociaci\u00f3n AlVelAl present\u00f3 a AlVelAl Meals, la\u00a0nueva comercializadora para productos ecol\u00f3gicos y regenerativos de suelo y paisaje, la cual tiene como objetivo la comercializaci\u00f3n de productos de diferentes marcas de productos ecol\u00f3gicos que comparten a la regeneraci\u00f3n del territorio AlVelAl como\u00a0una misma filosof\u00eda. Esta nueva [&hellip;]<\/p>\n","protected":false},"author":2,"featured_media":190244,"comment_status":"open","ping_status":"closed","sticky":false,"template":"","format":"standard","meta":{"om_disable_all_campaigns":false,"jnews-multi-image_gallery":[],"jnews_single_post":[],"jnews_primary_category":[],"jnews_social_meta":[],"footnotes":""},"categories":[43],"tags":[],"class_list":["post-190243","post","type-post","status-publish","format-standard","has-post-thumbnail","hentry","category-gourmet"],"_links":{"self":[{"href":"https:\/\/dimensionturistica.com\/es\/wp-json\/wp\/v2\/posts\/190243","targetHints":{"allow":["GET"]}}],"collection":[{"href":"https:\/\/dimensionturistica.com\/es\/wp-json\/wp\/v2\/posts"}],"about":[{"href":"https:\/\/dimensionturistica.com\/es\/wp-json\/wp\/v2\/types\/post"}],"author":[{"embeddable":true,"href":"https:\/\/dimensionturistica.com\/es\/wp-json\/wp\/v2\/users\/2"}],"replies":[{"embeddable":true,"href":"https:\/\/dimensionturistica.com\/es\/wp-json\/wp\/v2\/comments?post=190243"}],"version-history":[{"count":0,"href":"https:\/\/dimensionturistica.com\/es\/wp-json\/wp\/v2\/posts\/190243\/revisions"}],"wp:featuredmedia":[{"embeddable":true,"href":"https:\/\/dimensionturistica.com\/es\/wp-json\/wp\/v2\/media\/190244"}],"wp:attachment":[{"href":"https:\/\/dimensionturistica.com\/es\/wp-json\/wp\/v2\/media?parent=190243"}],"wp:term":[{"taxonomy":"category","embeddable":true,"href":"https:\/\/dimensionturistica.com\/es\/wp-json\/wp\/v2\/categories?post=190243"},{"taxonomy":"post_tag","embeddable":true,"href":"https:\/\/dimensionturistica.com\/es\/wp-json\/wp\/v2\/tags?post=190243"}],"curies":[{"name":"wp","href":"https:\/\/api.w.org\/{rel}","templated":true}]}}