{"id":190216,"date":"2021-09-14T04:16:06","date_gmt":"2021-09-14T04:16:06","guid":{"rendered":"https:\/\/dimensionturistica.com\/es\/?p=190216"},"modified":"2021-09-14T04:16:06","modified_gmt":"2021-09-14T04:16:06","slug":"pia-leon-quien-es-la-joven-peruana-que-fue-elegida-la-mejor-chef-del-mundo","status":"publish","type":"post","link":"https:\/\/dimensionturistica.com\/es\/pia-leon-quien-es-la-joven-peruana-que-fue-elegida-la-mejor-chef-del-mundo\/","title":{"rendered":"P\u00eda Le\u00f3n. Qui\u00e9n es la joven peruana que fue elegida la mejor chef del mundo"},"content":{"rendered":"<p> <br \/>\n<\/p>\n<div><head><meta charset=\"utf-8\"\/><title>P\u00eda Le\u00f3n. Qui\u00e9n es la joven peruana que fue elegida la mejor chef del mundo &#8211; LA NACION<\/title><link id=\"fusion-output-type-styles\" rel=\"stylesheet\" type=\"text\/css\" href=\"https:\/\/www.lanacion.com.ar\/pf\/dist\/components\/output-types\/default.css?d=494\"\/><link id=\"fusion-template-styles\" rel=\"stylesheet\" type=\"text\/css\" href=\"https:\/\/www.lanacion.com.ar\/pf\/dist\/components\/combinations\/default.css?d=494\"\/><link rel=\"dns-prefetch\" href=\"https:\/\/cdn.livefyre.com\"\/><link rel=\"dns-prefetch\" href=\"https:\/\/sb.scorecardresearch.com\/\"\/><link rel=\"preconnect\" href=\"https:\/\/www.google-analytics.com\"\/><link rel=\"dns-prefetch\" href=\"https:\/\/static.hotjar.com\/\"\/><link rel=\"dns-prefetch\" href=\"https:\/\/c.go-mpulse.net\/\"\/><link rel=\"preconnect\" href=\"https:\/\/c.go-mpulse.net\/\"\/><link rel=\"dns-prefetch\" href=\"https:\/\/ads.rubiconproject.com\"\/><link rel=\"dns-prefetch\" href=\"https:\/\/www.googletagservices.com\"\/><link rel=\"dns-prefetch\" href=\"https:\/\/cdn.jsdelivr.net\"\/><link rel=\"dns-prefetch\" href=\"https:\/\/resizer.glanacion.com\/\"\/><link rel=\"preconnect\" href=\"https:\/\/resizer.glanacion.com\/\"\/><link rel=\"dns-prefetch\" href=\"https:\/\/ingresar.lanacion.com.ar\"\/><link rel=\"dns-prefetch\" href=\"https:\/\/api-ingresar.lanacion.com.ar\"\/><link rel=\"dns-prefetch\" href=\"https:\/\/api-paywall.lanacion.com.ar\"\/><link rel=\"preconnect\" href=\"https:\/\/api-paywall.lanacion.com.ar\"\/><link rel=\"dns-prefetch\" href=\"https:\/\/stats.g.doubleclick.net\/\"\/><link rel=\"dns-prefetch\" href=\"https:\/\/especialess3.lanacion.com.ar\/\"\/><link rel=\"preconnect\" href=\"https:\/\/especialess3.lanacion.com.ar\/\"\/><link rel=\"preconnect\" href=\"https:\/\/tag.navdmp.com\/\"\/><link rel=\"dns-prefetch\" href=\"https:\/\/www.datadoghq-browser-agent.com\"\/><meta name=\"parsely-section\" content=\"Revista-lugares\"\/><noscript><img decoding=\"async\" src=\"https:\/\/sb.scorecardresearch.com\/p?c1=2&amp;c2=6906398&amp;c3=LANACION.COM.AR&amp;c4=*null&amp;c6=*null&amp;cv=2.0&amp;cj=1\"\/><\/noscript><link href=\"https:\/\/cdn.petametrics.com\" rel=\"preconnect\"\/><meta property=\"fb_app_id\" content=\"205326199490321\"\/><meta property=\"og:type\" content=\"article\"\/><meta property=\"og:title\" content=\"P\u00eda Le\u00f3n. Qui\u00e9n es la joven peruana que fue elegida la mejor chef del mundo\"\/><meta property=\"og:description\" content=\"Con apenas 34 a\u00f1os, y despu\u00e9s de haber sido elegida la mejor cocinera de Am\u00e9rica Latina en 2018, la joven acaba de recibir el premio a la mejor cocinera mujer que otorga The World\u2019s 50 Best Restaurants.\"\/><meta property=\"og:image\" content=\"https:\/\/resizer.glanacion.com\/resizer\/xvyqJGBBaxj92h-ssqQWCkE1A-Q=\/1920x0\/filters:quality(80)\/cloudfront-us-east-1.images.arcpublishing.com\/lanacionar\/FKYYQDEMANAT3ESDDRFMFXJ3JQ.jpg\"\/><meta property=\"og:url\" content=\"https:\/\/www.lanacion.com.ar\/revista-lugares\/pia-leon-quien-es-la-joven-peruana-que-fue-elegida-la-mejor-chef-del-mundo-nid14092021\/\"\/><meta property=\"article:published_time\" content=\"2021-09-14T04:01:00.246Z\"\/><meta property=\"og:site_name\" content=\"LA NACION\"\/><link rel=\"canonical\" href=\"https:\/\/www.lanacion.com.ar\/revista-lugares\/pia-leon-quien-es-la-joven-peruana-que-fue-elegida-la-mejor-chef-del-mundo-nid14092021\/\"\/><link rel=\"amphtml\" href=\"https:\/\/www.lanacion.com.ar\/revista-lugares\/pia-leon-quien-es-la-joven-peruana-que-fue-elegida-la-mejor-chef-del-mundo-nid14092021\/?outputType=amp\"\/><meta name=\"title\" content=\"P\u00eda Le\u00f3n. Qui\u00e9n es la joven peruana que fue elegida la mejor chef del mundo - LA NACION\"\/><meta name=\"description\" content=\"Con apenas 34 a\u00f1os, y despu\u00e9s de haber sido elegida la mejor cocinera de Am\u00e9rica Latina en 2018, la joven acaba de recibir el premio a la mejor cocinera mujer que otorga The World\u2019s 50 Best Restaurants. - LA NACION\"\/><meta name=\"robots\" content=\"max-image-preview:large\"\/><meta name=\"viewport\" content=\"width=device-width,initial-scale=1.0,minimum-scale=0.5,maximum-scale=5.0,user-scalable=yes\"\/><link rel=\"icon\" type=\"image\/x-icon\" href=\"https:\/\/www.lanacion.com.ar\/pf\/resources\/favicon.ico?d=494\"\/><meta name=\"theme-color\" content=\"#ffffff\"\/><link rel=\"manifest\" href=\"https:\/\/www.lanacion.com.ar\/manifest.json\"\/><meta property=\"article:opinion\" content=\"false\"\/><meta property=\"article:content_tier\" content=\"metered\"\/><\/p>\n<p>                              <\/head><body class=\"ln\" id=\"wp_automatic_ReadabilityBody\"><noscript><iframe loading=\"lazy\" src=\"https:\/\/www.googletagmanager.com\/gtm.js?id=GTM-GHV6\" height=\"0\" width=\"0\" style=\"display:none;visibility:hidden\"><\/iframe><\/noscript><\/p>\n<div id=\"notificacion-modal-pwa\" class=\"modal --notification --apps\"><a target=\"_blank\" href=\"https:\/\/www.lanacion.com.ar\/\" title=\"LA NACION\" class=\"com-link\" rel=\"noopener\"><i class=\"com-logo logo-la-nacion\"\/><\/a><\/p>\n<p class=\" com-text --sueca --threexs\">Descarg\u00e1 la aplicaci\u00f3n de LA NACION. Es r\u00e1pida y liviana.<\/p>\n<p><button id=\"notificacion-pwa-no\" data-event=\"\" data-section=\"\" type=\"button\" title=\"\" on=\"\" class=\"com-button  --secondary --compact  \"><span class=\" com-text\">No, gracias<\/span><\/button><button id=\"notificacion-pwa-si\" data-event=\"\" data-section=\"\" type=\"button\" title=\"\" on=\"\" class=\"com-button  --primary --compact  \"><span class=\" com-text\">Aceptar<\/span><\/button><\/p>\n<\/div>\n<div id=\"notificacion-modal\" class=\"modal --notification\"><a target=\"_blank\" href=\"https:\/\/www.lanacion.com.ar\/\" title=\"LA NACION\" class=\"com-link\" rel=\"noopener\"><i class=\"com-logo logo-la-nacion\"\/><\/a><\/p>\n<p class=\" com-text --sueca --threexs\">\u00bfQuer\u00e9s recibir notificaciones de alertas?<\/p>\n<p><button id=\"notificacion-no\" data-event=\"\" data-section=\"\" type=\"button\" title=\"\" on=\"\" class=\"com-button  --secondary --compact  \"><span class=\" com-text\">No, gracias<\/span><\/button><button id=\"notificacion-si\" data-event=\"\" data-section=\"\" type=\"button\" title=\"\" on=\"\" class=\"com-button  --primary --compact  \"><span class=\" com-text\">Aceptar<\/span><\/button><\/p>\n<\/div>\n<div id=\"notificacion-modal-error\" class=\"modal --notification\"><a target=\"_blank\" href=\"https:\/\/www.lanacion.com.ar\/\" title=\"LA NACION\" class=\"com-link\" rel=\"noopener\"><i class=\"com-logo logo-la-nacion\"\/><\/a><\/p>\n<p class=\" com-text --sueca --threexs\">Ha ocurrido un error de conexi\u00f3n<\/p>\n<p><button id=\"notificacion-error-btn\" data-event=\"\" data-section=\"\" type=\"button\" title=\"\" on=\"\" class=\"com-button  --primary --compact  \"><span class=\" com-text\">Cerrar<\/span><\/button><\/p>\n<\/div>\n<p><\/body><\/div>\n\n<p><em> \u2018 The preceding article may include information circulated by third parties \u2019 <\/em><\/p>\n<p><em> \u2018 Some details of this article were extracted from the following source www.lanacion.com.ar \u2019 <\/em><\/p>\n","protected":false},"excerpt":{"rendered":"<p>P\u00eda Le\u00f3n. Qui\u00e9n es la joven peruana que fue elegida la mejor chef del mundo &#8211; LA NACION Descarg\u00e1 la aplicaci\u00f3n de LA NACION. Es r\u00e1pida y liviana. No, graciasAceptar \u00bfQuer\u00e9s recibir notificaciones de alertas? No, graciasAceptar Ha ocurrido un error de conexi\u00f3n Cerrar \u2018 The preceding article may include information circulated by third parties [&hellip;]<\/p>\n","protected":false},"author":2,"featured_media":190217,"comment_status":"open","ping_status":"closed","sticky":false,"template":"","format":"standard","meta":{"om_disable_all_campaigns":false,"jnews-multi-image_gallery":[],"jnews_single_post":[],"jnews_primary_category":[],"jnews_social_meta":[],"footnotes":""},"categories":[43],"tags":[],"class_list":["post-190216","post","type-post","status-publish","format-standard","has-post-thumbnail","hentry","category-gourmet"],"_links":{"self":[{"href":"https:\/\/dimensionturistica.com\/es\/wp-json\/wp\/v2\/posts\/190216","targetHints":{"allow":["GET"]}}],"collection":[{"href":"https:\/\/dimensionturistica.com\/es\/wp-json\/wp\/v2\/posts"}],"about":[{"href":"https:\/\/dimensionturistica.com\/es\/wp-json\/wp\/v2\/types\/post"}],"author":[{"embeddable":true,"href":"https:\/\/dimensionturistica.com\/es\/wp-json\/wp\/v2\/users\/2"}],"replies":[{"embeddable":true,"href":"https:\/\/dimensionturistica.com\/es\/wp-json\/wp\/v2\/comments?post=190216"}],"version-history":[{"count":0,"href":"https:\/\/dimensionturistica.com\/es\/wp-json\/wp\/v2\/posts\/190216\/revisions"}],"wp:featuredmedia":[{"embeddable":true,"href":"https:\/\/dimensionturistica.com\/es\/wp-json\/wp\/v2\/media\/190217"}],"wp:attachment":[{"href":"https:\/\/dimensionturistica.com\/es\/wp-json\/wp\/v2\/media?parent=190216"}],"wp:term":[{"taxonomy":"category","embeddable":true,"href":"https:\/\/dimensionturistica.com\/es\/wp-json\/wp\/v2\/categories?post=190216"},{"taxonomy":"post_tag","embeddable":true,"href":"https:\/\/dimensionturistica.com\/es\/wp-json\/wp\/v2\/tags?post=190216"}],"curies":[{"name":"wp","href":"https:\/\/api.w.org\/{rel}","templated":true}]}}