{"id":189906,"date":"2021-09-13T16:39:23","date_gmt":"2021-09-13T16:39:23","guid":{"rendered":"https:\/\/dimensionturistica.com\/es\/?p=189906"},"modified":"2021-09-13T16:39:23","modified_gmt":"2021-09-13T16:39:23","slug":"quinta-avenida-de-playa-del-carmen-un-prostibulo-denuncian-comerciantes","status":"publish","type":"post","link":"https:\/\/dimensionturistica.com\/es\/quinta-avenida-de-playa-del-carmen-un-prostibulo-denuncian-comerciantes\/","title":{"rendered":"Quinta Avenida de Playa del Carmen, un prost\u00edbulo, denuncian comerciantes"},"content":{"rendered":"<p> <br \/>\n<\/p>\n<div id=\"cuerpo-nota\">\n<p>Este lunes en el que la<strong> Presidenta Municipal de Solidaridad<\/strong>, Laura Beristain Navarrete dar\u00e1 su tercer Informe de Gobierno a la sociedad playense deja mucho que desear, expres\u00f3 la encargada de un native de la principal zona comercial del municipio, Viviana Bacab al se\u00f1alar que, &#8220;remodelaron la <strong>Quinta Avenida de Playa del Carmen<\/strong> para convertirla en \u201cLa Merced\u201d, en la calle 12 hay una fila de prostitutas sudamericanas, quienes dan una mala imagen al destino, por donde lo veas es lamentable que caiga la imagen del destino, una ciudad que antes no era el mercado que es ahora, con tantos vendedores ambulantes que son de Chiapas y comercializan de manera desleal artesan\u00edas; que haya patrullas perifoneando que la gente guarde la Sana Distancia es ir\u00f3nico&#8221;.<\/p>\n<p><img decoding=\"async\" alt=\"\" height=\"432\" src=\"https:\/\/www.poresto.net\/u\/fotografias\/m\/2021\/9\/13\/f768x1-127447_127574_0.jpg\" width=\"768\"\/><\/p>\n<aside class=\"htmlinline\"\/>\n<aside class=\"relacionadas con-foto\">\n<h5>Noticias Relacionadas<\/h5>\n<\/aside>\n<p>A la vista de los playenses, quienes aprovechan pasear en la Quinta Avenida, puede constatarse una hilera de mujeres muy atractivas y j\u00f3venes que son sexoservidoras, que a\u00f1os atr\u00e1s nunca se vislumbr\u00f3 en esta zona de una manera tan abierta, opin\u00f3 la ciudadana. Viviana Bacab, a\u00f1adi\u00f3 que no asusta el tema a nadie, pero una zona roja para el municipio ya debi\u00f3 de estar contemplado hasta en el<strong> Programa Ordenamiento Urbano<\/strong>, \u201cprostitutas se han visto en la Quinta Avenida siempre, pero que est\u00e9n como en un exhibidor, en un \u00e1rea donde deambulan miles de turistas extranjeros, nacionales y familias solidarenses deber\u00edan las autoridades de regularlo, porque existir\u00e1 mientras haya demanda, simplemente afea la zona que presume ser de lujo\u201d, mencion\u00f3.<\/p>\n<p><img decoding=\"async\" alt=\"\" height=\"432\" src=\"https:\/\/www.poresto.net\/u\/fotografias\/m\/2021\/9\/13\/f768x1-127448_127575_0.jpg\" width=\"768\"\/><\/p>\n<aside class=\"htmlinline\"\/>\n<aside class=\"relacionadas con-foto\">\n<h5>Noticias Relacionadas<\/h5>\n<\/aside>\n<p>Al preguntarle al Senador, Jos\u00e9 Luis Pech si tiene conocimiento o alguna queja por parte de los <strong>comerciantes de la Quinta Avenida<\/strong>, sobre que en la calle 12 parezca un prost\u00edbulo, respondi\u00f3, \u201clamentablemente es una decisi\u00f3n municipal, que brinda las autorizaciones y permisos, ojal\u00e1 esto ya se regule y se recupere porque Playa del Carmen se nos est\u00e1 despedazando, porque era uno de los mejores destinos y se est\u00e1 quebrando por la falta de una buena autoridad municipal. Hago votos porque la nueva administraci\u00f3n haga bien su trabajo, por el bien de todos y que la gente valore eso, porque la ciudadan\u00eda exige que quiere un cambio y ojal\u00e1 esto ocurra para bien\u201d. \u00a0\u00a0<\/p>\n<p><img decoding=\"async\" alt=\"\" height=\"576\" src=\"https:\/\/www.poresto.net\/u\/fotografias\/m\/2021\/9\/13\/f768x1-127449_127576_31.jpeg\" width=\"768\"\/><\/p>\n<p>Posteriormente, se le cuestion\u00f3 c\u00f3mo se est\u00e1 reestructurando el partido de <strong>Morena <\/strong>con los nuevos enroques de las administraciones p\u00fablicas, indic\u00f3 que han sufrido la llegada de gente que lleg\u00f3 al partido y que no tienen la ideolog\u00eda del partido, pero poco a poco se van depurando, \u201cya van saliendo las personas que no dieron resultados, aqu\u00ed en Playa del Carmen tenemos el ejemplo, pero creo que es una buena depuraci\u00f3n y que s\u00ed vaya quedando la gente que es de Morena, tambi\u00e9n debemos de decir que los que lleguen tengan buenas intenciones, porque realmente hay gente mala en todos los partidos\u201d, expres\u00f3.\u00a0\u00a0\u00a0<\/p>\n<p>En un recorrido por la Quinta Avenida pudo observarse que el private de los \u201cChalecos Amarillos\u201d deambula en este sitio invitando con sus se\u00f1al\u00e9ticas a los ciudadanos a que usen el cubrebocas, algunos se lo colocan, mientras que otros tienen el atrevimiento de ser groseros con los <strong>trabajadores del Gobierno de Quintana Roo<\/strong>.\n<\/p>\n<p><img decoding=\"async\" alt=\"\" height=\"432\" src=\"https:\/\/www.poresto.net\/u\/fotografias\/m\/2021\/9\/13\/f768x1-127450_127577_0.jpg\" width=\"768\"\/>\n<\/p>\n<p>Este medio al acercarse a la familia Pineda, manifestaron que depende de la gente cumplir con las <strong>restricciones de salud p\u00fablica<\/strong>, porque el gobierno no los puede obligar, ya que mientras existan personas que no usen el cubrebocas, est\u00e9n en aglomeraciones y no utilicen el gel antibacterial, m\u00e1s tardar\u00e1 el pa\u00eds y el mundo en salir del embrollo de la pandemia.\n<\/p>\n<p>A lo largo de la Quinta Avenida circula una patrulla del gobierno estatal acompa\u00f1ados del private sanitario para exhortar a los negocios como restaurantes, bares y centros nocturnos y\u00a0la poblaci\u00f3n a que acaten las<strong> medidas sanitarias por la pandemia <\/strong>y el horario permitido que es hasta las 11 de la noche.\n<\/p>\n<p>Sin embargo, los bares El Coyote y La Catrina Bar ubicados sobre la calle 6 entre Quinta Avenida y 10, incumplen el horario establecido, al operar hasta las 5:00 de la ma\u00f1ana y brinc\u00e1ndose las trancas para evitar el <strong>n\u00famero de contagios de COVID<\/strong>, ya que si bien el operativo policiaco circula sobre dicha v\u00eda, en estos centros nocturnos aplican la simulaci\u00f3n, al apagar su m\u00fasica y luego volverla a encender a todo volumen hasta que se hayan ido los elementos de seguridad.\n<\/p>\n<p>S\u00edguenos en <a rel=\"nofollow noopener\" target=\"_blank\" href=\"https:\/\/bit.ly\/PorEstoGoogleNews\">Google News<\/a> y recibe la mejor informaci\u00f3n.\n<\/p>\n<\/div>\n<p><script>\n      window.fbAsyncInit = function() {\n        FB.init({\n          appId      : '{292213061927134}',\n          status     : true,\n\t\t  version:  'v2.7',\n          xfbml      : true\n        });\nFB.Event.subscribe('comment.create', function (response) {grabacom_compa(283077)});\t\nFB.Event.subscribe('comment.remove',  function (response) {grabacom_compa(283077)});\t\nFB.Event.subscribe('edge.create',  function (response) {grabacom_compa(283077)});\nFB.Event.subscribe('edge.remove',  function (response) {grabacom_compa(283077)});\n      };\n(function(d, s, id) {\n  var js, fjs = d.getElementsByTagName(s)[0];\n  if (d.getElementById(id)) return;\n  js = d.createElement(s); js.id = id;\n  js.src = \"\/\/connect.facebook.net\/es_LA\/sdk.js#xfbml=1&version=v2.7&appId=292213061927134\";\n  fjs.parentNode.insertBefore(js, fjs);\n}(document, 'script', 'facebook-jssdk'));\n    <\/script><br \/>\n<br \/><\/p>\n<p><em> &#8221; Fuentes www.poresto.net &#8221; <\/em><\/p>\n","protected":false},"excerpt":{"rendered":"<p>Este lunes en el que la Presidenta Municipal de Solidaridad, Laura Beristain Navarrete dar\u00e1 su tercer Informe de Gobierno a la sociedad playense deja mucho que desear, expres\u00f3 la encargada de un native de la principal zona comercial del municipio, Viviana Bacab al se\u00f1alar que, &#8220;remodelaron la Quinta Avenida de Playa del Carmen para convertirla [&hellip;]<\/p>\n","protected":false},"author":4,"featured_media":189907,"comment_status":"open","ping_status":"closed","sticky":false,"template":"","format":"standard","meta":{"om_disable_all_campaigns":false,"jnews-multi-image_gallery":[],"jnews_single_post":[],"jnews_primary_category":[],"jnews_social_meta":[],"footnotes":""},"categories":[39],"tags":[31567,15923,31565,1064,31566],"class_list":["post-189906","post","type-post","status-publish","format-standard","has-post-thumbnail","hentry","category-viajes","tag-laura-beristain","tag-medidas-anticovid","tag-quinta-avenida-playa-del-carmen","tag-quintana-roo","tag-remodelacion-de-la-quinta-avenida"],"_links":{"self":[{"href":"https:\/\/dimensionturistica.com\/es\/wp-json\/wp\/v2\/posts\/189906","targetHints":{"allow":["GET"]}}],"collection":[{"href":"https:\/\/dimensionturistica.com\/es\/wp-json\/wp\/v2\/posts"}],"about":[{"href":"https:\/\/dimensionturistica.com\/es\/wp-json\/wp\/v2\/types\/post"}],"author":[{"embeddable":true,"href":"https:\/\/dimensionturistica.com\/es\/wp-json\/wp\/v2\/users\/4"}],"replies":[{"embeddable":true,"href":"https:\/\/dimensionturistica.com\/es\/wp-json\/wp\/v2\/comments?post=189906"}],"version-history":[{"count":0,"href":"https:\/\/dimensionturistica.com\/es\/wp-json\/wp\/v2\/posts\/189906\/revisions"}],"wp:featuredmedia":[{"embeddable":true,"href":"https:\/\/dimensionturistica.com\/es\/wp-json\/wp\/v2\/media\/189907"}],"wp:attachment":[{"href":"https:\/\/dimensionturistica.com\/es\/wp-json\/wp\/v2\/media?parent=189906"}],"wp:term":[{"taxonomy":"category","embeddable":true,"href":"https:\/\/dimensionturistica.com\/es\/wp-json\/wp\/v2\/categories?post=189906"},{"taxonomy":"post_tag","embeddable":true,"href":"https:\/\/dimensionturistica.com\/es\/wp-json\/wp\/v2\/tags?post=189906"}],"curies":[{"name":"wp","href":"https:\/\/api.w.org\/{rel}","templated":true}]}}