{"id":189305,"date":"2021-09-12T08:48:54","date_gmt":"2021-09-12T08:48:54","guid":{"rendered":"https:\/\/dimensionturistica.com\/es\/?p=189305"},"modified":"2021-09-12T08:48:55","modified_gmt":"2021-09-12T08:48:55","slug":"los-viajes-de-negocios-cambiaron-por-la-pandemia-y-podrian-no-volver-a-ser-lo-mismo-tendencias","status":"publish","type":"post","link":"https:\/\/dimensionturistica.com\/es\/los-viajes-de-negocios-cambiaron-por-la-pandemia-y-podrian-no-volver-a-ser-lo-mismo-tendencias\/","title":{"rendered":"Los viajes de negocios cambiaron por la pandemia y podr\u00edan no volver a ser lo mismo | TENDENCIAS"},"content":{"rendered":"<p> <br \/>\n<\/p>\n<div id=\"\">\n<p itemprop=\"description\" class=\"story-content__font--secondary mb-25 title-xs line-h-md mt-20 secondary-font pr-20\"><b>Sylvia Burbery est\u00e1 encantada de no tener que pasar la mayor parte de su vida viajando por trabajo.<\/b><\/p>\n<p itemprop=\"description\" class=\"story-content__font--secondary mb-25 title-xs line-h-md mt-20 secondary-font pr-20\">\u201cEstoy agradecida de que la <a rel=\"nofollow noopener\" target=\"_blank\" itemprop=\"url\" href=\"https:\/\/gestion.pe\/noticias\/pandemia\/\"><b>pandemia <\/b><\/a>nos haya obligado a analizar formas de trabajo que d\u00e1bamos por sentadas\u201d, dijo la presidenta regional de mercados emergentes de la marca de productos para mascotas Royal Canin, de Mars.<\/p>\n<p itemprop=\"description\" class=\"story-content__font--secondary mb-25 title-xs line-h-md mt-20 secondary-font pr-20\">\u201cEstoy muy contenta de no volver a pasar el 80% de mi tiempo viajando. Ni siquiera estoy segura de que sea el 50%\u201d, sostuvo Burbery desde su oficina en Par\u00eds.<\/p>\n<p itemprop=\"description\" class=\"story-content__font--secondary mb-25 title-xs line-h-md mt-20 secondary-font pr-20\">Los sentimientos de Burbery se suman a los de trabajadores de todo el mundo que est\u00e1n cansados de la pesadez de los viajes empresariales. Aunque esto es una mala noticia para las aerol\u00edneas, los hoteles y los centros de conferencias que dependen de este lucrativo negocio.<\/p>\n<p itemprop=\"description\" class=\"story-content__font--secondary mb-25 title-xs line-h-md mt-20 secondary-font pr-20\">Mars, la empresa de refrigerios y alimentos para mascotas, ha declarado que su decisi\u00f3n de bajar los viajes a menos de la mitad de los niveles anteriores a la pandemia se debe a consideraciones de costos, medioambientales y de salud, lo que significa 145,000 vuelos menos al a\u00f1o.<\/p>\n<p itemprop=\"description\" class=\"story-content__font--secondary mb-25 title-xs line-h-md mt-20 secondary-font pr-20\">Nici Bush, vicepresidenta mundial de Mars para la transformaci\u00f3n del lugar de trabajo, dijo que la reducci\u00f3n de los viajes tambi\u00e9n podr\u00eda hacer que los puestos de alto nivel fueran m\u00e1s atractivos para las personas con familia.<\/p>\n<p itemprop=\"description\" class=\"story-content__font--secondary mb-25 title-xs line-h-md mt-20 secondary-font pr-20\">Dijo que 700 miembros del private podr\u00edan asistir a eventos de estrategia o ventas en l\u00ednea, en comparaci\u00f3n con las 100 personas que sol\u00edan reunirse en persona: \u201cPuedes ser realmente m\u00e1s preciso sobre cu\u00e1ndo viajar\u201d.<\/p>\n<p itemprop=\"description\" class=\"story-content__font--secondary mb-25 title-xs line-h-md mt-20 secondary-font pr-20\">Niklas Andreen, director de operaciones de la empresa international de gesti\u00f3n de viajes corporativos CWT, es consciente de que las perspectivas que el sector de los viajes de negocios se recupere r\u00e1pidamente a los niveles anteriores a la pandemia son escasas.<\/p>\n<p itemprop=\"description\" class=\"story-content__font--secondary mb-25 title-xs line-h-md mt-20 secondary-font pr-20\">Mientras que el 58% de los encuestados por CWT dicen que est\u00e1n dispuestos a reanudar los viajes con gastos pagados, las reservas s\u00f3lo se est\u00e1n recuperando gradualmente, con un 80% de los viajes nacionales ahora, en comparaci\u00f3n con el 67% antes de la pandemia en 2019.<\/p>\n<p itemprop=\"description\" class=\"story-content__font--secondary mb-25 title-xs line-h-md mt-20 secondary-font pr-20\">\u201cVan a pasar varios a\u00f1os antes que volvamos\u201d, a esos niveles, se\u00f1al\u00f3 Andreen.<\/p>\n<p itemprop=\"description\" class=\"story-content__font--secondary mb-25 title-xs line-h-md mt-20 secondary-font pr-20\">En una de las primeras pruebas del apetito de la comunidad empresarial por los encuentros globales, el Sal\u00f3n del Autom\u00f3vil de M\u00fanich en Alemania esta semana ha visto c\u00f3mo muchas grandes empresas automovil\u00edsticas como Toyota y Land Rover de Jaguar han optado por no acudir.<\/p>\n<p itemprop=\"description\" class=\"story-content__font--secondary mb-25 title-xs line-h-md mt-20 secondary-font pr-20\">La aerol\u00ednea alemana Lufthansa ha visto, sin embargo, c\u00f3mo la demanda de sus vuelos regionales entre Alemania, Austria, Suiza y B\u00e9lgica se ha disparado un 15% en las \u00faltimas semanas y ha aumentado un 30% en los vuelos dentro de Alemania, seg\u00fan ha declarado el jefe ejecutivo Carsten Spohr.<\/p>\n<p itemprop=\"description\" class=\"story-content__font--secondary mb-25 title-xs line-h-md mt-20 secondary-font pr-20\">Lufthansa est\u00e1 poniendo en marcha m\u00e1s vuelos para viajeros de negocios en septiembre, pero s\u00f3lo espera volver al 90% de los viajes anteriores a la pandemia a largo plazo.<\/p>\n<\/div>\n\n<p><em> &#8221; Fuentes gestion.pe &#8221; <\/em><\/p>\n","protected":false},"excerpt":{"rendered":"<p>Sylvia Burbery est\u00e1 encantada de no tener que pasar la mayor parte de su vida viajando por trabajo. \u201cEstoy agradecida de que la pandemia nos haya obligado a analizar formas de trabajo que d\u00e1bamos por sentadas\u201d, dijo la presidenta regional de mercados emergentes de la marca de productos para mascotas Royal Canin, de Mars. \u201cEstoy [&hellip;]<\/p>\n","protected":false},"author":4,"featured_media":189306,"comment_status":"open","ping_status":"closed","sticky":false,"template":"","format":"standard","meta":{"om_disable_all_campaigns":false,"jnews-multi-image_gallery":[],"jnews_single_post":[],"jnews_primary_category":[],"jnews_social_meta":[],"footnotes":""},"categories":[39],"tags":[55,626,545],"class_list":["post-189305","post","type-post","status-publish","format-standard","has-post-thumbnail","hentry","category-viajes","tag-coronavirus","tag-pandemia","tag-viajes"],"_links":{"self":[{"href":"https:\/\/dimensionturistica.com\/es\/wp-json\/wp\/v2\/posts\/189305","targetHints":{"allow":["GET"]}}],"collection":[{"href":"https:\/\/dimensionturistica.com\/es\/wp-json\/wp\/v2\/posts"}],"about":[{"href":"https:\/\/dimensionturistica.com\/es\/wp-json\/wp\/v2\/types\/post"}],"author":[{"embeddable":true,"href":"https:\/\/dimensionturistica.com\/es\/wp-json\/wp\/v2\/users\/4"}],"replies":[{"embeddable":true,"href":"https:\/\/dimensionturistica.com\/es\/wp-json\/wp\/v2\/comments?post=189305"}],"version-history":[{"count":0,"href":"https:\/\/dimensionturistica.com\/es\/wp-json\/wp\/v2\/posts\/189305\/revisions"}],"wp:featuredmedia":[{"embeddable":true,"href":"https:\/\/dimensionturistica.com\/es\/wp-json\/wp\/v2\/media\/189306"}],"wp:attachment":[{"href":"https:\/\/dimensionturistica.com\/es\/wp-json\/wp\/v2\/media?parent=189305"}],"wp:term":[{"taxonomy":"category","embeddable":true,"href":"https:\/\/dimensionturistica.com\/es\/wp-json\/wp\/v2\/categories?post=189305"},{"taxonomy":"post_tag","embeddable":true,"href":"https:\/\/dimensionturistica.com\/es\/wp-json\/wp\/v2\/tags?post=189305"}],"curies":[{"name":"wp","href":"https:\/\/api.w.org\/{rel}","templated":true}]}}