{"id":188788,"date":"2021-09-10T21:27:46","date_gmt":"2021-09-10T21:27:46","guid":{"rendered":"https:\/\/dimensionturistica.com\/es\/?p=188788"},"modified":"2021-09-10T21:27:47","modified_gmt":"2021-09-10T21:27:47","slug":"la-lucha-por-un-espacio-publico-con-mejor-movilidad","status":"publish","type":"post","link":"https:\/\/dimensionturistica.com\/es\/la-lucha-por-un-espacio-publico-con-mejor-movilidad\/","title":{"rendered":"la lucha por un espacio p\u00fablico con mejor movilidad"},"content":{"rendered":"<p> <br \/>\n<\/p>\n<div>\n<p><b>Una vida en silla de ruedas<\/b><\/p>\n<p>A Graciela Medina le gusta que le llamen Chelita, lleva siete de sus 73 a\u00f1os en silla de ruedas a causa de un tumor en la columna vertebral que le quit\u00f3 la posibilidad de caminar. Ella vive en la unidad habitacional Tlatelolco, un espacio en la Ciudad de M\u00e9xico proyectado por el arquitecto Mario Pani en 1960, que tiene 11 mil 916 departamentos en 102 edificios.<\/p>\n<p>Las \u00e1reas verdes y los andadores han permitido que Chelita pueda salir con su silla de ruedas a tomar el sol e incluso a escaparse con sus amigas a desayunar. \u201cO a una que otra fiestecita\u201d, cuenta en entrevista. Pero ejemplos de planeaci\u00f3n urbana como este, no son la regla en la ciudad.<\/p>\n<p>Su hija Sof\u00eda jam\u00e1s ha tenido coche, por lo que cuando ten\u00eda que salir con Chelita los primeros a\u00f1os de su discapacidad, lo hac\u00eda en transporte p\u00fablico. El Metro no fue una opci\u00f3n, pues aunque desde 2013 se han colocado elevadores en algunas estaciones, la mayor\u00eda de estos est\u00e1n dentro de las estaciones y para acceder a las mismas es necesario subir escaleras. Gastar additional en taxis ha sido una necesidad, pues los camiones o \u201cpeseros\u201d, son complicados para personas en su situaci\u00f3n; poder utilizarlos depende mucho de la buena voluntad de los conductores o la gente alrededor.<\/p>\n<p>\u201cYo estoy enamorada del Metrob\u00fas\u201d, cube Chelita. \u201cSiento que cuando readaptaron la L\u00ednea 1, lo hicieron para m\u00ed. Otro de mis hijos vive hasta el sur y para ir a verlo, nom\u00e1s me suben por las rampas, entramos y engancho mi silla hasta llegar all\u00e1\u201d, contin\u00faa.<\/p>\n<p>Lo que complica su movilidad es el mal estado de los espacios peatonales en las calles. \u201cEn Buenavista, las banquetas est\u00e1n para llorar, no se puede circular ni con ayuda, hay que bajarse a la calle y es peligroso. Siempre prometen que van a arreglar, pero arreglan las calles, las banquetas nunca\u201d, explica.<\/p>\n<p>Mar\u00eda ha cuidado a su pap\u00e1 desde hace m\u00e1s de 30 a\u00f1os, pero los \u00faltimos siete han sido m\u00e1s complicados por la senectud que conlleva la vida despu\u00e9s de los 90. Viven en la alcald\u00eda Xochimilco. Es el mismo caso el de Natividad, quien vive al norte de la ciudad y se ha hecho cargo de su padre durante los \u00faltimos cinco a\u00f1os. Ambas s\u00f3lo se desplazan en autom\u00f3vil specific o en taxi, pues al vivir en la periferia de la Ciudad de M\u00e9xico, el transporte p\u00fablico no es una opci\u00f3n para ellas.<\/p>\n<p><b>Ciudad de M\u00e9xico en remodelaci\u00f3n<\/b><\/p>\n<p>Rodrigo D\u00edaz, subsecretario de la Secretar\u00eda de Movilidad de la Ciudad de M\u00e9xico (Semovi), asegura en entrevista que dado que la mayor\u00eda de las personas cuidadoras son mujeres, un compromiso que tiene es \u201cgarantizar la accesibilidad de todas al transporte y espacio p\u00fablico\u201d.<\/p>\n<p>\u201cAqu\u00ed claramente existe un rezago de a\u00f1os, porque esto antes no se consideraba un tema importante y la ciudad se llen\u00f3 de barreras, esto no s\u00f3lo ha sucedido aqu\u00ed sino a nivel mundial. Con el Metrob\u00fas estamos logrando tener un transporte casi 100 por ciento accesible, a\u00fan faltan estaciones como La Raza\u201d, explica D\u00edaz.<\/p>\n<p>En el caso de los transportes el\u00e9ctricos RTP, el Gobierno de la Ciudad de M\u00e9xico est\u00e1 reemplazando las unidades porque no eran accesibles para personas adultas mayores y en silla de ruedas. Para el caso de transporte concesionado, privado, el funcionario advierte que el cambio va a ser m\u00e1s lento.<\/p>\n<p>\u201cAlgo que hemos pensado es que no ha sido suficiente adaptar los transportes, sino la accesibilidad a estos\u201d, comenta. Un ejemplo son los trenes elevados, donde los puentes se cambiar\u00e1n por cruces a nivel y rampas. \u201cEl dise\u00f1o es precisamente para que la gente no necesite una ayuda extra\u201d, agrega D\u00edaz.<\/p>\n<p>Actualmente, hay dos transportes nuevos en la capital: el Cableb\u00fas y el troleb\u00fas elevado. Desde su construcci\u00f3n fueron planeados pensando en las personas con alguna discapacidad y quienes les cuidan. \u201cTodos tienen elevador, hay un sistema de mantenimiento importante\u201d, afirma el subsecretario.<\/p>\n<p>La remodelaci\u00f3n de los Centros de Transmisi\u00f3n Modal, Cetrams, mejor conocidos como \u201cparaderos\u201d, son un compromiso de la jefa de Gobierno de la Ciudad de M\u00e9xico, Claudia Sheinbaum, hacia 2024, pues son puntos donde confluyen diversos transportes p\u00fablicos que conectan con la periferia.<\/p>\n<p>\u201cLa mejora de los Cetrams es un gran tema pendiente. Son espacios considerados inseguros, oscuros, claramente no muy bien administrados donde estamos practicando intervenciones como instalaci\u00f3n de luminarias para mayor seguridad. Ya estamos en Cetram Pantitl\u00e1n (el m\u00e1s grande y m\u00e1s complejo), y en camino est\u00e1 el de Universidad, Taxque\u00f1a y propuestas de nuevos Centrams en Indios Verdes, San L\u00e1zaro y Tacubaya\u201d, cube D\u00edaz.<\/p>\n<p>En cuanto a espacio p\u00fablico como banquetas y andadores, el subsecretario reconoce que falta trabajar m\u00e1s pero pone como ejemplo de lo que se desea hacer a la remodelaci\u00f3n de Avenida Chapultepec. \u201cDejamos de tener barreras para permitir la correcta y adecuada circulaci\u00f3n de personas, donde pueden cruzar de manera segura. El rezago es gigantesco y tomar\u00e1 varias generaciones para lograrlo, pero al menos estamos frenando la ocurrencia de nuevas barreras urbanas\u201d, explica.<\/p>\n<\/p><\/div>\n<p><script>\n    window.fbAsyncInit = function() {\n        FB.init({\n                appId : '777317472403233',\n            cookie     : true,\n            xfbml      : true,\n            version    : 'v8.0'\n        });\n        FB.AppEvents.logPageView();\n    };\n    (function(d, s, id){\n        var js, fjs = d.getElementsByTagName(s)[0];\n        if (d.getElementById(id)) {return;}\n        js = d.createElement(s); js.id = id;\n        js.src = \"https:\/\/connect.facebook.net\/en_US\/sdk.js\";\n        fjs.parentNode.insertBefore(js, fjs);\n    }(document, 'script', 'facebook-jssdk'));\n<\/script><br \/>\n<br \/><\/p>\n<p><em> &#8221; Fuentes mujeres.expansion.mx &#8221; <\/em><\/p>\n","protected":false},"excerpt":{"rendered":"<p>Una vida en silla de ruedas A Graciela Medina le gusta que le llamen Chelita, lleva siete de sus 73 a\u00f1os en silla de ruedas a causa de un tumor en la columna vertebral que le quit\u00f3 la posibilidad de caminar. Ella vive en la unidad habitacional Tlatelolco, un espacio en la Ciudad de M\u00e9xico [&hellip;]<\/p>\n","protected":false},"author":4,"featured_media":188789,"comment_status":"open","ping_status":"closed","sticky":false,"template":"","format":"standard","meta":{"om_disable_all_campaigns":false,"jnews-multi-image_gallery":[],"jnews_single_post":[],"jnews_primary_category":[],"jnews_social_meta":[],"footnotes":""},"categories":[39],"tags":[707,31432,31431,31433],"class_list":["post-188788","post","type-post","status-publish","format-standard","has-post-thumbnail","hentry","category-viajes","tag-actualidad","tag-ciudades-feministas","tag-movilidad-mujeres","tag-mujeres-transporte"],"_links":{"self":[{"href":"https:\/\/dimensionturistica.com\/es\/wp-json\/wp\/v2\/posts\/188788","targetHints":{"allow":["GET"]}}],"collection":[{"href":"https:\/\/dimensionturistica.com\/es\/wp-json\/wp\/v2\/posts"}],"about":[{"href":"https:\/\/dimensionturistica.com\/es\/wp-json\/wp\/v2\/types\/post"}],"author":[{"embeddable":true,"href":"https:\/\/dimensionturistica.com\/es\/wp-json\/wp\/v2\/users\/4"}],"replies":[{"embeddable":true,"href":"https:\/\/dimensionturistica.com\/es\/wp-json\/wp\/v2\/comments?post=188788"}],"version-history":[{"count":0,"href":"https:\/\/dimensionturistica.com\/es\/wp-json\/wp\/v2\/posts\/188788\/revisions"}],"wp:featuredmedia":[{"embeddable":true,"href":"https:\/\/dimensionturistica.com\/es\/wp-json\/wp\/v2\/media\/188789"}],"wp:attachment":[{"href":"https:\/\/dimensionturistica.com\/es\/wp-json\/wp\/v2\/media?parent=188788"}],"wp:term":[{"taxonomy":"category","embeddable":true,"href":"https:\/\/dimensionturistica.com\/es\/wp-json\/wp\/v2\/categories?post=188788"},{"taxonomy":"post_tag","embeddable":true,"href":"https:\/\/dimensionturistica.com\/es\/wp-json\/wp\/v2\/tags?post=188788"}],"curies":[{"name":"wp","href":"https:\/\/api.w.org\/{rel}","templated":true}]}}