{"id":188289,"date":"2021-09-09T23:34:39","date_gmt":"2021-09-09T23:34:39","guid":{"rendered":"https:\/\/dimensionturistica.com\/es\/?p=188289"},"modified":"2021-09-09T23:34:40","modified_gmt":"2021-09-09T23:34:40","slug":"reino-unido-estudia-eliminar-el-semaforo-para-los-viajes","status":"publish","type":"post","link":"https:\/\/dimensionturistica.com\/es\/reino-unido-estudia-eliminar-el-semaforo-para-los-viajes\/","title":{"rendered":"Reino Unido estudia eliminar el sem\u00e1foro para los viajes"},"content":{"rendered":"<p> <br \/>\n<\/p>\n<div itemprop=\"articleBody\" data-size=\"3\">\n<p>El famoso y temido<strong> sem\u00e1foro del Reino Unido<\/strong> podr\u00eda desaparecer a partir del pr\u00f3ximo mes de octubre. La mayor\u00eda de medios brit\u00e1nicos ya dieron ayer la noticia por hecha, pendiente a\u00fan de confirmaci\u00f3n oficial.<\/p>\n<p>El sem\u00e1foro establece <strong>tres categor\u00edas<\/strong> para los destinos \u2013verde, \u00e1mbar y rojo\u2013, en funci\u00f3n de la situaci\u00f3n epidemiol\u00f3gica en que se encuentran. Estar en uno u otro colour determina los requisitos que deben cumplir los brit\u00e1nicos a su regreso, entre los que se incluye la cuarentena obligatoria.<\/p>\n<p>El Gobierno brit\u00e1nico ha<strong> revisado el sem\u00e1foro <\/strong>cada tres semanas a lo largo del verano, lo que ha mantenido en vilo tanto al sector tur\u00edstico como a sus propios residentes, pendientes de reservar o no sus vacaciones. Balears fue la primera comunidad de Espa\u00f1a que logr\u00f3 entrar en la lista verde el 24 de junio, condici\u00f3n que cambi\u00f3 debido a la evoluci\u00f3n epidemiol\u00f3gica negativa en las Islas en las semanas siguientes. Sin embargo, y pese a estar en \u00e1mbar, el gobierno brit\u00e1nico permiti\u00f3 que sus ciudadanos con la pauta completa de vacunaci\u00f3n quedaran excluidos de la cuarentena.<\/p>\n<p>El turismo brit\u00e1nico representa el segundo mayor <strong>mercado emisor para Baleares<\/strong>, por lo que la eliminaci\u00f3n del sem\u00e1foro representar\u00eda una buena noticia para el sector tur\u00edstico de las Islas. Si bien la temporada alta est\u00e1 a punto de finalizar, unas condiciones m\u00e1s claras para los brit\u00e1nicos a la hora de viajar permitir\u00eda alargar la temporada, uno de los objetivos tanto del Govern como del sector.<\/p>\n<p>Pese a eliminar el sem\u00e1foro, el Gobierno brit\u00e1nico establecer\u00eda un nuevo sistema para clasificar los destinos a los que viajasen sus ciudadanos. Se baraja la posibilidad de fijar unas condiciones m\u00e1s basadas en la vacunaci\u00f3n que en la <strong>situaci\u00f3n epidemiol\u00f3gica<\/strong>, como hasta ahora. En este sentido, cabe destacar la buena situaci\u00f3n en que se encuentran tanto Balears como Espa\u00f1a, con uno de los porcentajes m\u00e1s altos de ciudadanos con la doble pauta de vacunaci\u00f3n.<\/p>\n<p>El sem\u00e1foro brit\u00e1nico ha sido muy criticado por la <strong>industria tur\u00edstica del pa\u00eds<\/strong>, as\u00ed como por la ciudadan\u00eda. Adem\u00e1s de cuestionar los criterios, tambi\u00e9n ha generado una gran incertidumbre.<\/p>\n<p>Otra de las cuestiones que tambi\u00e9n <strong>ha generado rechazo<\/strong>, es que los ciudadanos que regresan de un destino en \u00e1mbar, caso de Balears, deben someterse a un check cuando vuelven al Reino Unido pese a estar vacunados. Este requisito supone unos costes additional que ha provocado que muchos ciudadanos hayan optado por no viajar a destinos en \u00e1mbar.<\/p>\n<\/div>\n\n<p><em> &#8221; Fuentes www.menorca.info &#8221; <\/em><\/p>\n","protected":false},"excerpt":{"rendered":"<p>El famoso y temido sem\u00e1foro del Reino Unido podr\u00eda desaparecer a partir del pr\u00f3ximo mes de octubre. La mayor\u00eda de medios brit\u00e1nicos ya dieron ayer la noticia por hecha, pendiente a\u00fan de confirmaci\u00f3n oficial. El sem\u00e1foro establece tres categor\u00edas para los destinos \u2013verde, \u00e1mbar y rojo\u2013, en funci\u00f3n de la situaci\u00f3n epidemiol\u00f3gica en que se [&hellip;]<\/p>\n","protected":false},"author":4,"featured_media":188290,"comment_status":"open","ping_status":"closed","sticky":false,"template":"","format":"standard","meta":{"om_disable_all_campaigns":false,"jnews-multi-image_gallery":[],"jnews_single_post":[],"jnews_primary_category":[],"jnews_social_meta":[],"footnotes":""},"categories":[39],"tags":[705],"class_list":["post-188289","post","type-post","status-publish","format-standard","has-post-thumbnail","hentry","category-viajes","tag-noticias"],"_links":{"self":[{"href":"https:\/\/dimensionturistica.com\/es\/wp-json\/wp\/v2\/posts\/188289","targetHints":{"allow":["GET"]}}],"collection":[{"href":"https:\/\/dimensionturistica.com\/es\/wp-json\/wp\/v2\/posts"}],"about":[{"href":"https:\/\/dimensionturistica.com\/es\/wp-json\/wp\/v2\/types\/post"}],"author":[{"embeddable":true,"href":"https:\/\/dimensionturistica.com\/es\/wp-json\/wp\/v2\/users\/4"}],"replies":[{"embeddable":true,"href":"https:\/\/dimensionturistica.com\/es\/wp-json\/wp\/v2\/comments?post=188289"}],"version-history":[{"count":0,"href":"https:\/\/dimensionturistica.com\/es\/wp-json\/wp\/v2\/posts\/188289\/revisions"}],"wp:featuredmedia":[{"embeddable":true,"href":"https:\/\/dimensionturistica.com\/es\/wp-json\/wp\/v2\/media\/188290"}],"wp:attachment":[{"href":"https:\/\/dimensionturistica.com\/es\/wp-json\/wp\/v2\/media?parent=188289"}],"wp:term":[{"taxonomy":"category","embeddable":true,"href":"https:\/\/dimensionturistica.com\/es\/wp-json\/wp\/v2\/categories?post=188289"},{"taxonomy":"post_tag","embeddable":true,"href":"https:\/\/dimensionturistica.com\/es\/wp-json\/wp\/v2\/tags?post=188289"}],"curies":[{"name":"wp","href":"https:\/\/api.w.org\/{rel}","templated":true}]}}