{"id":187363,"date":"2021-09-08T16:15:50","date_gmt":"2021-09-08T16:15:50","guid":{"rendered":"https:\/\/dimensionturistica.com\/es\/?p=187363"},"modified":"2021-09-08T16:15:50","modified_gmt":"2021-09-08T16:15:50","slug":"nace-alvelal-foods-en-organic-food-iberia-para-la-comercializacion-de-productos-ecologicos-y-regenerativos-de-suelo-y-paisaje","status":"publish","type":"post","link":"https:\/\/dimensionturistica.com\/es\/nace-alvelal-foods-en-organic-food-iberia-para-la-comercializacion-de-productos-ecologicos-y-regenerativos-de-suelo-y-paisaje\/","title":{"rendered":"Nace AlVelAl Foods en Organic Food Iberia, para la comercializaci\u00f3n de productos ecol\u00f3gicos y regenerativos de suelo y paisaje"},"content":{"rendered":"<p> <br \/>\n<\/p>\n<div>\n<p>La nueva asociaci\u00f3n para la comercializaci\u00f3n de productos ecol\u00f3gicos y regenerativos de suelo y paisaje, <a target=\"_blank\" href=\"https:\/\/alvelalfoods.org\/\" rel=\"noopener\">AlVelAl Foods<\/a>, nace en el marco incomparable de <a target=\"_blank\" href=\"https:\/\/agroinformacion.com\/?s=ORGANIC+FOOD\" rel=\"noopener\">Organic Food Iberia 2021.<\/a><\/p>\n<p>El nuevo caso de negocio, promovido por la asociaci\u00f3n AlVelAl, tiene como objetivo la comercializaci\u00f3n de productos de diferentes marcas de productos ecol\u00f3gicos que comparten una misma filosof\u00eda, la regeneraci\u00f3n del territorio AlVelAl.<\/p>\n<p>Frutos secos, Aceite de Oliva Virgen Additional, Alcaparras, Vino, Cordero Segure\u00f1o IGP, Hierbas Arom\u00e1ticas, Frutas y Hortalizas; son algunos de los productos que se comercializar\u00e1n a partir del 31 de octubre a trav\u00e9s de su p\u00e1gina internet www.avelalfoods.org.<\/p>\n<p>De esta manera, las empresas productoras de AlVelAl pretenden aunar fuerzas para hacer frente a los principales retos a los que se enfrenta el territorio, erosi\u00f3n de suelos, desertificaci\u00f3n, cambio clim\u00e1tico, falta de oportunidades y despoblamiento rural. Todo ello a trav\u00e9s de una forma de producci\u00f3n que restaura suelos, fomenta la biodiversidad y la restauraci\u00f3n de ecosistemas, diversificando la econom\u00eda y generando un paisaje sano e inspirador.<\/p>\n<blockquote>\n<p><em><strong>UNA COMUNIDAD DE PRODUCTORES<\/strong><\/em><\/p>\n<\/blockquote>\n<p>AlVelAl Meals la componen agricultores y ganaderos que trabajan con un objetivo com\u00fan, la restauraci\u00f3n y el desarrollo sostenible del territorio, a trav\u00e9s de t\u00e9cnicas agr\u00edcolas regenerativas de suelo y paisaje, con especial atenci\u00f3n a los suelos, a la gesti\u00f3n sostenible del agua, al fomento de la biodiversidad y la captura de di\u00f3xido de carbono.<\/p>\n<p>Seis son las empresas fundadoras de esta nueva comercializadora, La Almendrehesa S.L., H\u00e1bitat, la Sabina Milenaria, Integrasol, Bodega Jabalc\u00f3n y Cortesano. Comercializando, en un primer momento, Frutos Secos, Vino, Aceite de Oliva Virgen Additional y Alcaparras.<\/p>\n<p>AlVelAl Meals ofrece a sus agricultores y ganaderos un precio justo por sus productos, y junto a la asociaci\u00f3n AlVelAl, acompa\u00f1amiento y asesoramiento para la puesta en marcha de t\u00e9cnicas agr\u00edcolas restauradoras de suelo y paisaje. De la misma manera, garantiza al consumidor la trazabilidad de sus productos; y la sostenibilidad y compromiso de sus empresas a trav\u00e9s de la evaluaci\u00f3n de las fincas productoras y la homologaci\u00f3n Empresas 4 Retornos, con la que cuenta la asociaci\u00f3n.<\/p>\n<p>Una comunidad que espera seguir creciendo con nuevas<a target=\"_blank\" href=\"https:\/\/agroinformacion.com\/category\/calidad\/produccion-ecologica\/\" rel=\"noopener\"> empresas ecol\u00f3gicas<\/a> que quieran sumar esfuerzos y reafirmar su compromiso con el medio ambiente a trav\u00e9s de la restauraci\u00f3n de ecosistemas, as\u00ed como ofrecer nuevos productos que ayuden a la regeneraci\u00f3n social, pure y econ\u00f3mica del territorio.<\/p>\n<\/p><\/div>\n\n<p><em> \u2018 The preceding article may include information circulated by third parties \u2019 <\/em><\/p>\n<p><em> \u2018 Some details of this article were extracted from the following source agroinformacion.com \u2019 <\/em><\/p>\n","protected":false},"excerpt":{"rendered":"<p>La nueva asociaci\u00f3n para la comercializaci\u00f3n de productos ecol\u00f3gicos y regenerativos de suelo y paisaje, AlVelAl Foods, nace en el marco incomparable de Organic Food Iberia 2021. El nuevo caso de negocio, promovido por la asociaci\u00f3n AlVelAl, tiene como objetivo la comercializaci\u00f3n de productos de diferentes marcas de productos ecol\u00f3gicos que comparten una misma filosof\u00eda, [&hellip;]<\/p>\n","protected":false},"author":2,"featured_media":187364,"comment_status":"open","ping_status":"closed","sticky":false,"template":"","format":"standard","meta":{"om_disable_all_campaigns":false,"jnews-multi-image_gallery":[],"jnews_single_post":[],"jnews_primary_category":[],"jnews_social_meta":[],"footnotes":""},"categories":[43],"tags":[],"class_list":["post-187363","post","type-post","status-publish","format-standard","has-post-thumbnail","hentry","category-gourmet"],"_links":{"self":[{"href":"https:\/\/dimensionturistica.com\/es\/wp-json\/wp\/v2\/posts\/187363","targetHints":{"allow":["GET"]}}],"collection":[{"href":"https:\/\/dimensionturistica.com\/es\/wp-json\/wp\/v2\/posts"}],"about":[{"href":"https:\/\/dimensionturistica.com\/es\/wp-json\/wp\/v2\/types\/post"}],"author":[{"embeddable":true,"href":"https:\/\/dimensionturistica.com\/es\/wp-json\/wp\/v2\/users\/2"}],"replies":[{"embeddable":true,"href":"https:\/\/dimensionturistica.com\/es\/wp-json\/wp\/v2\/comments?post=187363"}],"version-history":[{"count":0,"href":"https:\/\/dimensionturistica.com\/es\/wp-json\/wp\/v2\/posts\/187363\/revisions"}],"wp:featuredmedia":[{"embeddable":true,"href":"https:\/\/dimensionturistica.com\/es\/wp-json\/wp\/v2\/media\/187364"}],"wp:attachment":[{"href":"https:\/\/dimensionturistica.com\/es\/wp-json\/wp\/v2\/media?parent=187363"}],"wp:term":[{"taxonomy":"category","embeddable":true,"href":"https:\/\/dimensionturistica.com\/es\/wp-json\/wp\/v2\/categories?post=187363"},{"taxonomy":"post_tag","embeddable":true,"href":"https:\/\/dimensionturistica.com\/es\/wp-json\/wp\/v2\/tags?post=187363"}],"curies":[{"name":"wp","href":"https:\/\/api.w.org\/{rel}","templated":true}]}}