{"id":187153,"date":"2021-09-08T03:24:50","date_gmt":"2021-09-08T03:24:50","guid":{"rendered":"https:\/\/dimensionturistica.com\/es\/?p=187153"},"modified":"2021-09-08T03:24:50","modified_gmt":"2021-09-08T03:24:50","slug":"pia-leon-la-latina-que-es-mejor-chef-del-mundo-por-los-50-best-2021","status":"publish","type":"post","link":"https:\/\/dimensionturistica.com\/es\/pia-leon-la-latina-que-es-mejor-chef-del-mundo-por-los-50-best-2021\/","title":{"rendered":"P\u00eda Le\u00f3n, la latina que es Mejor chef del mundo por los 50 Best 2021"},"content":{"rendered":"<p> <br \/>\n<\/p>\n<div id=\"\">\n<p> <img decoding=\"async\" src=\"data:image\/png;base64,iVBORw0KGgoAAAANSUhEUgAAAAEAAAABCAQAAAC1HAwCAAAAC0lEQVR42mNkYAAAAAYAAjCB0C8AAAAASUVORK5CYII=\" style=\"position: absolute\" elementtiming=\"TTVR.ArticleContent\"\/><\/p>\n<p>La mejor chef del mundo 2021 es mujer y es <strong>P\u00eda Le\u00f3n<\/strong>. De acuerdo con la organizaci\u00f3n <strong><em>The World\u2019s Finest Eating places<\/em><\/strong>, la peruana que dirige el restaurante lime\u00f1o Kjolle es la\u00a0<strong><em>Finest Feminine Chef 2021<\/em><\/strong>. P\u00eda se enfrent\u00f3 a los estereotipos de g\u00e9nero que permanecen en el \u00e1mbito gastron\u00f3mico, as\u00ed como a los retos por la pandemia por covid-19 y aqu\u00ed te contamos c\u00f3mo lo hizo.<\/p>\n<p> <span class=\"storyimage fullwidth inlineimage\" data-aop=\"image\"><br \/>\n<span class=\"image\" data-attrib=\"Foto Gourmet de M\u00e9xico: Vive el placer de la gastronom\u00eda.\" data-caption=\"pia-leon-50-worlds-best-restaurants\" data-id=\"97\" data-m=\"{&quot;i&quot;:97,&quot;p&quot;:96,&quot;n&quot;:&quot;openModal&quot;,&quot;t&quot;:&quot;articleImages&quot;,&quot;o&quot;:1}\"><br \/>\n <img decoding=\"async\" alt=\"pia-leon-50-worlds-best-restaurants\" src=\"https:\/\/www.msn.com\/es-mx\/recetas\/noticias\/p%C3%ADa-le%C3%B3n-la-latina-que-es-mejor-chef-del-mundo-por-los-50-best-2021\/{&quot;default&quot;:{&quot;load&quot;:&quot;default&quot;,&quot;w&quot;:&quot;80&quot;,&quot;h&quot;:&quot;61&quot;,&quot;src&quot;:&quot;\/\/img-s-msn-com.akamaized.net\/tenant\/amp\/entityid\/AAOcm1E.img?h=612&amp;w=799&amp;m=6&amp;q=60&amp;o=f&amp;l=f&amp;x=548&amp;y=381&quot;},&quot;size3column&quot;:{&quot;load&quot;:&quot;default&quot;,&quot;w&quot;:&quot;62&quot;,&quot;h&quot;:&quot;48&quot;,&quot;src&quot;:&quot;\/\/img-s-msn-com.akamaized.net\/tenant\/amp\/entityid\/AAOcm1E.img?h=478&amp;w=624&amp;m=6&amp;q=60&amp;o=f&amp;l=f&amp;x=548&amp;y=381&quot;},&quot;size2column&quot;:{&quot;load&quot;:&quot;default&quot;,&quot;w&quot;:&quot;62&quot;,&quot;h&quot;:&quot;48&quot;,&quot;src&quot;:&quot;\/\/img-s-msn-com.akamaized.net\/tenant\/amp\/entityid\/AAOcm1E.img?h=478&amp;w=624&amp;m=6&amp;q=60&amp;o=f&amp;l=f&amp;x=548&amp;y=381&quot;}}\"\/><br \/>\n<\/span><br \/>\n<span class=\"caption truncate\"><br \/>\n <span class=\"attribution\">\u00a9 Foto Connoisseur de M\u00e9xico: Vive el placer de la gastronom\u00eda.<\/span><br \/>\n pia-leon-50-worlds-best-restaurants<br \/>\n<\/span><br \/>\n<\/span><\/p>\n<p>Por <a target=\"_blank\" href=\"https:\/\/www.instagram.com\/yuly_nicol\/\" data-id=\"99\" data-m=\"{&quot;i&quot;:99,&quot;p&quot;:96,&quot;n&quot;:&quot;partnerLink&quot;,&quot;y&quot;:24,&quot;o&quot;:3}\" rel=\"noopener\">Yulissa Arcos<\/a><\/p>\n<p>El sabor peruano es enaltecido a trav\u00e9s de la saz\u00f3n de <strong>P\u00eda Le\u00f3n<\/strong>, quien fusiona su cocina madre con ingredientes andinos y amaz\u00f3nicos. Con m\u00e1s de 15 a\u00f1os de trayectoria, encabezar el <strong>Kjolle<\/strong> no es su \u00fanico reto; lo es tambi\u00e9n la desigualdad de g\u00e9nero y la precise emergencia sanitaria por COVID-19.<\/p>\n<h2><strong>Desigualdad gastron\u00f3mica <\/strong><\/h2>\n<p>En Am\u00e9rica Latina la desigualdad de g\u00e9nero se ha postrado en distintas \u00e1reas de desarrollo; la gastronom\u00eda no es la excepci\u00f3n. Al igual que otras compa\u00f1eras del gremio, P\u00eda se posiciona como la mejor frente los reconocimientos m\u00e1s prestigiados de la alta cocina.<\/p>\n<p><strong>No te pierdas:\u00a0<a target=\"_blank\" href=\"https:\/\/gourmetdemexico.com.mx\/comida-y-cultura\/conoce-a-susana-palazuelos-la-chef-que-cocino-a-la-reina-isabel\/\" data-id=\"101\" data-m=\"{&quot;i&quot;:101,&quot;p&quot;:96,&quot;n&quot;:&quot;partnerLink&quot;,&quot;y&quot;:24,&quot;o&quot;:5}\" rel=\"noopener\">Conoce a Susana Palazuelos, la chef que le cocin\u00f3 a la reina Isabel<\/a><\/strong><\/p>\n<p>Cabe recordar que su formaci\u00f3n como cocinera se realiz\u00f3 en el <strong>Instituto Le Cordon Bleu<\/strong> de Lima, Per\u00fa; sus primeros pasos fueron en el <strong>Restaurante Central<\/strong>, junto al chef Virgilio Mart\u00ednez,\u00a0y aunque period la \u00fanica <strong>mujer<\/strong> se convirti\u00f3 en jefa de cocina durante un largo periodo. Pronto el lugar se posicion\u00f3 como uno de los 50 mejores de Latinoam\u00e9rica.<\/p>\n<p>Con respecto a los galardonados de <em>The World\u2019s Finest Eating places<\/em>, P\u00eda considera que no deber\u00edan existir diferencias entre hombres y mujeres. Adem\u00e1s, su nombramiento difundir\u00e1 la labor de las mujeres en la gastronom\u00eda y servir\u00e1 de motivaci\u00f3n para personas de la industria.<\/p>\n<h2><strong>La disaster restaurantera <\/strong><\/h2>\n<p>Para 2018, P\u00eda emprendi\u00f3 su propio proyecto: <strong>Kjolle<\/strong>, donde sus concepts y saz\u00f3n se materializaron. El objetivo period claro: el sabor de Per\u00fa, los Andes y la Amazonia vibrando en un mismo plato. Un a\u00f1o m\u00e1s tarde, Le\u00f3n logr\u00f3 ocupar el lugar 21 en los <strong><em>Latin America\u2019s 50 Finest Eating places<\/em><\/strong>.<\/p>\n<blockquote class=\"twitter-tweet\">\n<p>Nuevo en la lista: Kjolle (Lima, Per\u00fa) en la posici\u00f3n #21. <a target=\"_blank\" href=\"https:\/\/twitter.com\/hashtag\/LatAm50Best?src=hash&amp;ref_src=twsrc%5Etfw\" data-id=\"102\" data-m=\"{&quot;i&quot;:102,&quot;p&quot;:96,&quot;n&quot;:&quot;partnerLink&quot;,&quot;y&quot;:24,&quot;o&quot;:6}\" rel=\"noopener\">#LatAm50Best<\/a> <a target=\"_blank\" href=\"https:\/\/t.co\/xB6jM8Dxhx\" data-id=\"103\" data-m=\"{&quot;i&quot;:103,&quot;p&quot;:96,&quot;n&quot;:&quot;partnerLink&quot;,&quot;y&quot;:24,&quot;o&quot;:7}\" rel=\"noopener\">pic.twitter.com\/xB6jM8Dxhx<\/a><\/p>\n<p>\u2014 Connoisseur de M\u00e9xico (@gourmetdemexico) <a target=\"_blank\" href=\"https:\/\/twitter.com\/gourmetdemexico\/status\/1182459023968423937?ref_src=twsrc%5Etfw\" data-id=\"104\" data-m=\"{&quot;i&quot;:104,&quot;p&quot;:96,&quot;n&quot;:&quot;partnerLink&quot;,&quot;y&quot;:24,&quot;o&quot;:8}\" rel=\"noopener\">October 11, 2019<\/a><\/p>\n<\/blockquote>\n<p>Al igual que otros establecimientos de comida, <strong>Kjolle<\/strong> sufri\u00f3 los efectos colaterales de la pandemia: la clientela disminuy\u00f3 notablemente y el restaurante, que apenas llevaba un a\u00f1o de apertura, fren\u00f3 su desarrollo. A pesar de ello, se continu\u00f3 sirviendo en modalidad <em>supply<\/em>.<\/p>\n<div class=\"wp-caption alignnone\">\n<p class=\"wp-caption-text\">Foto de Twitter\/@ElPeruEnMex<\/p>\n<p> <span class=\"storyimage fullwidth inlineimage\" data-aop=\"image\"><br \/>\n<span class=\"image\" data-attrib=\"Foto Gourmet de M\u00e9xico: Vive el placer de la gastronom\u00eda.\" data-caption=\"P\u00eda Le\u00f3n, la latina que es Mejor chef del mundo por los 50 Best 2021 0\" data-id=\"98\" data-m=\"{&quot;i&quot;:98,&quot;p&quot;:96,&quot;n&quot;:&quot;openModal&quot;,&quot;t&quot;:&quot;articleImages&quot;,&quot;o&quot;:2}\"><br \/>\n <img decoding=\"async\" alt=\"P\u00eda Le\u00f3n, la latina que es Mejor chef del mundo por los 50 Best 2021 0\" src=\"https:\/\/www.msn.com\/es-mx\/recetas\/noticias\/p%C3%ADa-le%C3%B3n-la-latina-que-es-mejor-chef-del-mundo-por-los-50-best-2021\/{&quot;default&quot;:{&quot;load&quot;:&quot;default&quot;,&quot;w&quot;:&quot;80&quot;,&quot;h&quot;:&quot;61&quot;,&quot;src&quot;:&quot;\/\/img-s-msn-com.akamaized.net\/tenant\/amp\/entityid\/AAOc8rQ.img?h=612&amp;w=799&amp;m=6&amp;q=60&amp;o=f&amp;l=f&quot;},&quot;size3column&quot;:{&quot;load&quot;:&quot;default&quot;,&quot;w&quot;:&quot;62&quot;,&quot;h&quot;:&quot;48&quot;,&quot;src&quot;:&quot;\/\/img-s-msn-com.akamaized.net\/tenant\/amp\/entityid\/AAOc8rQ.img?h=478&amp;w=624&amp;m=6&amp;q=60&amp;o=f&amp;l=f&quot;},&quot;size2column&quot;:{&quot;load&quot;:&quot;default&quot;,&quot;w&quot;:&quot;62&quot;,&quot;h&quot;:&quot;48&quot;,&quot;src&quot;:&quot;\/\/img-s-msn-com.akamaized.net\/tenant\/amp\/entityid\/AAOc8rQ.img?h=478&amp;w=624&amp;m=6&amp;q=60&amp;o=f&amp;l=f&quot;}}\"\/><br \/>\n<\/span><br \/>\n<span class=\"caption truncate\"><br \/>\n <span class=\"attribution\">\u00a9 Foto Connoisseur de M\u00e9xico: Vive el placer de la gastronom\u00eda.<\/span><br \/>\n P\u00eda Le\u00f3n, la latina que es Mejor chef del mundo por los 50 Finest 2021 0<br \/>\n<\/span><br \/>\n<\/span>\n<\/div>\n<p><strong>Ve tambi\u00e9n:\u00a0<a target=\"_blank\" href=\"https:\/\/gourmetdemexico.com.mx\/comida-y-cultura\/yuri-de-gortari-el-chef-que-defendio-la-identidad-culinaria\/\" data-id=\"105\" data-m=\"{&quot;i&quot;:105,&quot;p&quot;:96,&quot;n&quot;:&quot;partnerLink&quot;,&quot;y&quot;:24,&quot;o&quot;:9}\" rel=\"noopener\">Yuri de Gortari, el chef que defendi\u00f3 la identidad culinaria<\/a><\/strong><\/p>\n<p>La opci\u00f3n de terminar con el negocio s\u00ed pas\u00f3 por las mentes de P\u00eda y su esposo, quienes trabajaban junto a 80 personas m\u00e1s. Y aunque conseguir los insumos de cocina y mantener los protocolos de sanidad bajo management no fue f\u00e1cil, lo pudieron lograr. Ahora se encuentran m\u00e1s estables y activos.<\/p>\n<h2><strong>Fusi\u00f3n cultural <\/strong><\/h2>\n<p>A unas semanas de que sea galardonada, P\u00eda Le\u00f3n contin\u00faa trabajando en otros proyectos independientes a Kjolle y Central. La apertura de un nuevo restaurante en rusia est\u00e1 en puerta; <em>Olluco<\/em> se inaugurar\u00e1 para finales de octubre. Tambi\u00e9n, se planea abrir <em>Maz<\/em>, en Tokio. Los conceptos de los nuevos restaurantes fusionaran la gastronom\u00eda peruana con la de sus respectivas regiones.<\/p>\n<\/div>\n<p><script async src=\"\/\/platform.twitter.com\/widgets.js\" charset=\"utf-8\"><\/script><script async defer src=\"https:\/\/platform.instagram.com\/en_US\/embeds.js\"><\/script><br \/>\n<br \/><\/p>\n<p><em> \u2018 The preceding article may include information circulated by third parties \u2019 <\/em><\/p>\n<p><em> \u2018 Some details of this article were extracted from the following source www.celebrity.land.com \u2019 <\/em><\/p>\n","protected":false},"excerpt":{"rendered":"<p>La mejor chef del mundo 2021 es mujer y es P\u00eda Le\u00f3n. De acuerdo con la organizaci\u00f3n The World\u2019s Finest Eating places, la peruana que dirige el restaurante lime\u00f1o Kjolle es la\u00a0Finest Feminine Chef 2021. P\u00eda se enfrent\u00f3 a los estereotipos de g\u00e9nero que permanecen en el \u00e1mbito gastron\u00f3mico, as\u00ed como a los retos por [&hellip;]<\/p>\n","protected":false},"author":2,"featured_media":187154,"comment_status":"open","ping_status":"closed","sticky":false,"template":"","format":"standard","meta":{"om_disable_all_campaigns":false,"jnews-multi-image_gallery":[],"jnews_single_post":[],"jnews_primary_category":[],"jnews_social_meta":[],"footnotes":""},"categories":[43],"tags":[],"class_list":["post-187153","post","type-post","status-publish","format-standard","has-post-thumbnail","hentry","category-gourmet"],"_links":{"self":[{"href":"https:\/\/dimensionturistica.com\/es\/wp-json\/wp\/v2\/posts\/187153","targetHints":{"allow":["GET"]}}],"collection":[{"href":"https:\/\/dimensionturistica.com\/es\/wp-json\/wp\/v2\/posts"}],"about":[{"href":"https:\/\/dimensionturistica.com\/es\/wp-json\/wp\/v2\/types\/post"}],"author":[{"embeddable":true,"href":"https:\/\/dimensionturistica.com\/es\/wp-json\/wp\/v2\/users\/2"}],"replies":[{"embeddable":true,"href":"https:\/\/dimensionturistica.com\/es\/wp-json\/wp\/v2\/comments?post=187153"}],"version-history":[{"count":0,"href":"https:\/\/dimensionturistica.com\/es\/wp-json\/wp\/v2\/posts\/187153\/revisions"}],"wp:featuredmedia":[{"embeddable":true,"href":"https:\/\/dimensionturistica.com\/es\/wp-json\/wp\/v2\/media\/187154"}],"wp:attachment":[{"href":"https:\/\/dimensionturistica.com\/es\/wp-json\/wp\/v2\/media?parent=187153"}],"wp:term":[{"taxonomy":"category","embeddable":true,"href":"https:\/\/dimensionturistica.com\/es\/wp-json\/wp\/v2\/categories?post=187153"},{"taxonomy":"post_tag","embeddable":true,"href":"https:\/\/dimensionturistica.com\/es\/wp-json\/wp\/v2\/tags?post=187153"}],"curies":[{"name":"wp","href":"https:\/\/api.w.org\/{rel}","templated":true}]}}