{"id":186923,"date":"2021-09-07T18:01:26","date_gmt":"2021-09-07T18:01:26","guid":{"rendered":"https:\/\/dimensionturistica.com\/es\/?p=186923"},"modified":"2021-09-07T18:01:26","modified_gmt":"2021-09-07T18:01:26","slug":"ifema-madrid-acoge-organic-food-el-gran-evento-del-sector-ecologico","status":"publish","type":"post","link":"https:\/\/dimensionturistica.com\/es\/ifema-madrid-acoge-organic-food-el-gran-evento-del-sector-ecologico\/","title":{"rendered":"IFEMA Madrid acoge Organic Food, el gran evento del sector ecol\u00f3gico"},"content":{"rendered":"<p> <br \/>\n<\/p>\n<div>\n<p style=\"text-align: justify;\">Desde aperitivos y helados veganos hasta queso de cabra ecol\u00f3gico con romero, pasando por pasteles de chocolate o alioli con azafr\u00e1n, cerveza sin gluten o t\u00e9s d\u00e9tox; un gran abanico de productos agroalimentarios y bebidas ecol\u00f3gicas ser\u00e1n los grandes protagonistas en Natural Meals Iberia.<\/p>\n<div class=\"code-block code-block-13\" style=\"margin: 8px auto; text-align: center; display: block; clear: both;\">\n<a target=\"_blank\" href=\"https:\/\/www.betriz.com\/curso-amigurumi-nivel-inicial\/\" rel=\"noopener\"><img decoding=\"async\" class=\"alignnone size-full wp-image-158248\" src=\"https:\/\/i0.wp.com\/gacetinmadrid.com\/wp-content\/uploads\/2021\/08\/cursos-croche.jpg?resize=300%2C300&amp;ssl=1\" alt=\"\" width=\"300\" height=\"300\" data-recalc-dims=\"1\"\/><\/a><\/div>\n<p style=\"text-align: justify;\">Los\u00a0d\u00edas 8 y 9 de septiembre, m\u00e1s de 300 empresas expositoras\u00a0mostrar\u00e1n los mejores\u00a0productos ecol\u00f3gicos\u00a0de la Pen\u00ednsula Ib\u00e9rica y el resto del panorama internacional: desde ingredientes b\u00e1sicos, productos frescos, productos c\u00e1rnicos y de charcuter\u00eda, mariscos y pescados, comidas preparadas, aceites, productos l\u00e1cteos y de panader\u00eda, hasta cervezas, vinos, t\u00e9s y zumos, entre otros.<\/p>\n<p style=\"text-align: justify;\">El\u00a0evento m\u00e1s grande de la Pen\u00ednsula Ib\u00e9rica\u00a0para\u00a0profesionales del sector ecol\u00f3gico,\u00a0Natural Meals Iberia y Eco Residing Iberia, celebran su\u00a0segunda edici\u00f3n\u00a0en el\u00a0pabell\u00f3n 8\u00a0del recinto ferial de\u00a0IFEMA MADRID,\u00a0lo que facilitar\u00e1 un gran impulso a este exitoso y creciente sector.<\/p>\n<div class=\"code-block code-block-2\" style=\"margin: 8px auto; text-align: center; display: block; clear: both;\">\n<a target=\"_blank\" href=\"https:\/\/gacetinmadrid.com\/gm-telegram\/\" rel=\"noopener\"><img decoding=\"async\" class=\"alignnone size-full wp-image-158248\" src=\"https:\/\/i1.wp.com\/gacetinmadrid.com\/wp-content\/uploads\/2020\/02\/whytel-1024x392-1.jpg?resize=800%2C306&amp;ssl=1\" alt=\"\" width=\"800\" height=\"306\" data-recalc-dims=\"1\"\/><\/a><\/div>\n<p style=\"text-align: justify;\">Esta convocatoria presencial, coorganizada por\u00a0Diversified Communications\u00a0e\u00a0IFEMA MADRID, contar\u00e1 con la participaci\u00f3n de\u00a0300 expositores, que presentar\u00e1n los mejores\u00a0productos ecol\u00f3gicos, sostenibles e innovadores del mundo entero en agroalimentaci\u00f3n, vinos, bebidas, belleza, textil, ecopackaging, salud y bienestar. Adem\u00e1s, a esta oferta se suma un completo programa\u00a0de jornadas y seminarios\u00a0con ponentes de primer nivel, y otras actividades dirigidas a esta industria.<\/p>\n<p style=\"text-align: justify;\">Esta gran cita acoge, por una parte,\u00a0Natural Meals Iberia\u00a0donde descubrir las \u00faltimas tendencias e innovaciones del sector ecol\u00f3gico agroalimentario, de bebidas, y de vinos -Natural Wine-, y\u00a0Eco Residing Iberia,\u00a0que re\u00fane a compradores y productores de cosm\u00e9tica, textil y moda, ecopackaging, menaje del hogar y droguer\u00eda. Miles de distribuidores, mayoristas, minoristas y expositores bajo un mismo marco comercial con productos naturales y sostenibles procedentes tanto de la Pen\u00ednsula Ib\u00e9rica como del \u00e1mbito internacional.<\/p>\n<p style=\"text-align: justify;\"><strong>Zona Innovaci\u00f3n<\/strong><\/p>\n<div class=\"code-block code-block-11 ai-viewport-2 ai-viewport-3\" style=\"margin: 8px auto; text-align: center; display: block; clear: both;\">\n<p><a target=\"_blank\" href=\"https:\/\/buscaempleomadrid.com\" rel=\"noopener\"><img decoding=\"async\" class=\"alignnone size-full wp-image-201536\" src=\"https:\/\/i0.wp.com\/gacetinmadrid.com\/wp-content\/uploads\/2021\/06\/Buscas-empleo.gif?resize=300%2C300&amp;ssl=1\" alt=\"\" width=\"300\" height=\"300\" data-recalc-dims=\"1\"\/><\/a><\/p>\n<\/div>\n<p style=\"text-align: justify;\">La feria acoge la\u00a0Zona de Innovaci\u00f3n\u00a0que presenta los\u00a0productos m\u00e1s novedosos e innovadores\u00a0de los expositores lanzados en los \u00faltimos doce meses. En este \u00e1mbito, visitantes y compradores invitados votar\u00e1n, de entre\u00a0los\u00a0150 productos\u00a0presentados, a los ganadores\u00a0entre 10 categor\u00edas distintas, que ser\u00e1n anunciados posteriormente en los\u00a0Premios \u201cOrganic Iberia\u201d,\u00a0evento que se celebrar\u00e1 el d\u00eda 8 a las 19.30h. en IFEMA MADRID.<\/p>\n<p style=\"text-align: justify;\"><strong>Jornadas<\/strong><\/p>\n<p style=\"text-align: justify;\">Un\u00a0completo\u00a0programa\u00a0de jornadas t\u00e9cnicas y actividades\u00a0hacen de la Feria el\u00a0centro de conocimiento\u00a0para el sector, con unas sesiones caracterizadas por la gran diversidad de contenidos, as\u00ed como por el\u00a0alto nivel de los participantes y ponentes. M\u00e1s de\u00a030\u00a0sesiones\u00a0y conferencias en los escenarios\u00a0Natural Theatre\u00a0y\u00a0Eco Theatre.<\/p>\n<p style=\"text-align: justify;\">Natural Meals Iberia 2021 cuenta con el apoyo de ECOVALIA, como patrocinador principal, al que se suman los de Alimentos de Espa\u00f1a, INTERECO, Spanish Natural Wines, Agrobio de Portugal, Portugal Meals, ACES, FIAB y Hosteler\u00eda de Espa\u00f1a, entre muchos otros.<\/p>\n<p style=\"text-align: justify;\">Esta segunda edici\u00f3n se celebrar\u00e1 presencialmente los d\u00edas 8 y 9 de septiembre en IFEMA MADRID, en un horario de 9.30 a 19.00h., y hasta las 17.00h el \u00faltimo d\u00eda de feria.<\/p>\n<\/div>\n\n<p><em> \u2018 The preceding article may include information circulated by third parties \u2019 <\/em><\/p>\n<p><em> \u2018 Some details of this article were extracted from the following source gacetinmadrid.com \u2019 <\/em><\/p>\n","protected":false},"excerpt":{"rendered":"<p>Desde aperitivos y helados veganos hasta queso de cabra ecol\u00f3gico con romero, pasando por pasteles de chocolate o alioli con azafr\u00e1n, cerveza sin gluten o t\u00e9s d\u00e9tox; un gran abanico de productos agroalimentarios y bebidas ecol\u00f3gicas ser\u00e1n los grandes protagonistas en Natural Meals Iberia. Los\u00a0d\u00edas 8 y 9 de septiembre, m\u00e1s de 300 empresas expositoras\u00a0mostrar\u00e1n [&hellip;]<\/p>\n","protected":false},"author":2,"featured_media":176637,"comment_status":"open","ping_status":"closed","sticky":false,"template":"","format":"standard","meta":{"om_disable_all_campaigns":false,"jnews-multi-image_gallery":[],"jnews_single_post":[],"jnews_primary_category":[],"jnews_social_meta":[],"footnotes":""},"categories":[43],"tags":[],"class_list":["post-186923","post","type-post","status-publish","format-standard","has-post-thumbnail","hentry","category-gourmet"],"_links":{"self":[{"href":"https:\/\/dimensionturistica.com\/es\/wp-json\/wp\/v2\/posts\/186923","targetHints":{"allow":["GET"]}}],"collection":[{"href":"https:\/\/dimensionturistica.com\/es\/wp-json\/wp\/v2\/posts"}],"about":[{"href":"https:\/\/dimensionturistica.com\/es\/wp-json\/wp\/v2\/types\/post"}],"author":[{"embeddable":true,"href":"https:\/\/dimensionturistica.com\/es\/wp-json\/wp\/v2\/users\/2"}],"replies":[{"embeddable":true,"href":"https:\/\/dimensionturistica.com\/es\/wp-json\/wp\/v2\/comments?post=186923"}],"version-history":[{"count":0,"href":"https:\/\/dimensionturistica.com\/es\/wp-json\/wp\/v2\/posts\/186923\/revisions"}],"wp:featuredmedia":[{"embeddable":true,"href":"https:\/\/dimensionturistica.com\/es\/wp-json\/wp\/v2\/media\/176637"}],"wp:attachment":[{"href":"https:\/\/dimensionturistica.com\/es\/wp-json\/wp\/v2\/media?parent=186923"}],"wp:term":[{"taxonomy":"category","embeddable":true,"href":"https:\/\/dimensionturistica.com\/es\/wp-json\/wp\/v2\/categories?post=186923"},{"taxonomy":"post_tag","embeddable":true,"href":"https:\/\/dimensionturistica.com\/es\/wp-json\/wp\/v2\/tags?post=186923"}],"curies":[{"name":"wp","href":"https:\/\/api.w.org\/{rel}","templated":true}]}}