{"id":186548,"date":"2021-09-07T06:41:36","date_gmt":"2021-09-07T06:41:36","guid":{"rendered":"https:\/\/dimensionturistica.com\/es\/?p=186548"},"modified":"2021-09-07T06:41:37","modified_gmt":"2021-09-07T06:41:37","slug":"villa-carlos-paz-confirmo-la-temporada-de-viajes-de-egresados-2021-telam","status":"publish","type":"post","link":"https:\/\/dimensionturistica.com\/es\/villa-carlos-paz-confirmo-la-temporada-de-viajes-de-egresados-2021-telam\/","title":{"rendered":"Villa Carlos Paz confirm\u00f3 la temporada de viajes de egresados 2021 &#8211; T\u00e9lam"},"content":{"rendered":"<p> <br \/>\n<\/p>\n<div>\n<div class=\"image\" id=\"image\">\n\t\t\t\t\t<img decoding=\"async\" src=\"https:\/\/www.telam.com.ar\/advf\/imagenes\/2020\/02\/5e35d8b187f8c_1004x565.jpg\" alt=\"Mientras se espera la habilitaci\u00f3n del Ministerio de Salud para los grupos de estudiantes, la C\u00e1mara de Turismo de Carlos Paz confirm\u00f3 el inicio de la temporada los viajes de egresados para el 1 de octubre.\" title=\"Mientras se espera la habilitaci\u00f3n del Ministerio de Salud para los grupos de estudiantes, la C\u00e1mara de Turismo de Carlos Paz confirm\u00f3 el inicio de la temporada los viajes de egresados para el 1 de octubre.\"\/><\/p>\n<p>Mientras se espera la habilitacin del Ministerio de Salud para los grupos de estudiantes, la Cmara de Turismo de Carlos Paz affirm el inicio de la temporada los viajes de egresados para el 1 de octubre.<\/p>\n<\/div>\n<p>\nLa Cmara de Turismo de Carlos Paz <strong>affirm la temporada los viajes de egresados a su ciudad en este 2021, que dara inicio el prximo 1 de octubre<\/strong>, mientras se espera la habilitacin del Ministerio de Salud para los grupos de estudiantes de la primaria y secundaria.<\/p>\n<p>Desde la cmara informaron, a travs de un comunicado, que &#8220;junto a las agencias y los prestadores de servicios&#8221; <strong>se logr dar las garantas<\/strong> &#8220;para que los estudiantes puedan concretar el tan ansiado viaje de egresados en nuestra ciudad\u201d.<\/p>\n<p>Al mismo tiempo, afirmaron que \u201cel objetivo es llevar tranquilidad al sector turstico e impulsar la reactivacin de los servicios, cumpliendo con todas las medidas de seguridad&#8221;.<\/p>\n<p>La medida se dispuso luego de que el Ministerio de Turismo y Deportes decidiera, el pasado sbado, que a partir del 1 de octubre <strong>cada provincia podr evaluar la posibilidad de autorizar los viajes<\/strong> de egresados y viajes de estudios en todo el territorio nacional.<\/p>\n<p>La decisin se tom por un trabajo conjunto entre el Ministerio de Turismo y Deportes y el Ministerio de Salud, en coordinacin con las 24 jurisdicciones y una importante participacin del sector privado, sustentado en una situacin sanitaria con un descenso sostenido en el nmero de casos.<\/p>\n<p>De acuerdo a lo informado por ese organismo, &#8220;l<strong>a decisin forma parte de la estrategia para la recuperacin gradual y cuidada de las actividades planificadas desde el Gobierno nacional<\/strong>, considerando el avance del proceso de vacunacin en todo el pas y la favorable situacin epidemiolgica y sanitaria resultante&#8221;.<\/p>\n<p>Segn datos oficiales, desde hace 14 semanas se registra un descenso sostenido del nmero de casos confirmados y de la ocupacin de las camas de terapia intensiva, hecho que se verifica principalmente en los grandes conglomerados urbanos, ya que ninguno de ellos se encuentra en situacin de alarma sanitaria.<\/p>\n<p>El retorno de la actividad turstica en todo el territorio nacional se desarrolla en el marco del cumplimiento de protocolos sanitarios elaborados por el Ministerio de Turismo y Deportes, en conjunto con el Instituto de Calidad Turstica (ICTA), la Cmara Argentina de Turismo (CAT) y las provincias, a travs del Consejo Federal de Turismo.<\/p>\n<p>&#8220;Por eso, la reactivacin de la actividad turstica estudiantil de forma responsable y segura se desarrollar bajo un estricto monitoreo de los indicadores epidemiolgicos y del cumplimiento de los protocolos sanitarios vigentes&#8221;, se resalt en un comunicado.\t\t\t\t\t\t\t\t<\/p>\n<\/p><\/div>\n<p><script>(function(d, s, id) {\n  var js, fjs = d.getElementsByTagName(s)[0];\n  if (d.getElementById(id)) return;\n  js = d.createElement(s); js.id = id;\n  js.src = \"\/\/connect.facebook.net\/es_ES\/sdk.js#xfbml=1&version=v2.6\";\n  fjs.parentNode.insertBefore(js, fjs);\n}(document, 'script', 'facebook-jssdk'));<\/script><br \/>\n<br \/><\/p>\n<p><em> &#8221; Fuentes www.telam.com.ar &#8221; <\/em><\/p>\n","protected":false},"excerpt":{"rendered":"<p>Mientras se espera la habilitacin del Ministerio de Salud para los grupos de estudiantes, la Cmara de Turismo de Carlos Paz affirm el inicio de la temporada los viajes de egresados para el 1 de octubre. La Cmara de Turismo de Carlos Paz affirm la temporada los viajes de egresados a su ciudad en este [&hellip;]<\/p>\n","protected":false},"author":4,"featured_media":186549,"comment_status":"open","ping_status":"closed","sticky":false,"template":"","format":"standard","meta":{"om_disable_all_campaigns":false,"jnews-multi-image_gallery":[],"jnews_single_post":[],"jnews_primary_category":[],"jnews_social_meta":[],"footnotes":""},"categories":[40],"tags":[3041,3045,3044,3043,3049,3048,3046,3040,3042,3047],"class_list":["post-186548","post","type-post","status-publish","format-standard","has-post-thumbnail","hentry","category-industria","tag-ltimas-noticias","tag-agencia-de-noticias","tag-diarios","tag-diarios-argentina","tag-estado-nacional","tag-gobierno-argentino","tag-informacin-nacional","tag-noticias-argentina","tag-noticias-del-da","tag-presidencia"],"_links":{"self":[{"href":"https:\/\/dimensionturistica.com\/es\/wp-json\/wp\/v2\/posts\/186548","targetHints":{"allow":["GET"]}}],"collection":[{"href":"https:\/\/dimensionturistica.com\/es\/wp-json\/wp\/v2\/posts"}],"about":[{"href":"https:\/\/dimensionturistica.com\/es\/wp-json\/wp\/v2\/types\/post"}],"author":[{"embeddable":true,"href":"https:\/\/dimensionturistica.com\/es\/wp-json\/wp\/v2\/users\/4"}],"replies":[{"embeddable":true,"href":"https:\/\/dimensionturistica.com\/es\/wp-json\/wp\/v2\/comments?post=186548"}],"version-history":[{"count":0,"href":"https:\/\/dimensionturistica.com\/es\/wp-json\/wp\/v2\/posts\/186548\/revisions"}],"wp:featuredmedia":[{"embeddable":true,"href":"https:\/\/dimensionturistica.com\/es\/wp-json\/wp\/v2\/media\/186549"}],"wp:attachment":[{"href":"https:\/\/dimensionturistica.com\/es\/wp-json\/wp\/v2\/media?parent=186548"}],"wp:term":[{"taxonomy":"category","embeddable":true,"href":"https:\/\/dimensionturistica.com\/es\/wp-json\/wp\/v2\/categories?post=186548"},{"taxonomy":"post_tag","embeddable":true,"href":"https:\/\/dimensionturistica.com\/es\/wp-json\/wp\/v2\/tags?post=186548"}],"curies":[{"name":"wp","href":"https:\/\/api.w.org\/{rel}","templated":true}]}}