{"id":185850,"date":"2021-09-05T18:26:41","date_gmt":"2021-09-05T18:26:41","guid":{"rendered":"https:\/\/dimensionturistica.com\/es\/?p=185850"},"modified":"2021-09-05T18:26:41","modified_gmt":"2021-09-05T18:26:41","slug":"the-worlds-50-best-restaurants-reconocen-a-dominique-crenn-con-el-icon-award-2021","status":"publish","type":"post","link":"https:\/\/dimensionturistica.com\/es\/the-worlds-50-best-restaurants-reconocen-a-dominique-crenn-con-el-icon-award-2021\/","title":{"rendered":"The World&#8217;s 50 Best Restaurants reconocen a Dominique Crenn con el Icon Award 2021"},"content":{"rendered":"<p> <br \/>\n<\/p>\n<div property=\"schema:text\">\n<p>The World&#8217;s 50 Greatest Eating places han concedido el reconocimiento Icon Award 2021 a la chef francesa Dominique Crenn, quien no solo ha hecho importantes contribuciones en el campo de la hospitalidad, sino que tambi\u00e9n ha utilizado su plataforma para concientizar y promover cambios positivos. Adem\u00e1s de haber sido nombrada The World&#8217;s Greatest Feminine Chef en 2016, <a target=\"_blank\" href=\"https:\/\/www.excelenciasgourmet.com\/es\/opinion\/la-gastronomia-de-los-grandes-chefs-del-mundo-dominique-crenn\" title=\"https:\/\/www.excelenciasgourmet.com\/es\/opinion\/la-gastronomia-de-los-grandes-chefs-del-mundo-dominique-crenn\" rel=\"noopener\">Crenn ha hecho historia<\/a> a lo largo de su carrera marcando un camino para que sigan los futuros cooks.<\/p>\n<p>La chef, nacida en Francia desarroll\u00f3 gran inter\u00e9s en la cocina gracias a sus padres antes de mudarse a los Estados Unidos a los 24 a\u00f1os de edad para iniciar su preparaci\u00f3n formal. Su carrera culinaria comenz\u00f3 en 1988 en el reconocido restaurante Stars, donde pas\u00f3 dos a\u00f1os bajo la tutela de dos grandes cooks de San Francisco: Jeremiah Tower y Mark Franz. En los a\u00f1os siguientes, estuvo en los mejores restaurantes de la ciudad antes de viajar a Indonesia para dirigir la cocina del Lodge Intercontinental en Yakarta, en 1997. All\u00ed se convirti\u00f3 en la primera jefa de cocina de Indonesia.<\/p>\n<p>En 2008 volvi\u00f3 a San Francisco y obtuvo su primera estrella Michelin al a\u00f1o siguiente, mientras dirig\u00eda la cocina del restaurante Luce en el Lodge Intercontinental. Crenn abri\u00f3 <a target=\"_blank\" href=\"https:\/\/www.ateliercrenn.com\/\" title=\"Atelier Crenn\" rel=\"noopener\">Atelier Crenn<\/a> en San Francisco en 2011, y en tan solo meses de operaci\u00f3n, el restaurante recibi\u00f3 su primera estrella Michel\u00edn. En 2012, Crenn se convirti\u00f3 en la primera chef de los Estados Unidos a cargo de un restaurante con dos estrellas. Luego super\u00f3 su propio r\u00e9cord en 2018 cuando Atelier Crenn alcanz\u00f3 el estatus de tres estrellas. En 2019, Atelier Crenn ocup\u00f3 el puesto 35 en la <a target=\"_blank\" href=\"https:\/\/www.excelenciasgourmet.com\/es\/noticias-gourmet\/worlds-50-best-restaurants-2019-estos-son-los-ganadores\" title=\"The World's 50 Best Restaurants 2019: Estos son los ganadores\" rel=\"noopener\">lista The World&#8217;s 50 Best Restaurants<\/a>.<\/p>\n<figure role=\"group\" class=\"align-center\">\n<img decoding=\"async\" alt=\"Dominique Crenn-Atelier-Crenn\" data-entity-type=\"file\" data-entity-uuid=\"04f4d0a7-a986-4101-b264-c8fce2afd980\" height=\"503\" src=\"https:\/\/www.excelenciasgourmet.com\/sites\/default\/files\/inline-images\/752x503xAtelier-Crenn.jpg.pagespeed.ic.x3Fu7cc6wb.jpg\" width=\"752\" data-pagespeed-url-hash=\"3359765273\" onload=\"pagespeed.CriticalImages.checkImageForCriticality(this);\"\/><figcaption><em>Atelier Crenn.<\/em><br \/>\u00a0<\/figcaption><\/figure>\n<p>En 2019 Crenn fue diagnosticada con c\u00e1ncer de mama (ahora en fase de remisi\u00f3n), desde entonces, ella ha hablado abiertamente sobre su salud para crear conciencia sobre esta enfermedad. Siendo una persona que se autoidentifica como mitad europea y mitad norafricana, Crenn tambi\u00e9n apoy\u00f3 con pasi\u00f3n la campa\u00f1a Black Lives Matter desde 2020.<\/p>\n<p>William Drew, director de contenidos para The World&#8217;s 50 Greatest Eating places, expres\u00f3: &#8220;Dominique Crenn no es solo una sobresaliente chef y empresaria de la industria de los restaurantes, sino tambi\u00e9n un ejemplo de alguien que habla con el poder de la verdad en todos los aspectos de su vida, a trav\u00e9s de su liderazgo, humanidad e interminable inter\u00e9s por la justicia social tanto dentro como fuera de la esfera de la hospitalidad&#8221;.<\/p>\n<p><em>Le puede interesar:<\/em> <a target=\"_blank\" href=\"https:\/\/www.excelenciasgourmet.com\/es\/noticias-gourmet\/jose-andres-es-galardonado-con-el-premio-american-express-icon-award-2019\" title=\"Jos\u00e9 Andr\u00e9s es galardonado con el premio American Express Icon Award 2019\" rel=\"noopener\">Jos\u00e9 Andr\u00e9s galardonado con el premio American Express Icon Award 2019<\/a><\/p>\n<p>Dominique Crenn coment\u00f3: &#8220;Es un incre\u00edble honor ser elegida como ganadora del premio 50 Best Icon Award este a\u00f1o. Que mi trabajo sea reconocido por mis pares me llena de mucho orgullo y aprecio. Espero poder usar esta plataforma como una oportunidad para retribuir e inspirar a la pr\u00f3xima generaci\u00f3n a ser fiel a s\u00ed misma y a siempre disfrutar del viaje&#8221;.<\/p>\n<div class=\"jeg_video_container jeg_video_content\"><iframe loading=\"lazy\" title=\"Why is Chef Dominique Crenn an Icon?\" width=\"500\" height=\"281\" src=\"https:\/\/www.youtube.com\/embed\/xZjNVzczIig?feature=oembed\" frameborder=\"0\" allow=\"accelerometer; autoplay; clipboard-write; encrypted-media; gyroscope; picture-in-picture; web-share\" referrerpolicy=\"strict-origin-when-cross-origin\" allowfullscreen><\/iframe><\/div>\n<p>Dominique Crenn recibir\u00e1 su premio en la ceremonia oficial de The World&#8217;s 50 Greatest Eating places con el patrocinio de S.Pellegrino &amp; Acqua Panna, que se llevar\u00e1 a cabo en Amberes, Flandes, el 5 de octubre.<\/p>\n<p>Fuente: The World&#8217;s 50 Greatest Eating places, PR Newswire, El Pa\u00eds<\/p>\n<\/div>\n<p><script>!function(f,b,e,v,n,t,s){if(f.fbq)return;n=f.fbq=function(){n.callMethod?n.callMethod.apply(n,arguments):n.queue.push(arguments)};if(!f._fbq)f._fbq=n;n.push=n;n.loaded=!0;n.version='2.0';n.queue=[];t=b.createElement(e);t.async=!0;t.src=v;s=b.getElementsByTagName(e)[0];s.parentNode.insertBefore(t,s)}(window,document,'script','https:\/\/connect.facebook.net\/en_US\/fbevents.js');fbq('init','924510761329768',[],{\"agent\":\"pldrupal-8-8.8.6\"});fbq('track','PageView',[]);<\/script><br \/>\n<br \/><\/p>\n<p><em> \u2018 The preceding article may include information circulated by third parties \u2019 <\/em><\/p>\n<p><em> \u2018 Some details of this article were extracted from the following source www.excelenciasgourmet.com \u2019 <\/em><\/p>\n","protected":false},"excerpt":{"rendered":"<p>The World&#8217;s 50 Greatest Eating places han concedido el reconocimiento Icon Award 2021 a la chef francesa Dominique Crenn, quien no solo ha hecho importantes contribuciones en el campo de la hospitalidad, sino que tambi\u00e9n ha utilizado su plataforma para concientizar y promover cambios positivos. Adem\u00e1s de haber sido nombrada The World&#8217;s Greatest Feminine Chef [&hellip;]<\/p>\n","protected":false},"author":2,"featured_media":185851,"comment_status":"open","ping_status":"closed","sticky":false,"template":"","format":"standard","meta":{"om_disable_all_campaigns":false,"jnews-multi-image_gallery":[],"jnews_single_post":[],"jnews_primary_category":[],"jnews_social_meta":[],"footnotes":""},"categories":[43],"tags":[],"class_list":["post-185850","post","type-post","status-publish","format-standard","has-post-thumbnail","hentry","category-gourmet"],"_links":{"self":[{"href":"https:\/\/dimensionturistica.com\/es\/wp-json\/wp\/v2\/posts\/185850","targetHints":{"allow":["GET"]}}],"collection":[{"href":"https:\/\/dimensionturistica.com\/es\/wp-json\/wp\/v2\/posts"}],"about":[{"href":"https:\/\/dimensionturistica.com\/es\/wp-json\/wp\/v2\/types\/post"}],"author":[{"embeddable":true,"href":"https:\/\/dimensionturistica.com\/es\/wp-json\/wp\/v2\/users\/2"}],"replies":[{"embeddable":true,"href":"https:\/\/dimensionturistica.com\/es\/wp-json\/wp\/v2\/comments?post=185850"}],"version-history":[{"count":0,"href":"https:\/\/dimensionturistica.com\/es\/wp-json\/wp\/v2\/posts\/185850\/revisions"}],"wp:featuredmedia":[{"embeddable":true,"href":"https:\/\/dimensionturistica.com\/es\/wp-json\/wp\/v2\/media\/185851"}],"wp:attachment":[{"href":"https:\/\/dimensionturistica.com\/es\/wp-json\/wp\/v2\/media?parent=185850"}],"wp:term":[{"taxonomy":"category","embeddable":true,"href":"https:\/\/dimensionturistica.com\/es\/wp-json\/wp\/v2\/categories?post=185850"},{"taxonomy":"post_tag","embeddable":true,"href":"https:\/\/dimensionturistica.com\/es\/wp-json\/wp\/v2\/tags?post=185850"}],"curies":[{"name":"wp","href":"https:\/\/api.w.org\/{rel}","templated":true}]}}