{"id":185812,"date":"2021-09-05T15:21:15","date_gmt":"2021-09-05T15:21:15","guid":{"rendered":"https:\/\/dimensionturistica.com\/es\/?p=185812"},"modified":"2021-09-05T15:21:15","modified_gmt":"2021-09-05T15:21:15","slug":"posponen-la-navegacion-del-crucero-de-island-sea-fest-y-royal-caribbean-otros","status":"publish","type":"post","link":"https:\/\/dimensionturistica.com\/es\/posponen-la-navegacion-del-crucero-de-island-sea-fest-y-royal-caribbean-otros\/","title":{"rendered":"Posponen la navegaci\u00f3n del crucero de Island Sea Fest y Royal Caribbean | Otros"},"content":{"rendered":"<p> <br \/>\n<\/p>\n<div itemprop=\"articleBody\">\n                                <meta itemprop=\"isAccessibleForFree\" content=\"true\"\/><\/p>\n<p>Island Sea Fest, que se unir\u00eda a Royal Caribbean Worldwide, para un crucero de as soon as noches que partir\u00eda de San Juan y har\u00eda una parada de cinco noches en la celebraci\u00f3n del famoso Carnaval de Trinidad en febrero de 2023, anunci\u00f3 que el plan qued\u00f3 pospuesto.<\/p>\n<p>\u201cIsland Sea Fest anuncia que, debido a circunstancias imprevistas que escapan de su control, su crucero del Carnaval de Trinidad de febrero de 2023 se pospondr\u00e1 para una fecha posterior\u201d, se indic\u00f3 <span style=\"text-decoration: underline;\"><a rel=\"nofollow noopener\" target=\"_blank\" href=\"https:\/\/www.islandseafesttrinidad.com\/statement\/\">en un comunicado<\/a><\/span> de prensa, al tiempo que se inform\u00f3 que se reembolsar\u00eda el dinero a todos los clientes que reservaron bajo su oferta promocional Maintain Your Spot.<\/p>\n<p>\u201cTodos los participantes de Hold Your Spot recibir\u00e1n un reembolso completo a su m\u00e9todo de pago original dentro de las pr\u00f3ximas 24 horas\u201d, se estableci\u00f3 el pasado jueves.<\/p>\n<p>No obstante, declararon que no se descarta que el asunto pueda resolverse dentro de las pr\u00f3ximas cuatro semanas.<\/p>\n<p>\u201cSi este asunto puede resolverse en las pr\u00f3ximas cuatro semanas, seguiremos adelante con el crucero. Sin embargo, sabiendo que este crucero puede no llevarse a cabo\u2026 Creemos que es importante devolver el dinero a todos los pasajeros ahora\u201d, agregaron.<\/p>\n<p>Estaba previsto que el crucero saliera de Puerto Rico el 15 de febrero de 2023. El itinerario tambi\u00e9n ofrec\u00eda tres paradas en Tobago, Barbados y Santa Luc\u00eda. Regresaba a San Juan el 26 de febrero de 2023.<\/p>\n<p>De otro lado, en la comunicaci\u00f3n se incluy\u00f3 una <span style=\"text-decoration: underline;\"><a rel=\"nofollow noopener\" target=\"_blank\" href=\"https:\/\/www.islandseafesttrinidad.com\/statement\/\">carta del fundador del crucero, Roger McGregor<\/a><\/span>, quien explic\u00f3 que un problema relacionado con el atraque en el Puerto de Espa\u00f1a para ese per\u00edodo motiv\u00f3 su decisi\u00f3n de posponerlo.<\/p>\n<\/p><\/div>\n<p><script>\n!function(f,b,e,v,n,t,s)\n{if(f.fbq)return;n=f.fbq=function(){n.callMethod?\nn.callMethod.apply(n,arguments):n.queue.push(arguments)};\nif(!f._fbq)f._fbq=n;n.push=n;n.loaded=!0;n.version='2.0';\nn.queue=[];t=b.createElement(e);t.async=!0;\nt.src=v;s=b.getElementsByTagName(e)[0];\ns.parentNode.insertBefore(t,s)}(window, document,'script',\n'https:\/\/connect.facebook.net\/en_US\/fbevents.js');\nfbq('init', '1815340891988198');\nfbq('track', 'PageView');\n<\/script><br \/>\n<br \/><\/p>\n<p><em> &#8221; Fuentes www.elvocero.com &#8221; <\/em><\/p>\n","protected":false},"excerpt":{"rendered":"<p>Island Sea Fest, que se unir\u00eda a Royal Caribbean Worldwide, para un crucero de as soon as noches que partir\u00eda de San Juan y har\u00eda una parada de cinco noches en la celebraci\u00f3n del famoso Carnaval de Trinidad en febrero de 2023, anunci\u00f3 que el plan qued\u00f3 pospuesto. \u201cIsland Sea Fest anuncia que, debido a [&hellip;]<\/p>\n","protected":false},"author":4,"featured_media":185813,"comment_status":"open","ping_status":"closed","sticky":false,"template":"","format":"standard","meta":{"om_disable_all_campaigns":false,"jnews-multi-image_gallery":[],"jnews_single_post":[],"jnews_primary_category":[],"jnews_social_meta":[],"footnotes":""},"categories":[41],"tags":[543],"class_list":["post-185812","post","type-post","status-publish","format-standard","has-post-thumbnail","hentry","category-cruceros","tag-cruceros"],"_links":{"self":[{"href":"https:\/\/dimensionturistica.com\/es\/wp-json\/wp\/v2\/posts\/185812","targetHints":{"allow":["GET"]}}],"collection":[{"href":"https:\/\/dimensionturistica.com\/es\/wp-json\/wp\/v2\/posts"}],"about":[{"href":"https:\/\/dimensionturistica.com\/es\/wp-json\/wp\/v2\/types\/post"}],"author":[{"embeddable":true,"href":"https:\/\/dimensionturistica.com\/es\/wp-json\/wp\/v2\/users\/4"}],"replies":[{"embeddable":true,"href":"https:\/\/dimensionturistica.com\/es\/wp-json\/wp\/v2\/comments?post=185812"}],"version-history":[{"count":0,"href":"https:\/\/dimensionturistica.com\/es\/wp-json\/wp\/v2\/posts\/185812\/revisions"}],"wp:featuredmedia":[{"embeddable":true,"href":"https:\/\/dimensionturistica.com\/es\/wp-json\/wp\/v2\/media\/185813"}],"wp:attachment":[{"href":"https:\/\/dimensionturistica.com\/es\/wp-json\/wp\/v2\/media?parent=185812"}],"wp:term":[{"taxonomy":"category","embeddable":true,"href":"https:\/\/dimensionturistica.com\/es\/wp-json\/wp\/v2\/categories?post=185812"},{"taxonomy":"post_tag","embeddable":true,"href":"https:\/\/dimensionturistica.com\/es\/wp-json\/wp\/v2\/tags?post=185812"}],"curies":[{"name":"wp","href":"https:\/\/api.w.org\/{rel}","templated":true}]}}