{"id":185240,"date":"2021-09-04T02:16:12","date_gmt":"2021-09-04T02:16:12","guid":{"rendered":"https:\/\/dimensionturistica.com\/es\/?p=185240"},"modified":"2021-09-04T02:16:12","modified_gmt":"2021-09-04T02:16:12","slug":"bilbao-sede-de-the-worlds-50-best-restaurants-2018","status":"publish","type":"post","link":"https:\/\/dimensionturistica.com\/es\/bilbao-sede-de-the-worlds-50-best-restaurants-2018\/","title":{"rendered":"Bilbao sede de &#8220;The World\u2019s 50 Best Restaurants&#8221; 2018"},"content":{"rendered":"<p> <br \/>\n<\/p>\n<div>\n<blockquote>\n<h3 style=\"text-align: center;\"><span style=\"color: #808080;\">La ciudad vasca ser\u00e1 el escenario de la pr\u00f3xima presentaci\u00f3n de la lista de los 50 mejores restaurantes del mundo 2018<\/span><\/h3>\n<\/blockquote>\n<p>La organizaci\u00f3n de <strong>The World\u2019s 50 Finest Eating places ha anunciado que los premios del 2018, y su programa de eventos correspondiente, tendr\u00e1n lugar en la regi\u00f3n vasca de Espa\u00f1a, particularmente en la ciudad de Bilbao.<\/strong> En colaboraci\u00f3n con la Diputaci\u00f3n Foral de Bizkaia, The World\u2019s 50 Finest Eating places est\u00e1 trabajando para llevar a cabo sus prestigiosos eventos en una regi\u00f3n espa\u00f1ola que se destaca por su extraordinaria gastronom\u00eda.<\/p>\n<p>La sede para el 2018 marca el regreso a Europa de la reuni\u00f3n anual m\u00e1s importante del mundo culinario despu\u00e9s de haber celebrado ediciones muy exitosas en Australia, este a\u00f1o, y en Nueva York en el 2016. Espa\u00f1a forma parte de la gira mundial de The World\u2019s 50 Finest Eating places que inici\u00f3 en 2016, despu\u00e9s de mantener al Reino Unido como sede por 13 a\u00f1os.<\/p>\n<p><strong>El anuncio se hizo en un exclusivo\u00a0<em>brunch<\/em>\u00a0vasco organizado en Eneko at One Aldwych, en Londres, al que asistieron cooks galardonados como <a target=\"_blank\" href=\"https:\/\/thegourmetjournal.com\/entrevistas\/elena-arzak\/\" rel=\"noopener noreferrer\">Elena Arzak<\/a>, Brett Graham, Isaac McHale y Eneko Atxa<\/strong>. Asimismo, Charles Reed, Director Gerente del Grupo de William Reed Enterprise Media, la empresa propietaria de The World\u2019s 50 Finest Eating places, fue acompa\u00f1ado por el Diputado Basic de Bizkaia, Unai Rementeria Maiz.<\/p>\n<p>William Drew, Editor del Grupo de The World\u2019s 50 Finest Eating places, manifest\u00f3, que Espa\u00f1a ha estado siempre a la vanguardia de la gastronom\u00eda y la regi\u00f3n vasca, en explicit, tiene una cultura culinaria incre\u00edblemente rica. Las ciudades de Bilbao y San Sebasti\u00e1n son famosas por la concentraci\u00f3n de excelentes restaurantes, que var\u00edan desde destinos internacionalmente reconocidos hasta sus famosos bares de\u00a0<em>pintxos<\/em>. Esto las convierten en uno de los mejores destinos culinarios del mundo.\u201d<\/p>\n<p>El anuncio anual de la lista es el inicio de una verdadera celebraci\u00f3n de la gastronom\u00eda mundial, que re\u00fane a una comunidad \u00fanica de visionarios en todo el paisaje culinario. Los premios se basan en los votos emitidos por la Academia de The World\u2019s 50 Finest Eating places, que est\u00e1 formada por un selecto grupo de m\u00e1s de mil l\u00edderes internacionales influyentes en la comunidad de restaurantes.<\/p>\n<p>En 2018, la ceremonia de premiaci\u00f3n tendr\u00e1 lugar en Bilbao, la capital de la provincia de Bizkaia, en el norte de Espa\u00f1a, que es famosa por su cultura culinaria, su autonom\u00eda regional y su hist\u00f3rico Museo Guggenheim. Las actividades asociadas al programa de The World\u2019s 50 Finest Eating places (como los eventos #50BestTalks y el Banquete de los Cooks) tambi\u00e9n se llevar\u00e1n a cabo en otras localidades de la regi\u00f3n vasca, como San Sebasti\u00e1n, que es la sede del Basque Culinary Heart.<\/p>\n<p>Actualmente, la regi\u00f3n ostenta cuatro restaurantes en la lista de <strong>The World\u2019s 50 Finest Eating places de 2017<\/strong>: <strong>Asador Etxebarri<\/strong>, en Axpe (No. 6); Mugaritz, cerca de San Sebasti\u00e1n (No. 9); <strong>Arzak<\/strong>, en San Sebasti\u00e1n (No. 30); y <strong>Azurmendi<\/strong> cerca a Bilbao (No. 38). Otros restaurantes como, <strong>Nerua<\/strong> \u2013 ubicado dentro del ic\u00f3nico Museo Guggenheim en Bilbao, ocupa la posici\u00f3n 56 de la Lista 51-100; mientras que, <a target=\"_blank\" href=\"https:\/\/thegourmetjournal.com\/entrevistas\/martin-berasategui\/\" rel=\"noopener noreferrer\">Martin Berasategui<\/a>, cerca de Lasarte-Oria, est\u00e1 en la posici\u00f3n 77.<\/p>\n<p>Durante los 15 a\u00f1os de historia de The World\u2019s 50 Finest Eating places, Espa\u00f1a ha sido representada un robusto grupo de restaurantes estelares \u2013 liderados tanto por <strong>El Bulli como por El Celler de Can Roca<\/strong>, los cuales han sido seleccionados como El Mejor Restaurante del Mundo en varias ocasiones. A su vez, <a target=\"_blank\" href=\"https:\/\/thegourmetjournal.com\/entrevistas\/andoni-luis-aduriz\/\" rel=\"noopener noreferrer\">Mugaritz <\/a>y Arzak han sido miembros de la constelaci\u00f3n de los 50 Finest por m\u00e1s de una d\u00e9cada.<\/p>\n<p>S\u00edguenos en\u00a0<a target=\"_blank\" href=\"https:\/\/twitter.com\/gourmetjournal\" rel=\"noopener\"><strong>Twitter<\/strong><\/a><strong>,<\/strong><strong>\u00a0<\/strong><strong><a target=\"_blank\" href=\"https:\/\/www.facebook.com\/thegourmetjournal\/?fref=ts\" rel=\"noopener noreferrer\">Facebook<\/a>\u00a0<\/strong>o recibe nuestras noticias\u00a0<a target=\"_blank\" href=\"https:\/\/thegourmetjournal.com\/boletin-enogastronomico\/\" rel=\"noopener\"><strong>pinchando aqu\u00ed<\/strong><\/a>.<\/p>\n<\/div>\n<div id=\"author-info\">\n<div class=\"author-image\">\n<a target=\"_blank\" class=\"author-avatar\" href=\"https:\/\/www.thegourmetjournal.com\/author\/manu-balanzino\/\" rel=\"noopener\"><img loading=\"lazy\" decoding=\"async\" alt=\"\" srcset=\"https:\/\/secure.gravatar.com\/avatar\/f004faa8a4d2d9605944c4c9cc33db08?s=240&amp;d=mm&amp;r=g 2x\" height=\"120\" width=\"120\" src=\"https:\/\/secure.gravatar.com\/avatar\/f004faa8a4d2d9605944c4c9cc33db08?s=120&amp;d=mm&amp;r=g\" class=\"avatar avatar-120 photo lazyload\"\/><noscript><img decoding=\"async\" alt=\"\" src=\"https:\/\/secure.gravatar.com\/avatar\/f004faa8a4d2d9605944c4c9cc33db08?s=120&amp;d=mm&amp;r=g\" srcset=\"https:\/\/secure.gravatar.com\/avatar\/f004faa8a4d2d9605944c4c9cc33db08?s=240&amp;d=mm&amp;r=g 2x\" class=\"avatar avatar-120 photo\" height=\"120\" width=\"120\"\/><\/noscript><\/a>\n<\/div>\n<p>\nChef, sumiller y asesor gastron\u00f3mico. Experto en gesti\u00f3n de Alimentos y Bebidas en el sector de la Hosteler\u00eda, se encuentra inmerso en labores de asesoramiento a restaurantes en el desarrollo de cartas, vinos, destilados y management de costes. A su vez, asesora a numerosas marcas del sector agroalimentario.<br \/>\nSu formaci\u00f3n en el sector Servicios comienza en la Escuela de Hosteler\u00eda de Benalm\u00e1dena, para posteriormente ampliar sus conocimientos, cursando la &#8220;Diplomatura en Gesti\u00f3n de Alimentos y Bebidas&#8221; en CIOMijas, y el &#8220;Certificado Profesional de Sommelier Internacional&#8221; por ESHOB.<br \/>\nManu Balanzino es un apasionado del mundo de la comunicaci\u00f3n, y ha fundado el peri\u00f3dico digital de gastronom\u00eda, The Gourmand Journal, una publicaci\u00f3n referencial del \u00e1mbito gastron\u00f3mico la cual dirige. Adem\u00e1s, es colaborador experto en gastronom\u00eda en revistas especializadas como Andaluc\u00eda de Viaje, El Gourmand (AMC Networks Worldwide Latin America) y Diario Sur. En radio, conduce el programa &#8220;Momentos Gourmets&#8221; en COPE y en televisi\u00f3n, colabora en Canal Cocina, RTV Marbella y Fuengirola TV. <\/p>\n<\/div>\n<p><script async src=\"\/\/platform.twitter.com\/widgets.js\" charset=\"utf-8\"><\/script><script>\n\t\t(function(d, s, id) {\n\t\t\t\"use strict\";\n\t\t\tvar js, fjs = d.getElementsByTagName(s)[0];\n\t\t\tif (d.getElementById(id))\n\t\t\t\treturn;\n\t\t\tjs = d.createElement(s);\n\t\t\tjs.id = id;\n\t\t\tjs.src = \"\/\/connect.facebook.net\/en_US\/all.js#xfbml=1\";\n\t\t\tfjs.parentNode.insertBefore(js, fjs);\n\t\t}(document, 'script', 'facebook-jssdk'));\n\t\t<\/script><br \/>\n<br \/><\/p>\n<p><em> \u2018 The preceding article may include information circulated by third parties \u2019 <\/em><\/p>\n<p><em> \u2018 Some details of this article were extracted from the following source thegourmetjournal.com \u2019 <\/em><\/p>\n","protected":false},"excerpt":{"rendered":"<p>La ciudad vasca ser\u00e1 el escenario de la pr\u00f3xima presentaci\u00f3n de la lista de los 50 mejores restaurantes del mundo 2018 La organizaci\u00f3n de The World\u2019s 50 Finest Eating places ha anunciado que los premios del 2018, y su programa de eventos correspondiente, tendr\u00e1n lugar en la regi\u00f3n vasca de Espa\u00f1a, particularmente en la ciudad [&hellip;]<\/p>\n","protected":false},"author":2,"featured_media":185241,"comment_status":"open","ping_status":"closed","sticky":false,"template":"","format":"standard","meta":{"om_disable_all_campaigns":false,"jnews-multi-image_gallery":[],"jnews_single_post":[],"jnews_primary_category":[],"jnews_social_meta":[],"footnotes":""},"categories":[43],"tags":[],"class_list":["post-185240","post","type-post","status-publish","format-standard","has-post-thumbnail","hentry","category-gourmet"],"_links":{"self":[{"href":"https:\/\/dimensionturistica.com\/es\/wp-json\/wp\/v2\/posts\/185240","targetHints":{"allow":["GET"]}}],"collection":[{"href":"https:\/\/dimensionturistica.com\/es\/wp-json\/wp\/v2\/posts"}],"about":[{"href":"https:\/\/dimensionturistica.com\/es\/wp-json\/wp\/v2\/types\/post"}],"author":[{"embeddable":true,"href":"https:\/\/dimensionturistica.com\/es\/wp-json\/wp\/v2\/users\/2"}],"replies":[{"embeddable":true,"href":"https:\/\/dimensionturistica.com\/es\/wp-json\/wp\/v2\/comments?post=185240"}],"version-history":[{"count":0,"href":"https:\/\/dimensionturistica.com\/es\/wp-json\/wp\/v2\/posts\/185240\/revisions"}],"wp:featuredmedia":[{"embeddable":true,"href":"https:\/\/dimensionturistica.com\/es\/wp-json\/wp\/v2\/media\/185241"}],"wp:attachment":[{"href":"https:\/\/dimensionturistica.com\/es\/wp-json\/wp\/v2\/media?parent=185240"}],"wp:term":[{"taxonomy":"category","embeddable":true,"href":"https:\/\/dimensionturistica.com\/es\/wp-json\/wp\/v2\/categories?post=185240"},{"taxonomy":"post_tag","embeddable":true,"href":"https:\/\/dimensionturistica.com\/es\/wp-json\/wp\/v2\/tags?post=185240"}],"curies":[{"name":"wp","href":"https:\/\/api.w.org\/{rel}","templated":true}]}}