{"id":185084,"date":"2021-09-03T20:01:18","date_gmt":"2021-09-03T20:01:18","guid":{"rendered":"https:\/\/dimensionturistica.com\/es\/?p=185084"},"modified":"2021-09-03T20:01:18","modified_gmt":"2021-09-03T20:01:18","slug":"turismo-estudiantil-es-inminente-el-retorno-de-los-viajes-de-egresados-a-bariloche","status":"publish","type":"post","link":"https:\/\/dimensionturistica.com\/es\/turismo-estudiantil-es-inminente-el-retorno-de-los-viajes-de-egresados-a-bariloche\/","title":{"rendered":"Turismo estudiantil &#8211; Es inminente el retorno de los viajes de egresados a Bariloche"},"content":{"rendered":"<p> <br \/>\n<\/p>\n<div>\n<p class=\"article-text\">\n        El titular de la Asociaci\u00f3n de Turismo Estudiantil de Bariloche, Daniel Garc\u00eda, -junto otros referentes-, se reuni\u00f3 este martes con el ministro de Turismo, Mat\u00edas Lammens, quien \u201cse comprometi\u00f3 a la semana pr\u00f3xima anunciar la fecha de retorno a la actividad\u201d. <strong>La esperanza del empresariado est\u00e1 puesta en el 25 de septiembre, pero entienden que se consensuar\u00e1 con las autoridades sanitarias.<\/strong>\n    <\/p>\n<p class=\"article-text\">\n        \u201cSi est\u00e1 la voluntad pol\u00edtica del Estado nacional de levantar, necesitamos que se anuncie la fecha cuanto antes, porque nos permite comenzar a trabajar para reprogramar los viajes, que requiere de unos 40 d\u00edas de anticipaci\u00f3n\u201d, explic\u00f3 Garc\u00eda.\n    <\/p>\n<p class=\"article-text\">\n        Los protocolos ya fueron presentados y corregidos en funci\u00f3n de las exigencias del Ministerio de Salud de la Naci\u00f3n, eximiendo del aislamiento al regresar a los pasajeros con dos dosis de vacunaci\u00f3n y fijando que los casos positivos deben esperar el alta en el destino.<strong> \u201cArmamos protocolos s\u00faper estrictos, en momentos en que la Argentina se est\u00e1 abriendo\u201d, <\/strong>compar\u00f3.\n    <\/p>\n<p class=\"article-text\">\n        Con tres mil pasajeros semanales, como est\u00e1 planteado, el retorno de la actividad permitir\u00eda a 20 mil j\u00f3venes de la promoci\u00f3n 2020 y a forty five mil de la 2021 concretar entre octubre y marzo el tradicional viaje de egresados. El n\u00famero es significativamente menor a los 200 mil que visitaba habitualmente la ciudad en dos a\u00f1os, en la prepandemia, cuando se trasladaban entre 8 mil y 10 mil estudiantes por semana.\n    <\/p>\n<blockquote class=\"quote\">\n<div class=\"quote-wrapper\">\n<p class=\"quote-text\">Como est\u00e1 planteado, el retorno de la actividad permitir\u00eda a 20 mil j\u00f3venes de la promoci\u00f3n 2020 y a forty five mil de la 2021 concretar entre octubre y marzo el tradicional viaje de egresados.<\/p>\n<\/p><\/div>\n<\/blockquote>\n<p class=\"article-text\">\n        Desde abril de este a\u00f1o <strong>los viajes de egresados se encuentran prohibidos por las autoridades sanitarias nacionales. <\/strong>Decisi\u00f3n que se tom\u00f3, junto a otras restricciones, para frenar la segunda ola de Covid-19 en el pa\u00eds, y se mantiene actualmente pese a la apertura de numerosas actividades y la evoluci\u00f3n en la campa\u00f1a de vacunaci\u00f3n.\n    <\/p>\n<p class=\"article-text\">\n        El referente de ATEBA cuestion\u00f3 la continuidad de la prohibici\u00f3n, evaluando que la rigurosidad de los protocolos que elaboraron en conjunto las autoridades provinciales, municipales y los privados \u201cnos termin\u00f3 jugando en contra\u201d. Al respecto, dijo que el estudiantil fue el \u00fanico segmento que testeaba y hac\u00eda p\u00fablicos los resultados, adem\u00e1s de establecer aislamientos preventivos. \u201cEsto fue noticia y gener\u00f3 ruido, pero que cualquier autoridad nacional me diga d\u00f3nde hubo un desborde sanitario producto del turismo estudiantil. No ocurri\u00f3 en ning\u00fan lado porque los protocolos funcionaron\u201d.\n    <\/p>\n<p class=\"article-text\">\n        El impacto, para un sector que tambi\u00e9n vio anulada su actividad econ\u00f3mica durante el primer confinamiento, es cuantioso, p<strong>ero se conocer\u00e1 en el mediano plazo, por las reglas de comercializaci\u00f3n propias del segmento,<\/strong> ya que los viajes se venden con dos a\u00f1os de antelaci\u00f3n y en las escuelas, que recientemente regresan a una paulatinamente presencialidad.\n    <\/p>\n<p class=\"article-text\">\n        \u201cVan 17 meses sin facturar, sin que los empleados temporarios nuestros reciban un sueldo completo, m\u00e1s all\u00e1 de las ayudas del Estado que uno agradece, es insostenible\u201d, advirti\u00f3, afirmando que las empresas \u201cconsumieron las utilidades del 2019, los ahorros y estamos en una situaci\u00f3n asfixiante\u201d.\n    <\/p>\n<blockquote class=\"quote\">\n<div class=\"quote-wrapper\">\n<p class=\"quote-text\">El segmento estudiantil, seg\u00fan el titular de ATEBA, genera el 35 por ciento del producto bruto del turismo producido en Bariloche y unos 4.500 empleos.<\/p>\n<\/p><\/div>\n<\/blockquote>\n<p class=\"article-text\">\n        El segmento estudiantil, seg\u00fan el titular de ATEBA, genera el 35 por ciento del producto bruto del turismo producido en Bariloche y unos 4.500 empleos. Las estad\u00edsticas oficiales del Municipio confirman que el sector ocup\u00f3 en 2019 m\u00e1s de 1,2 millones de plazas, representando un 34 por ciento del turismo recibido por la ciudad,<strong> que ese a\u00f1o tuvo picos de ocupaci\u00f3n del 95 por ciento.<\/strong>\n    <\/p>\n<p class=\"article-text\">\n        El detenimiento abrupto de esa rueda azot\u00f3 a los trabajadores y trabajadoras en basic y a los temporarios en specific. A modo de ejemplo, el jefe de Gabinete de la ciudad, Marcos Barberis, detall\u00f3 que un mozo cobraba un promedio de 60 mil pesos en la pre pandemia (sueldo m\u00e1s propinas) y ahora llevan 18 meses cobrando entre 15 y 18 mil pesos.\n    <\/p>\n<p class=\"article-text\">\n        Esta semana la situaci\u00f3n convoc\u00f3 a empresarios, sindicalistas y trabajadores en una manifestaci\u00f3n en el Centro C\u00edvico. En ese marco, el secretario basic del gremio hotelero gastron\u00f3mico (UTHGRA Bariloche), Nelson Rasini, exigi\u00f3 la reactivaci\u00f3n inmediata y anticip\u00f3 posibles medidas de fuerza ante \u201cla profunda crisis social y econ\u00f3mica que sufren nuestras familias por no percibir un salario digno en todo este tiempo\u201d.\n    <\/p>\n<p class=\"article-text\">\n        Los empresarios, anticip\u00f3 Garc\u00eda<strong>, ya piensan en un sistema comparable al PreViaje, de asistencia a las agencias<\/strong>, \u201cpara comercializar el destino y captar los pasajeros que no pudimos vender para el 2022 y que, por los meses que quedan, ser\u00e1 muy dif\u00edcil que puedan pagar las cuotas con el financiamiento que necesitan\u201d.\n    <\/p>\n<p class=\"article-text\">\n        <em>SR<\/em>\n    <\/p>\n<\/p><\/div>\n\n<p><em> &#8221; Fuentes www.eldiarioar.com &#8221; <\/em><\/p>\n","protected":false},"excerpt":{"rendered":"<p>El titular de la Asociaci\u00f3n de Turismo Estudiantil de Bariloche, Daniel Garc\u00eda, -junto otros referentes-, se reuni\u00f3 este martes con el ministro de Turismo, Mat\u00edas Lammens, quien \u201cse comprometi\u00f3 a la semana pr\u00f3xima anunciar la fecha de retorno a la actividad\u201d. La esperanza del empresariado est\u00e1 puesta en el 25 de septiembre, pero entienden que [&hellip;]<\/p>\n","protected":false},"author":4,"featured_media":185085,"comment_status":"open","ping_status":"closed","sticky":false,"template":"","format":"standard","meta":{"om_disable_all_campaigns":false,"jnews-multi-image_gallery":[],"jnews_single_post":[],"jnews_primary_category":[],"jnews_social_meta":[],"footnotes":""},"categories":[39],"tags":[563,3585,13853,13661,544],"class_list":["post-185084","post","type-post","status-publish","format-standard","has-post-thumbnail","hentry","category-viajes","tag-bariloche","tag-estudiantil","tag-inminente","tag-retorno","tag-turismo"],"_links":{"self":[{"href":"https:\/\/dimensionturistica.com\/es\/wp-json\/wp\/v2\/posts\/185084","targetHints":{"allow":["GET"]}}],"collection":[{"href":"https:\/\/dimensionturistica.com\/es\/wp-json\/wp\/v2\/posts"}],"about":[{"href":"https:\/\/dimensionturistica.com\/es\/wp-json\/wp\/v2\/types\/post"}],"author":[{"embeddable":true,"href":"https:\/\/dimensionturistica.com\/es\/wp-json\/wp\/v2\/users\/4"}],"replies":[{"embeddable":true,"href":"https:\/\/dimensionturistica.com\/es\/wp-json\/wp\/v2\/comments?post=185084"}],"version-history":[{"count":0,"href":"https:\/\/dimensionturistica.com\/es\/wp-json\/wp\/v2\/posts\/185084\/revisions"}],"wp:featuredmedia":[{"embeddable":true,"href":"https:\/\/dimensionturistica.com\/es\/wp-json\/wp\/v2\/media\/185085"}],"wp:attachment":[{"href":"https:\/\/dimensionturistica.com\/es\/wp-json\/wp\/v2\/media?parent=185084"}],"wp:term":[{"taxonomy":"category","embeddable":true,"href":"https:\/\/dimensionturistica.com\/es\/wp-json\/wp\/v2\/categories?post=185084"},{"taxonomy":"post_tag","embeddable":true,"href":"https:\/\/dimensionturistica.com\/es\/wp-json\/wp\/v2\/tags?post=185084"}],"curies":[{"name":"wp","href":"https:\/\/api.w.org\/{rel}","templated":true}]}}