{"id":183686,"date":"2021-09-01T16:41:10","date_gmt":"2021-09-01T16:41:10","guid":{"rendered":"https:\/\/dimensionturistica.com\/es\/?p=183686"},"modified":"2021-09-01T16:41:10","modified_gmt":"2021-09-01T16:41:10","slug":"dominique-crenn-premiada-por-su-trayectoria-profesional","status":"publish","type":"post","link":"https:\/\/dimensionturistica.com\/es\/dominique-crenn-premiada-por-su-trayectoria-profesional\/","title":{"rendered":"Dominique Crenn, premiada por su trayectoria profesional"},"content":{"rendered":"<p> <br \/>\n<\/p>\n<div>\n<p data-gtm-element-container=\"modulo-texto-link\" class=\"paragraph\">Heston Blumenthal en 2017, Gast\u00f3n Acurio en 2018, Jos\u00e9 Andr\u00e9s en 2019&#8230; Siguiendo la estela de algunos de los chef m\u00e1s legendarios de la historia de la cocina, este a\u00f1o el ganador del Icon Award 2021 \u2013un reconocimiento a la trayectoria profesional que otorga The World\u2019s 50 Finest Eating places \u2013 es para la cocinera francesa Dominique Crenn.\u00a0\u00a0<\/p>\n<p data-gtm-element-container=\"modulo-texto-link\" class=\"paragraph\">Despu\u00e9s de ser distinguida como\u00a0 la mejor chef femenina del mundo\u00a0en 2016, Crenn\u00a0hace doblete recibiendo este premio de los votantes de The World\u2019s 50 Finest Eating places que le ser\u00e1 entregado en la gala que se le celebrar\u00e1 en Amberes (B\u00e9lgica) el pr\u00f3ximo 5 de octubre para anunciar los nuevos 50 mejores restaurantes del mundo.<\/p>\n<p><span class=\"content-ad-module  hidden-ad\"><\/p>\n<p><span class=\"content-ad visible-xs roba-container  hidden-ad\"><span class=\"ad-unit roba\"><\/p>\n<p>                <\/span><\/span><span class=\"content-ad visible-md irr-container  hidden-ad\"><span class=\"ad-unit irr\"><\/p>\n<p>                <\/span><\/span><span class=\"content-html\"><span class=\"intext-md hidden-xs hidden-md\"\/><\/span><\/span><\/p>\n<p data-gtm-element-container=\"modulo-texto-link\" class=\"paragraph\">Al recibir este honor, Dominique Crenn declar\u00f3: &#8220;Que mi trabajo sea reconocido por mis compa\u00f1eros me llena de orgullo<\/p>\n<p data-gtm-element-container=\"modulo-texto-link\" class=\"paragraph\">y aprecio. Espero poder utilizar esta plataforma como una oportunidad para retribuir e inspirar a la<\/p>\n<p data-gtm-element-container=\"modulo-texto-link\" class=\"paragraph\">pr\u00f3xima generaci\u00f3n, para que sea fiel a s\u00ed misma y disfrute siempre del viaje&#8221;.\u00a0<\/p>\n<p><span class=\"content-subtitle \"><\/p>\n<h3 class=\"subtitle\">The World\u2019s 50 Finest Eating places celebrar\u00e1 su gala anual el pr\u00f3ximo 5 de octubre en Amberes (B\u00e9lgica)\u00a0<\/h3>\n<p><\/span><\/p>\n<p data-gtm-element-container=\"modulo-texto-link\" class=\"paragraph\">La chef, nacida en Francia y afincada en San Francisco (EE.UU), desarroll\u00f3 un gran inter\u00e9s por la cocina gracias a sus padres, antes de trasladarse a Estados Unidos con 24 a\u00f1os y comenzar su formaci\u00f3n profesional. Crenn se convirti\u00f3 en la primera mujer jefa de cocina en Yakarta, Indonesia, donde dirigi\u00f3 la cocina del Lodge Intercontinental.\u00a0<\/p>\n<p data-gtm-element-container=\"modulo-texto-link\" class=\"paragraph\">En 2011, tras regresar a San Francisco para trabajar en el aclamado restaurante Luce, la chef decidi\u00f3 abrir su propio restaurante en la misma ciudad: Atelier Crenn. Al cabo de unos meses, recibi\u00f3 su primera estrella Michelin y, al a\u00f1o siguiente, se convirti\u00f3 en la primera mujer chef en los Estados Unidos en dirigir un restaurante galardonado con dos estrellas. En 2018 volvi\u00f3 a batir su propio r\u00e9cord al conseguir su tercera estrella Michelin y en 2019 su establecimiento ocupaba el puesto 35 en la lista The World&#8217;s 50 Finest Eating places.<\/p>\n<p><span class=\"content-ad-module  hidden-ad\"><\/p>\n<p><span class=\"content-ad visible-xs irr-container  hidden-ad\"><span class=\"ad-unit irr\"><\/p>\n<p>                <\/span><\/span><span class=\"content-html\"><span class=\"intext-xs hidden-xs hidden-md\"\/><\/span><\/span><span class=\"content-free-html  \"><span class=\"block-element container-center\"><\/p>\n<blockquote class=\"instagram-media\" data-instgrm-captioned=\"\" data-instgrm-version=\"6\" style=\"background: #FFF; border: 0; border-radius: 3px; box-shadow: 0 0 1px 0 rgba(0,&#10;0, 0, 0.5), 0 1px 10px 0 rgba(0, 0, 0, 0.15); margin: 1px; max-width: 658px; padding: 0;&#10;width: 99.375%; width: -webkit-calc(100% - 2px); width: calc(100% - 2px);\"><p>\n<span class=\"block-element\" style=\"padding: 8px;\"> <span class=\"block-element\" style=\"background: #F8F8F8; line-height: 0; margin-top: 40px; padding: 62.5%&#10;0; text-align: center; width: 100%;\"> <span class=\"block-element\" style=\"background:&#10;url(data:image\/png;base64,iVBORw0KGgoAAAANSUhEUgAAACwAAAAsCAMAAAApWqozAAAAGFBMVEUiIiI9PT0eH&#10;h4gIB4hIBkcHBwcHBwcHBydr+JQAAAACHRSTlMABA4YHyQsM5jtaMwAAADfSURBVDjL7ZVBEgMhCAQBAf\/\/&#10;42xcNbpAqakcM0ftUmFAAIBE81IqBJdS3lS6zs3bIpB9WED3YYXFPmHRfT8sgyrCP1x8uEUxLMzNWElFOYCV6mHWWwM&#10;zdPEKHlhLw7NWJqkHc4uIZphavDzA2JPzUDsBZziNae2S6owH8xPmX8G7zzgKEOPUoYHvGz1TBCxMkd3kwNVbU0gKHk&#10;x+iZILf77IofhrY1nYFnB\/lQPb79drWOyJVa\/DAvg9B\/rLB4cC+Nqgdz\/TvBbBnr6GBReqn\/&#10;nRmDgaQEej7WhonozjF+Y2I\/fZou\/qAAAAAElFTkSuQmCC); display: block; height: 44px; margin: 0&#10;auto -44px; position: relative; top: -22px; width: 44px;\"\/><br \/>\n<\/span><\/p>\n<p><\/span>\n<\/p><\/blockquote>\n<p><\/span><\/span><\/p>\n<p data-gtm-element-container=\"modulo-texto-link\" class=\"paragraph\">La cocinera, que en cultiva sus productos en Sonoma -una localidad situada a poca distancia de San Francisco donde ha establecido su propia granja-, en 2015 abri\u00f3 su segundo restaurante: Petit Crenn, donde ofrece una oda a la cocina casera de Breta\u00f1a y a las cenas organizadas por su madre y su abuela. Bar Crenn, un bar de vinos situado junto al restaurante Atelier Crenn, se inaugur\u00f3 en 2018 como tributo a los salones parisinos de principios<\/p>\n<p data-gtm-element-container=\"modulo-texto-link\" class=\"paragraph\">del siglo XX.<\/p>\n<p data-gtm-element-container=\"modulo-texto-link\" class=\"paragraph\">Desde que le diagnosticaron c\u00e1ncer de mama en 2019 (ahora se encuentra en remisi\u00f3n), Crenn ha sido defensora de hablar abiertamente de su salud para ayudar a concienciar sobre esta<\/p>\n<p data-gtm-element-container=\"modulo-texto-link\" class=\"paragraph\">enfermedad.\u00a0<\/p>\n<p><span class=\"content-related content-border related-double \" data-gtm-element-container=\"modulo-noticias-relacionadas\"><\/p>\n<p>    <span class=\"module-supra-title\"><\/p>\n<p>    <span>Lee tambi\u00e9n<\/span><\/span><\/p>\n<p><span class=\"related-double-module-container \"><\/p>\n<p>    <\/span><span class=\"related-double-module-container \"><\/p>\n<p>    <\/span><\/span><span class=\"content-ad-module  hidden-ad\"><\/p>\n<p><span class=\"content-ad visible-xs roba-container  hidden-ad\"><span class=\"ad-unit roba\"><\/p>\n<p>                <\/span><\/span><\/span>\n<\/div>\n<p><script type=\"script\/gg\">\ngg.didomi.doWhenConsent(!window.didomiBypass, 'c:facebooka-frU9M5JY', function () {\n!function(f,b,e,v,n,t,s)\n{if(f.fbq)return;n=f.fbq=function(){n.callMethod?\nn.callMethod.apply(n,arguments):n.queue.push(arguments)};\nif(!f._fbq)f._fbq=n;n.push=n;n.loaded=!0;n.version='2.0';\nn.queue=[];t=b.createElement(e);t.async=!0;\nt.src=v;s=b.getElementsByTagName(e)[0];\ns.parentNode.insertBefore(t,s)}(window, document,'script',\n'https:\/\/connect.facebook.net\/en_US\/fbevents.js');\nfbq('init', '161843274362284');\nfbq('track', 'PageView');\n});\n<\/script><br \/>\n<br \/><\/p>\n<p><em> \u2018 The preceding article may include information circulated by third parties \u2019 <\/em><\/p>\n<p><em> \u2018 Some details of this article were extracted from the following source www.lavanguardia.com \u2019 <\/em><\/p>\n","protected":false},"excerpt":{"rendered":"<p>Heston Blumenthal en 2017, Gast\u00f3n Acurio en 2018, Jos\u00e9 Andr\u00e9s en 2019&#8230; Siguiendo la estela de algunos de los chef m\u00e1s legendarios de la historia de la cocina, este a\u00f1o el ganador del Icon Award 2021 \u2013un reconocimiento a la trayectoria profesional que otorga The World\u2019s 50 Finest Eating places \u2013 es para la cocinera [&hellip;]<\/p>\n","protected":false},"author":2,"featured_media":183687,"comment_status":"open","ping_status":"closed","sticky":false,"template":"","format":"standard","meta":{"om_disable_all_campaigns":false,"jnews-multi-image_gallery":[],"jnews_single_post":[],"jnews_primary_category":[],"jnews_social_meta":[],"footnotes":""},"categories":[43],"tags":[],"class_list":["post-183686","post","type-post","status-publish","format-standard","has-post-thumbnail","hentry","category-gourmet"],"_links":{"self":[{"href":"https:\/\/dimensionturistica.com\/es\/wp-json\/wp\/v2\/posts\/183686","targetHints":{"allow":["GET"]}}],"collection":[{"href":"https:\/\/dimensionturistica.com\/es\/wp-json\/wp\/v2\/posts"}],"about":[{"href":"https:\/\/dimensionturistica.com\/es\/wp-json\/wp\/v2\/types\/post"}],"author":[{"embeddable":true,"href":"https:\/\/dimensionturistica.com\/es\/wp-json\/wp\/v2\/users\/2"}],"replies":[{"embeddable":true,"href":"https:\/\/dimensionturistica.com\/es\/wp-json\/wp\/v2\/comments?post=183686"}],"version-history":[{"count":0,"href":"https:\/\/dimensionturistica.com\/es\/wp-json\/wp\/v2\/posts\/183686\/revisions"}],"wp:featuredmedia":[{"embeddable":true,"href":"https:\/\/dimensionturistica.com\/es\/wp-json\/wp\/v2\/media\/183687"}],"wp:attachment":[{"href":"https:\/\/dimensionturistica.com\/es\/wp-json\/wp\/v2\/media?parent=183686"}],"wp:term":[{"taxonomy":"category","embeddable":true,"href":"https:\/\/dimensionturistica.com\/es\/wp-json\/wp\/v2\/categories?post=183686"},{"taxonomy":"post_tag","embeddable":true,"href":"https:\/\/dimensionturistica.com\/es\/wp-json\/wp\/v2\/tags?post=183686"}],"curies":[{"name":"wp","href":"https:\/\/api.w.org\/{rel}","templated":true}]}}