{"id":183622,"date":"2021-09-01T15:43:41","date_gmt":"2021-09-01T15:43:41","guid":{"rendered":"https:\/\/dimensionturistica.com\/es\/?p=183622"},"modified":"2021-09-01T15:43:42","modified_gmt":"2021-09-01T15:43:42","slug":"50-best-rinde-homenaje-a-dominique-crenn-con-el-icon-award-2021-periodico-diario-horizonte","status":"publish","type":"post","link":"https:\/\/dimensionturistica.com\/es\/50-best-rinde-homenaje-a-dominique-crenn-con-el-icon-award-2021-periodico-diario-horizonte\/","title":{"rendered":"50 Best rinde homenaje a Dominique Crenn con el Icon Award 2021 \u2013 Periodico Diario Horizonte"},"content":{"rendered":"<p> <br \/>\n<\/p>\n<div>\n<p>LONDRES, 1 de septiembre de 2021 \/PRNewswire\/ \u2014 El d\u00eda de hoy, 50\u00a0Greatest tiene el honor de conceder el reconocimiento <b>Icon Award 2021<\/b> a la chef francesa <b>Dominique Crenn<\/b>, quien no solo ha hecho importantes contribuciones en el campo de la hospitalidad, sino que tambi\u00e9n ha utilizado su plataforma para concientizar y promover cambios positivos. Adem\u00e1s de haber sido nombrada The World\u2019s Greatest Feminine Chef en 2016, Crenn ha hecho historia a lo largo de su carrera marcando un camino para que sigan los futuros cooks.<\/p>\n<p>\u00a0<\/p>\n<div id=\"prni_dvprnejpgda7eleft\" style=\"WIDTH: 100%; TEXT-ALIGN: left\" dir=\"ltr\"><img decoding=\"async\" id=\"prnejpgda7eleft\" title=\"The winner of The World\u2019s 50 Best Restaurants Icon Award 2021 Dominique Crenn, co-owner and chef of Atelier Crenn in San Francisco, ranked No.35 on The World\u2019s 50 Best Restaurants list of 2019.\" border=\"0\" alt=\"The winner of The World\u2019s 50 Best Restaurants Icon Award 2021 Dominique Crenn, co-owner and chef of Atelier Crenn in San Francisco, ranked No.35 on The World\u2019s 50 Best Restaurants list of 2019.\" align=\"middle\" imagelabel=\"General\" src=\"https:\/\/mma.prnewswire.com\/media\/1601759\/50_Best_Icon_Award_2021.jpg \"\/><\/div>\n<p>\u00a0<\/p>\n<p>Dominique Crenn recibir\u00e1 su premio en la ceremonia oficial de The World\u2019s 50\u00a0Greatest Eating places con el patrocinio de S.Pellegrino &amp; <span class=\"xn-person\">Acqua Panna<\/span>, que se llevar\u00e1 a cabo en Amberes, Flandes, el 5 de octubre. <\/p>\n<p>La chef, nacida en Francia y radicada en <span class=\"xn-location\">San Francisco<\/span>, desarroll\u00f3 gran inter\u00e9s en la cocina gracias a sus padres, antes de mudarse a los Estados Unidos a los 24\u00a0a\u00f1os de edad para iniciar su preparaci\u00f3n formal. Crenn abri\u00f3 Atelier Crenn en <span class=\"xn-location\">San Francisco<\/span> en 2011, y en tan solo meses de operaci\u00f3n, el restaurante recibi\u00f3 su primera estrella Michel\u00edn. En 2012, Crenn se convirti\u00f3 en la primera chef de los Estados Unidos a cargo de un restaurante con dos estrellas. Luego super\u00f3 su propio r\u00e9cord en 2018 cuando Atelier Crenn alcanz\u00f3 el estatus de tres estrellas. En 2019, Atelier Crenn ocup\u00f3 el puesto\u00a035 en la lista The World\u2019s 50\u00a0Greatest Eating places.<\/p>\n<p>En 2019 Crenn fue diagnosticada con c\u00e1ncer de mama (ahora en fase de remisi\u00f3n), desde entonces, ella ha hablado abiertamente sobre su salud para crear conciencia sobre esta enfermedad. Siendo una persona que se autoidentifica como mitad europea y mitad norafricana, Crenn tambi\u00e9n apoy\u00f3 con pasi\u00f3n la campa\u00f1a Black Lives Matter desde 2020.<\/p>\n<p><span class=\"xn-person\">William Drew<\/span>, director de contenidos para The World\u2019s 50\u00a0Greatest Eating places, expres\u00f3: \u201cDominique Crenn no es solo una sobresaliente chef y empresaria de la industria de los restaurantes, sino tambi\u00e9n un ejemplo de alguien que habla con el poder de la verdad en todos los aspectos de su vida, a trav\u00e9s de su liderazgo, humanidad e interminable inter\u00e9s por la justicia social tanto dentro como fuera de la esfera de la hospitalidad\u201d.<\/p>\n<p>Dominique Crenn coment\u00f3: \u201cEs un incre\u00edble honor ser elegida como ganadora del premio 50\u00a0Best Icon Award este a\u00f1o. Que mi trabajo sea reconocido por mis pares me llena de mucho orgullo y aprecio. Espero poder usar esta plataforma como una oportunidad para retribuir e inspirar a la pr\u00f3xima generaci\u00f3n a ser fiel a s\u00ed misma y a siempre disfrutar del viaje\u201d.<\/p>\n<p><b>Registro y acceso al centro de medios:<\/b>\u00a0<br \/><a target=\"_blank\" href=\"https:\/\/nam11.safelinks.protection.outlook.com\/?url=https%3A%2F%2Fwww.theworlds50best.com%2Fmediacentre%2Fmedia-contacts&amp;data=04%7C01%7CSamira.Moudenib%40cision.com%7C9847c2daa5d2408911df08d9670c69de%7C887bf9ee3c824b88bcb280d5e169b99b%7C1%7C0%7C637654125296530104%7CUnknown%7CTWFpbGZsb3d8eyJWIjoiMC4wLjAwMDAiLCJQIjoiV2luMzIiLCJBTiI6Ik1haWwiLCJXVCI6Mn0%3D%7C1000&amp;sdata=HCYZpVidPV6koNuOZofwj1ZqFjTosWioKaOqjvpDihw%3D&amp;reserved=0\" rel=\"nofollow noopener\">https:\/\/www.theworlds50best.com\/mediacentre\/media-contacts<\/a>\u00a0<\/p>\n<p>Foto \u2013 <a target=\"_blank\" href=\"https:\/\/mma.prnewswire.com\/media\/1601759\/50_Best_Icon_Award_2021.jpg\" rel=\"nofollow noopener\">https:\/\/mma.prnewswire.com\/media\/1601759\/50_Best_Icon_Award_2021.jpg<\/a>\u00a0<br \/>Logotipo: <a target=\"_blank\" href=\"https:\/\/mma.prnewswire.com\/media\/1556362\/50_Best_Logo.jpg\" rel=\"nofollow noopener\">https:\/\/mma.prnewswire.com\/media\/1556362\/50_Best_Logo.jpg<\/a><\/p>\n<p>\u00a0<\/p>\n<div id=\"prni_dvprnejpge849left\" style=\"WIDTH: 100%; TEXT-ALIGN: left\" dir=\"ltr\"><img decoding=\"async\" id=\"prnejpge849left\" title=\"The World's 50 Best Restaurants 2021\" border=\"0\" alt=\"The World's 50 Best Restaurants 2021\" align=\"middle\" imagelabel=\"General\" src=\"https:\/\/mma.prnewswire.com\/media\/1556362\/50_Best_Logo.jpg\"\/><\/div>\n<p>\u00a0<\/p>\n<p>\u00a0<\/p>\n<p>FUENTE  50 Greatest<\/p>\n<\/div>\n<p><script type=\"text\/javascript\">(function(d,s,id){var js,fjs=d.getElementsByTagName(s)[0];if(d.getElementById(id)){return}js=d.createElement(s);js.id=id;js.src=\"http:\/\/connect.facebook.net\/en_US\/all.js\";fjs.parentNode.insertBefore(js,fjs)}(document,\"script\",\"facebook-jssdk\"));<\/script><br \/>\n<br \/><\/p>\n<p><em> \u2018 The preceding article may include information circulated by third parties \u2019 <\/em><\/p>\n<p><em> \u2018 Some details of this article were extracted from the following source diariohorizonte.com \u2019 <\/em><\/p>\n","protected":false},"excerpt":{"rendered":"<p>LONDRES, 1 de septiembre de 2021 \/PRNewswire\/ \u2014 El d\u00eda de hoy, 50\u00a0Greatest tiene el honor de conceder el reconocimiento Icon Award 2021 a la chef francesa Dominique Crenn, quien no solo ha hecho importantes contribuciones en el campo de la hospitalidad, sino que tambi\u00e9n ha utilizado su plataforma para concientizar y promover cambios positivos. [&hellip;]<\/p>\n","protected":false},"author":2,"featured_media":0,"comment_status":"open","ping_status":"closed","sticky":false,"template":"","format":"standard","meta":{"om_disable_all_campaigns":false,"jnews-multi-image_gallery":[],"jnews_single_post":[],"jnews_primary_category":[],"jnews_social_meta":[],"footnotes":""},"categories":[43],"tags":[],"class_list":["post-183622","post","type-post","status-publish","format-standard","hentry","category-gourmet"],"_links":{"self":[{"href":"https:\/\/dimensionturistica.com\/es\/wp-json\/wp\/v2\/posts\/183622","targetHints":{"allow":["GET"]}}],"collection":[{"href":"https:\/\/dimensionturistica.com\/es\/wp-json\/wp\/v2\/posts"}],"about":[{"href":"https:\/\/dimensionturistica.com\/es\/wp-json\/wp\/v2\/types\/post"}],"author":[{"embeddable":true,"href":"https:\/\/dimensionturistica.com\/es\/wp-json\/wp\/v2\/users\/2"}],"replies":[{"embeddable":true,"href":"https:\/\/dimensionturistica.com\/es\/wp-json\/wp\/v2\/comments?post=183622"}],"version-history":[{"count":0,"href":"https:\/\/dimensionturistica.com\/es\/wp-json\/wp\/v2\/posts\/183622\/revisions"}],"wp:attachment":[{"href":"https:\/\/dimensionturistica.com\/es\/wp-json\/wp\/v2\/media?parent=183622"}],"wp:term":[{"taxonomy":"category","embeddable":true,"href":"https:\/\/dimensionturistica.com\/es\/wp-json\/wp\/v2\/categories?post=183622"},{"taxonomy":"post_tag","embeddable":true,"href":"https:\/\/dimensionturistica.com\/es\/wp-json\/wp\/v2\/tags?post=183622"}],"curies":[{"name":"wp","href":"https:\/\/api.w.org\/{rel}","templated":true}]}}