{"id":183464,"date":"2021-09-01T09:14:02","date_gmt":"2021-09-01T09:14:02","guid":{"rendered":"https:\/\/dimensionturistica.com\/es\/?p=183464"},"modified":"2021-09-01T09:14:03","modified_gmt":"2021-09-01T09:14:03","slug":"50-best-concede-a-dominique-crenn-el-icon-award-2021","status":"publish","type":"post","link":"https:\/\/dimensionturistica.com\/es\/50-best-concede-a-dominique-crenn-el-icon-award-2021\/","title":{"rendered":"50 Best concede a Dominique Crenn el Icon Award 2021"},"content":{"rendered":"<p> <br \/>\n<\/p>\n<div id=\"CuerpoNoticiav2\" itemprop=\"articleBody\">\n<p><i>Icon Award condecora a una persona que ha hecho una contribuci\u00f3n sobresaliente a la industria de la restauraci\u00f3n digna de reconocimiento mundial<\/i><\/p>\n<p>LONDRES, 1 de septiembre de 2021 \/PRNewswire\/ &#8212; 50 Finest otorga hoy el honor del <strong>Icon Award 2021<\/strong> a la chef francesa <strong>Dominique Crenn<\/strong>, que no solo ha realizado importantes contribuciones en el \u00e1mbito de la hosteler\u00eda, sino que tambi\u00e9n ha utilizado su plataforma para concienciar e impulsar un cambio positivo. Adem\u00e1s de ser nombrada World&#8217;s Finest Feminine Chef en 2016, Crenn ha hecho historia a lo largo de su carrera y ha abierto un camino para los futuros cooks.<\/p>\n<p>Dominique Crenn recibir\u00e1 su premio en la ceremonia oficial de The World&#8217;s 50 Finest Eating places, patrocinada por S.Pellegrino &amp; <span>Acqua Panna<\/span>, que se celebrar\u00e1 en <span>Antwerp<\/span>, Flandes, el 5 de octubre.<\/p>\n<p><!--     Content_1     --><\/p>\n<p>La chef, nacida en Francia y afincada en <span>San Francisco<\/span>, desarroll\u00f3 un gran inter\u00e9s por la cocina gracias a sus padres antes de trasladarse a Estados Unidos con 24 a\u00f1os y comenzar su formaci\u00f3n formal. Crenn abri\u00f3 el Atelier Crenn en <span>San Francisco<\/span> en 2011 y el restaurante recibi\u00f3 su primera estrella Michelin en pocos meses. En 2012, Crenn se convirti\u00f3 en la primera mujer chef estadounidense en supervisar un restaurante con dos estrellas. Posteriormente, bati\u00f3 su propio r\u00e9cord en 2018, cuando Atelier Crenn alcanz\u00f3 la categor\u00eda de tres estrellas. En 2019, Atelier Crenn se situ\u00f3 en el n\u00famero 35 de la lista The World&#8217;s 50 Finest Eating places.<\/p>\n<p>Desde que le diagnosticaron c\u00e1ncer de mama en 2019 (ahora en remisi\u00f3n), Crenn ha hablado abiertamente sobre su salud para concienciar sobre la enfermedad. Como persona que se autoidentifica como medio europea y medio norafricana, Crenn tambi\u00e9n hizo una apasionada campa\u00f1a a favor de Black Lives Matter en 2020 y despu\u00e9s.<\/p>\n<p><span>William Drew<\/span>, director de Contenido para The World&#8217;s 50 Finest Eating places, dijo: &#8220;Dominique Crenn no s\u00f3lo es una excelente chef y restauradora, sino un ejemplo de alguien que dice la verdad al poder en todos los aspectos de su vida, a trav\u00e9s de su liderazgo, su humanidad y su interminable campa\u00f1a por la justicia social tanto dentro como fuera del \u00e1mbito de la hosteler\u00eda.&#8221;<\/p>\n<p><!--     Content_2     --><\/p>\n<p>Dominique Crenn coment\u00f3: &#8220;Es un honor incre\u00edble haber sido seleccionada como receptora del 50 Best Icon Award de este a\u00f1o. Que mi trabajo sea reconocido por mis compa\u00f1eros me llena de orgullo y aprecio. Espero utilizar esta plataforma como una oportunidad para devolver y para inspirar a la pr\u00f3xima generaci\u00f3n a ser fiel a s\u00ed misma y a disfrutar siempre del viaje&#8221;. <\/p>\n<p><strong>Registro y acceso al centro de medios:<\/strong><u><a target=\"_blank\" href=\"https:\/\/nam11.safelinks.protection.outlook.com\/?url=https%3A%2F%2Fwww.theworlds50best.com%2Fmediacentre%2Fmedia-contacts&amp;data=04%7C01%7CSamira.Moudenib%40cision.com%7C9847c2daa5d2408911df08d9670c69de%7C887bf9ee3c824b88bcb280d5e169b99b%7C1%7C0%7C637654125296530104%7CUnknown%7CTWFpbGZsb3d8eyJWIjoiMC4wLjAwMDAiLCJQIjoiV2luMzIiLCJBTiI6Ik1haWwiLCJXVCI6Mn0%3D%7C1000&amp;sdata=HCYZpVidPV6koNuOZofwj1ZqFjTosWioKaOqjvpDihw%3D&amp;reserved=0\" rel=\"noopener\">https:\/\/www.theworlds50best.com\/mediacentre\/media-contacts<\/a><\/u><\/p>\n<p>Photograph &#8211; <a target=\"_blank\" href=\"https:\/\/mma.prnewswire.com\/media\/1601759\/50_Best_Icon_Award_2021.jpg\" rel=\"noopener\">https:\/\/mma.prnewswire.com\/media\/1601759\/50_Best_Icon_Award_2021.jpg<\/a> Emblem &#8211; <u><a target=\"_blank\" href=\"https:\/\/mma.prnewswire.com\/media\/1556362\/50_Best_Logo.jpg\" rel=\"noopener\">https:\/\/mma.prnewswire.com\/media\/1556362\/50_Best_Logo.jpg<\/a><\/u><\/p>\n<\/div>\n\n<p><em> \u2018 The preceding article may include information circulated by third parties \u2019 <\/em><\/p>\n<p><em> \u2018 Some details of this article were extracted from the following source www.notimerica.com \u2019 <\/em><\/p>\n","protected":false},"excerpt":{"rendered":"<p>Icon Award condecora a una persona que ha hecho una contribuci\u00f3n sobresaliente a la industria de la restauraci\u00f3n digna de reconocimiento mundial LONDRES, 1 de septiembre de 2021 \/PRNewswire\/ &#8212; 50 Finest otorga hoy el honor del Icon Award 2021 a la chef francesa Dominique Crenn, que no solo ha realizado importantes contribuciones en el [&hellip;]<\/p>\n","protected":false},"author":2,"featured_media":183465,"comment_status":"open","ping_status":"closed","sticky":false,"template":"","format":"standard","meta":{"om_disable_all_campaigns":false,"jnews-multi-image_gallery":[],"jnews_single_post":[],"jnews_primary_category":[],"jnews_social_meta":[],"footnotes":""},"categories":[43],"tags":[],"class_list":["post-183464","post","type-post","status-publish","format-standard","has-post-thumbnail","hentry","category-gourmet"],"_links":{"self":[{"href":"https:\/\/dimensionturistica.com\/es\/wp-json\/wp\/v2\/posts\/183464","targetHints":{"allow":["GET"]}}],"collection":[{"href":"https:\/\/dimensionturistica.com\/es\/wp-json\/wp\/v2\/posts"}],"about":[{"href":"https:\/\/dimensionturistica.com\/es\/wp-json\/wp\/v2\/types\/post"}],"author":[{"embeddable":true,"href":"https:\/\/dimensionturistica.com\/es\/wp-json\/wp\/v2\/users\/2"}],"replies":[{"embeddable":true,"href":"https:\/\/dimensionturistica.com\/es\/wp-json\/wp\/v2\/comments?post=183464"}],"version-history":[{"count":0,"href":"https:\/\/dimensionturistica.com\/es\/wp-json\/wp\/v2\/posts\/183464\/revisions"}],"wp:featuredmedia":[{"embeddable":true,"href":"https:\/\/dimensionturistica.com\/es\/wp-json\/wp\/v2\/media\/183465"}],"wp:attachment":[{"href":"https:\/\/dimensionturistica.com\/es\/wp-json\/wp\/v2\/media?parent=183464"}],"wp:term":[{"taxonomy":"category","embeddable":true,"href":"https:\/\/dimensionturistica.com\/es\/wp-json\/wp\/v2\/categories?post=183464"},{"taxonomy":"post_tag","embeddable":true,"href":"https:\/\/dimensionturistica.com\/es\/wp-json\/wp\/v2\/tags?post=183464"}],"curies":[{"name":"wp","href":"https:\/\/api.w.org\/{rel}","templated":true}]}}