{"id":182962,"date":"2021-08-31T13:27:08","date_gmt":"2021-08-31T13:27:08","guid":{"rendered":"https:\/\/dimensionturistica.com\/es\/?p=182962"},"modified":"2021-08-31T13:27:09","modified_gmt":"2021-08-31T13:27:09","slug":"la-temporada-alta-de-verano-concluyo-con-60-de-ocupacion-hotelera-y-450-vuelos-diarios-en-promedio-en-cancun","status":"publish","type":"post","link":"https:\/\/dimensionturistica.com\/es\/la-temporada-alta-de-verano-concluyo-con-60-de-ocupacion-hotelera-y-450-vuelos-diarios-en-promedio-en-cancun\/","title":{"rendered":"La temporada alta de verano concluy\u00f3 con 60% de ocupaci\u00f3n hotelera y 450 vuelos diarios en promedio en Canc\u00fan"},"content":{"rendered":"<p> <br \/>\n<\/p>\n<div>\n<p><strong> AGENCIAS DE VIAJE INCREMENTARON VENTAS <\/strong><\/p>\n<p><strong> El mercado m\u00e1s importante todav\u00eda es el estadounidense, con 47 rutas al mismo n\u00famero de aeropuertos de las principales ciudades de la Uni\u00f3n Americana. <\/strong><\/p>\n<p>Canc\u00fan, QR. El pasado fin de semana concluy\u00f3 la temporada alta de Verano, con una ocupaci\u00f3n sostenida de 60% en Canc\u00fan y 450 vuelos diarios en promedio desde y hacia el aeropuerto de esta ciudad durante todo el mes de agosto.<\/p>\n<p>El mercado m\u00e1s importante, seg\u00fan los reportes de la Secretar\u00eda de Turismo estatal (Sedetur), a\u00fan es el estadounidense, con 47 rutas al mismo n\u00famero de aeropuertos de las principales ciudades de la Uni\u00f3n Americana.<\/p>\n<p>Previo al inicio del Verano, la Sedetur anticipaba que Quintana Roo recibir\u00eda alrededor de 2.8 millones de turistas, 20% menos respecto de los niveles prepandemia del 2019.<\/p>\n<p>As\u00ed lo anunci\u00f3 Marisol Vanegas, exsecretaria de Turismo del estado, quien asegur\u00f3 a finales de junio de este a\u00f1o que pese a que a\u00fan hay una diferencia de doble d\u00edgito a la baja en volumen complete de turistas captados por la entidad, el complete de viajeros estadounidenses que hab\u00eda visitado la entidad hasta antes de la temporada alta period ya mayor incluso que previo a la disaster sanitaria.<\/p>\n<p>Otro dato que habla del buen ritmo que tiene la recuperaci\u00f3n tur\u00edstica es el \u201celevad\u00edsimo\u201d nivel de retorno o repetitividad de los viajeros internacionales que capta la entidad, pues 65% de ellos ha visitado Quintana Roo al menos ya en dos ocasiones, asegur\u00f3 Marisol Vanegas.<\/p>\n<p>El reporte estad\u00edstico enero-junio que elabora la Sedetur refiere que en ese periodo la entidad ha recibido un complete de 2 millones 077,543 viajeros estadounidenses.<\/p>\n<h2>Reportes actualizados<\/h2>\n<p>Los resultados oficiales sobre el cierre a\u00fan no los emite la Sedetur, pero agencias como Value Journey reportan un incremento de doble d\u00edgito en sus ventas respecto al Verano del 2019 y de triple d\u00edgito en comparaci\u00f3n con el 2020.<\/p>\n<p>Jorge Restrepo, director de la agencia, destac\u00f3 que luego de m\u00e1s de a\u00f1o y medio de pandemia, la reci\u00e9n concluida temporada de Verano trajo un aumento de 45% en noches-cuarto vendidas en comparaci\u00f3n con el mismo periodo del 2019, con una estancia promedio de tres noches.<\/p>\n<p>El directivo se\u00f1al\u00f3 que los destinos nacionales m\u00e1s solicitados para el Verano fueron Canc\u00fan en primer lugar, seguido de Riviera Nayarit, Riviera Maya, Puerto Vallarta, Playa del Carmen y Acapulco.<\/p>\n<p>Sin embargo, tambi\u00e9n registraron una cifra importante de turistas que eligieron los destinos de ciudad, principalmente a la capital del pa\u00eds, Guadalajara, M\u00e9rida, Monterrey y Quer\u00e9taro.<\/p>\n<p>Jorge Restrepo refiri\u00f3 que el turismo internacional tuvo un repunte appreciable, siendo el pa\u00eds vecino el m\u00e1s solicitado en algunos destinos como Las Vegas, Nueva York, Orlando y Miami, y un lugar que se coloc\u00f3 entre los favoritos fue Punta Cana en Rep\u00fablica Dominicana. <strong>Texto\/ Fotos: Jes\u00fas V\u00e1zquez\/ El Economista \/  https:\/\/www.eleconomista.com.mx\/ Foto: Web<\/strong><\/p>\n<\/p><\/div>\n<p><script>(function(d, s, id) {\n  var js, fjs = d.getElementsByTagName(s)[0];\n  if (d.getElementById(id)) return;\n  js = d.createElement(s); js.id = id;\n  js.src = \"\/\/connect.facebook.net\/es_LA\/all.js#xfbml=1\";\n  fjs.parentNode.insertBefore(js, fjs);\n}(document, 'script', 'facebook-jssdk'));<\/script><br \/>\n<br \/><\/p>\n<p><em> &#8221; Fuentes www.marcrixnoticias.com &#8221; <\/em><\/p>\n","protected":false},"excerpt":{"rendered":"<p>AGENCIAS DE VIAJE INCREMENTARON VENTAS El mercado m\u00e1s importante todav\u00eda es el estadounidense, con 47 rutas al mismo n\u00famero de aeropuertos de las principales ciudades de la Uni\u00f3n Americana. Canc\u00fan, QR. El pasado fin de semana concluy\u00f3 la temporada alta de Verano, con una ocupaci\u00f3n sostenida de 60% en Canc\u00fan y 450 vuelos diarios en [&hellip;]<\/p>\n","protected":false},"author":4,"featured_media":182963,"comment_status":"open","ping_status":"closed","sticky":false,"template":"","format":"standard","meta":{"om_disable_all_campaigns":false,"jnews-multi-image_gallery":[],"jnews_single_post":[],"jnews_primary_category":[],"jnews_social_meta":[],"footnotes":""},"categories":[40],"tags":[1149,1064,10864,544],"class_list":["post-182962","post","type-post","status-publish","format-standard","has-post-thumbnail","hentry","category-industria","tag-ocupacion-hotelera","tag-quintana-roo","tag-temporada-de-verano","tag-turismo"],"_links":{"self":[{"href":"https:\/\/dimensionturistica.com\/es\/wp-json\/wp\/v2\/posts\/182962","targetHints":{"allow":["GET"]}}],"collection":[{"href":"https:\/\/dimensionturistica.com\/es\/wp-json\/wp\/v2\/posts"}],"about":[{"href":"https:\/\/dimensionturistica.com\/es\/wp-json\/wp\/v2\/types\/post"}],"author":[{"embeddable":true,"href":"https:\/\/dimensionturistica.com\/es\/wp-json\/wp\/v2\/users\/4"}],"replies":[{"embeddable":true,"href":"https:\/\/dimensionturistica.com\/es\/wp-json\/wp\/v2\/comments?post=182962"}],"version-history":[{"count":0,"href":"https:\/\/dimensionturistica.com\/es\/wp-json\/wp\/v2\/posts\/182962\/revisions"}],"wp:featuredmedia":[{"embeddable":true,"href":"https:\/\/dimensionturistica.com\/es\/wp-json\/wp\/v2\/media\/182963"}],"wp:attachment":[{"href":"https:\/\/dimensionturistica.com\/es\/wp-json\/wp\/v2\/media?parent=182962"}],"wp:term":[{"taxonomy":"category","embeddable":true,"href":"https:\/\/dimensionturistica.com\/es\/wp-json\/wp\/v2\/categories?post=182962"},{"taxonomy":"post_tag","embeddable":true,"href":"https:\/\/dimensionturistica.com\/es\/wp-json\/wp\/v2\/tags?post=182962"}],"curies":[{"name":"wp","href":"https:\/\/api.w.org\/{rel}","templated":true}]}}