{"id":182195,"date":"2021-08-30T09:15:26","date_gmt":"2021-08-30T09:15:26","guid":{"rendered":"https:\/\/dimensionturistica.com\/es\/?p=182195"},"modified":"2021-08-30T09:15:27","modified_gmt":"2021-08-30T09:15:27","slug":"promueve-burgos-nota-de-prensa-en-hosteltur","status":"publish","type":"post","link":"https:\/\/dimensionturistica.com\/es\/promueve-burgos-nota-de-prensa-en-hosteltur\/","title":{"rendered":"Promueve Burgos | Nota de prensa en Hosteltur"},"content":{"rendered":"<p> <br \/>\n<\/p>\n<div>\n<p>La capital burgalesa se convirti\u00f3 este mes en el epicentro de un acontecimiento deportivo de alcance mundial. La asociaci\u00f3n de la marca Burgos a este evento revela el gran potencial de proyecci\u00f3n de la ciudad como destino tur\u00edstico sostenible y saludable a descubrir. En este contexto el cicloturismo se presenta como una alternativa diferente y m\u00e1s sana para viajar este verano ya que permite interactuar con el entorno pure, el paisaje y el patrimonio cultural.<\/p>\n<p>A\u00f1o 2021: Burgos como ciudad de referencia del recorrido de \u201cLA VUELTA\u201d<\/p>\n<p>La ciudad acogi\u00f3 la salida de la 76\u00ba edici\u00f3n de la Vuelta a Espa\u00f1a con un claro protagonismo burgal\u00e9s, tanto por la salida este s\u00e1bado desde la capital, como por el a\u00f1adido de varios recorridos en las primeras etapas. Los diferentes circuitos trasladaron al espectador a distintas localizaciones relevantes de este espectacular destino tur\u00edstico como La Catedral de Burgos y las zonas de referencia del casco urbano, n\u00facleo central de la primera etapa. La segunda y tercera etapa tambi\u00e9n contaron con un n\u00famero importante de \u201cparadas\u201d obligadas para todo aquel que quiera conocer el entorno m\u00e1s pr\u00f3ximo a la ciudad. Se trata de las localidades de Santo Domingo de Silos o Caleruega, as\u00ed como la naturaleza exuberante del norte de Burgos con un fin de etapa el d\u00eda 16 de agosto en Pic\u00f3n Blanco.<\/p>\n<p>Adem\u00e1s, la ciudad cuenta con infraestructuras de calidad como el \u201cF\u00f3rum Evoluci\u00f3n, Palacio de Congresos y Auditorio\u201d, donde la organizaci\u00f3n de La Vuelta a Espa\u00f1a, con el apoyo de Promueve Burgos, ubic\u00f3 una oficina permanente y el Centro Internacional de Prensa. Un espacio que acogi\u00f3 la celebraci\u00f3n de diferentes eventos en los d\u00edas previos gracias al apoyo del Ayuntamiento de Burgos y las opciones que ofrecen las plazas y espacios abiertos peatonales, ubicados en pleno centro de la capital. Adem\u00e1s, los recursos puestos a disposici\u00f3n por Promueve Burgos en el amplio espacio de aparcamiento del \u201cComplejo de la Evoluci\u00f3n Humana\u201d han supuesto un valor a\u00f1adido.<\/p>\n<p>Cicloturismo para visitar la ciudad<\/p>\n<p>Los amantes de las dos ruedas encontrar\u00e1n en Burgos una de las ciudades con \u00edndice de zona verde por habitante m\u00e1s elevados de Espa\u00f1a. Este entorno es ultimate para recorrer en bici y disfrutar de su patrimonio siguiendo diferentes rutas a trav\u00e9s de sus m\u00e1s de 54 km de carril bici. Un recorrido que llevar\u00e1 al visitante por agradables paseos a la sombra de sus parques y jardines, como en el caso del Paseo de la Isla o el paseo de la Quinta. Itinerarios con dificultad baja para recorrer en familia y descubrir el trazado longitudinal del r\u00edo Arlanz\u00f3n a lo largo del cual se descubren imponentes edificios repletos de historia como el Arco de Santa Mar\u00eda, La Catedral de Burgos, o los Monasterios de la Cartuja de Miraflores y de las Huelgas (Patrimonio Nacional).<\/p>\n<p>La visita a la ciudad en bicicleta hace las delicias de grandes y peque\u00f1os ya que en esta \u00e9poca veraniega ofrece numerosos espacios para el ocio. Entre ellos se encuentran la playa fluvial de Fuente Prior, las actividades l\u00fadicas que rodean al Tenting de Fuentes Blancas o las zonas de juego que ofrecen espacios al aire libre como el Parque de Fuentes Blancas o el cerro del Castillo.<\/p>\n<p>Circuito de monta\u00f1a por el parque del Castillo<\/p>\n<p>Para los amantes de la bici de monta\u00f1a, Burgos cuenta con un recorrido que se encuentra en uno de los mejores parques de la ciudad y que, adem\u00e1s, est\u00e1 avalado por el Open Nacional de BBT que, durante dos a\u00f1os realiz\u00f3 pruebas all\u00ed. Se trata de un circuito de unos 15 kil\u00f3metros que incluye: sendas, caminos, desniveles y cuestas convirti\u00e9ndolo en uno de los m\u00e1s completos del casco urbano para bici de monta\u00f1a.<\/p>\n<div class=\"wysiwyg-photo\"><img decoding=\"async\" src=\"https:\/\/static.hosteltur.com\/app\/public\/uploads\/img\/releases\/2021\/08\/30\/L_101159_cicloturismo-burgos-2.jpg\" alt=\"Imagen nota de prensa Hosteltur\" width=\"2000\" height=\"1580\"\/><\/div>\n<p>M\u00e1s informaci\u00f3n:<\/p>\n<p>Sobre PROMUEVE BURGOS<\/p>\n<p>La Sociedad para la Promoci\u00f3n y Desarrollo de la Ciudad de Burgos, S.A. (PROMUEVE BURGOS), en su condici\u00f3n de medio propio y servicio t\u00e9cnico del Excmo. Ayuntamiento de Burgos, tiene por objeto la promoci\u00f3n de la ciudad desde su vertiente tur\u00edstica, industrial, log\u00edstica, cultural y congresual, mediante el establecimiento de canales de cooperaci\u00f3n p\u00fablico-privada; la organizaci\u00f3n o colaboraci\u00f3n con otras entidades en la realizaci\u00f3n de actividades econ\u00f3micas, culturales, deportivas y recreativas; la captaci\u00f3n, organizaci\u00f3n directa o colaboraci\u00f3n con otras entidades de Congresos, Ferias y Exposiciones; la recepci\u00f3n y gesti\u00f3n de toda clase de iniciativas p\u00fablicas o privadas, para la expansi\u00f3n y mejora de los servicios tur\u00edsticos; y la planificaci\u00f3n y elaboraci\u00f3n de estudios, proyectos y programas de captaci\u00f3n de inversiones y subvenciones p\u00fablico-privadas.<\/p>\n<p>Para m\u00e1s informaci\u00f3n, materials gr\u00e1fico y entrevistas:<\/p>\n<p>Sandra Mart\u00edn &#8211; smartin@cciba.internet<\/p>\n<p>Tel\u00e9fono: 91 575 71 21<\/p>\n<\/p><\/div>\n<p><script>\n        !function(f,b,e,v,n,t,s)\n        {if(f.fbq)return;n=f.fbq=function(){n.callMethod?\n            n.callMethod.apply(n,arguments):n.queue.push(arguments)};\n            if(!f._fbq)f._fbq=n;n.push=n;n.loaded=!0;n.version='2.0';\n            n.queue=[];t=b.createElement(e);t.async=!0;\n            t.src=v;s=b.getElementsByTagName(e)[0];\n            s.parentNode.insertBefore(t,s)}(window, document,'script',\n            'https:\/\/connect.facebook.net\/en_US\/fbevents.js');\n        fbq('init', '819396665363898');\n        fbq('track', 'PageView');\n    <\/script><br \/>\n<br \/><\/p>\n<p><em> &#8221; Fuentes www.hosteltur.com &#8221; <\/em><\/p>\n","protected":false},"excerpt":{"rendered":"<p>La capital burgalesa se convirti\u00f3 este mes en el epicentro de un acontecimiento deportivo de alcance mundial. La asociaci\u00f3n de la marca Burgos a este evento revela el gran potencial de proyecci\u00f3n de la ciudad como destino tur\u00edstico sostenible y saludable a descubrir. En este contexto el cicloturismo se presenta como una alternativa diferente y [&hellip;]<\/p>\n","protected":false},"author":4,"featured_media":182196,"comment_status":"open","ping_status":"closed","sticky":false,"template":"","format":"standard","meta":{"om_disable_all_campaigns":false,"jnews-multi-image_gallery":[],"jnews_single_post":[],"jnews_primary_category":[],"jnews_social_meta":[],"footnotes":""},"categories":[39],"tags":[715],"class_list":["post-182195","post","type-post","status-publish","format-standard","has-post-thumbnail","hentry","category-viajes","tag-economia"],"_links":{"self":[{"href":"https:\/\/dimensionturistica.com\/es\/wp-json\/wp\/v2\/posts\/182195","targetHints":{"allow":["GET"]}}],"collection":[{"href":"https:\/\/dimensionturistica.com\/es\/wp-json\/wp\/v2\/posts"}],"about":[{"href":"https:\/\/dimensionturistica.com\/es\/wp-json\/wp\/v2\/types\/post"}],"author":[{"embeddable":true,"href":"https:\/\/dimensionturistica.com\/es\/wp-json\/wp\/v2\/users\/4"}],"replies":[{"embeddable":true,"href":"https:\/\/dimensionturistica.com\/es\/wp-json\/wp\/v2\/comments?post=182195"}],"version-history":[{"count":0,"href":"https:\/\/dimensionturistica.com\/es\/wp-json\/wp\/v2\/posts\/182195\/revisions"}],"wp:featuredmedia":[{"embeddable":true,"href":"https:\/\/dimensionturistica.com\/es\/wp-json\/wp\/v2\/media\/182196"}],"wp:attachment":[{"href":"https:\/\/dimensionturistica.com\/es\/wp-json\/wp\/v2\/media?parent=182195"}],"wp:term":[{"taxonomy":"category","embeddable":true,"href":"https:\/\/dimensionturistica.com\/es\/wp-json\/wp\/v2\/categories?post=182195"},{"taxonomy":"post_tag","embeddable":true,"href":"https:\/\/dimensionturistica.com\/es\/wp-json\/wp\/v2\/tags?post=182195"}],"curies":[{"name":"wp","href":"https:\/\/api.w.org\/{rel}","templated":true}]}}