{"id":181800,"date":"2021-08-28T23:04:38","date_gmt":"2021-08-28T23:04:38","guid":{"rendered":"https:\/\/dimensionturistica.com\/es\/?p=181800"},"modified":"2021-08-28T23:04:38","modified_gmt":"2021-08-28T23:04:38","slug":"buscaba-mejores-condiciones-de-vida-pero-lo-secuestro-la-mara-noticias-vespertinas","status":"publish","type":"post","link":"https:\/\/dimensionturistica.com\/es\/buscaba-mejores-condiciones-de-vida-pero-lo-secuestro-la-mara-noticias-vespertinas\/","title":{"rendered":"Buscaba mejores condiciones de vida, pero lo secuestr\u00f3 &#8220;La Mara&#8221; &#8211; Noticias Vespertinas"},"content":{"rendered":"<p> <br \/>\n<\/p>\n<div id=\"content-body-5851641-7143066\">\n<p>Le\u00f3n, Gto.- <b>Kevin Agust\u00edn Agust\u00edn <\/b>es originario de Guatemala, donde period ayudante de alba\u00f1il. <b>Hace tres a\u00f1os en su intento por lograr el &#8220;sue\u00f1o americano&#8221; fue secuestrado por miembros de la Mara<\/b>, pero est\u00e1 contento de poderlo contar; sin importar el peligro nuevamente regres\u00f3 a M\u00e9xico, pero ahora con su familia.<\/p>\n<p><b>Kevin de 23 a\u00f1os dej\u00f3 su pa\u00eds acompa\u00f1ado de su esposa Kimberly Ocampo<\/b>, quien tiene la misma edad y su hijo Kevin Jos\u00fae de tres a\u00f1os, sobre todo porque su casa y cuestiones materiales se terminaron con la erupci\u00f3n del volc\u00e1n Payaca en marzo de este a\u00f1o. <\/p>\n<p>El migrante quiere buscar la ciudadan\u00eda mexicana porque est\u00e1 cansado de que su vida peligre a cada momento, pero sobre todo de arriesgar a su familia. <\/p>\n<p>Hace tres a\u00f1os intent\u00f3 cruzar por primera vez hacia Estados Unidos, pero integrantes de la Mara lo secuestraron cerca de San Luis Potos\u00ed, iba con una acquainted que se encontr\u00f3 en el camino. Los bajaron del tren y le ped\u00edan n\u00fameros de la familia para llamarles y exigirles dinero. <\/p>\n<p><b>&#x2b07;&#xfe0f;Da clic aqu\u00ed&#x2b07;&#xfe0f;<\/b><\/p>\n<p>\u201cNos ten\u00edan en un cuarto solos, nos amarraron gracias a Dios y nos amenazaban con pistolas y nos golpeaban para que di\u00e9ramos los n\u00fameros, pero mi familia no tiene dinero\u201d, explic\u00f3. <\/p>\n<p>Por fortuna los soltaron y pudieron llegar hasta Piedras Negras, donde los deportaron y volvi\u00f3 a comenzar su calvario. <\/p>\n<p>Lo m\u00e1s dif\u00edcil explic\u00f3 ha sido el fr\u00edo que pasan sobre todo porque tienen un ni\u00f1o peque\u00f1o, algunas veces duermen en la calle y otras hay personas que le brindan el apoyo. <b>Diario sale a conseguir dinero para pagar d\u00f3nde dormir. <\/b><\/p>\n<p><b>Peligro y sufrimiento constantes<\/b><\/p>\n<p>Coment\u00f3 que durante su traves\u00eda lo m\u00e1s duro fue ver cuando integrantes de las maras o bandas que piden cuota para viajar en el tren conocido como \u201cLa Bestia\u201d, el cual recorre desde Tenosique, Tabasco hasta Estados Unidos.<\/p>\n<p>\u201cTiraban mujeres y hombres del tren en movimiento, uno no puede decir nada porque si uno habla o hace algo, se van contra uno. Uno cuida su vida. <b>A ellos no les importa nada<\/b>, lo \u00fanico que quieren es dinero\u201d, record\u00f3.<\/p>\n<p>Dijo que al principio dejan que la gente suba al tren, pero cuando est\u00e1 en movimiento comienzan a cobrar la cuota, se enojan, los golpean y los lanzan al vac\u00edo cuando no les dan dinero. <\/p>\n<p>Les exigen un pago de 500 d\u00f3lares, s\u00f3lo por viajar en el tren \u201cme toc\u00f3 ver cuando a mujeres embarazadas las golpeaban y las tiraban del tren porque quer\u00edan dinero. Nosotros no pagamos, y les dijimos que no ten\u00edamos familia, que estamos de la mano de Dios y nos perdonaron m\u00e1s que todo por el beb\u00e9\u201d, relat\u00f3. <\/p>\n<p>En &#8220;la Bestia\u201d viajan cientos de personas, en ocasiones, hasta 40 personas en un solo vag\u00f3n \u201cse viene cuidando uno, hasta tres d\u00edas uno viene sufriendo los olores, porque no se puede ba\u00f1ar incluso ah\u00ed hace del ba\u00f1o(&#8230;)\u201d, explic\u00f3. <\/p>\n<p>Desde Chiapas para llegar a Coatzacoalcos, Veracruz se hace un recorrido de aproximadamente una semana, deben apartar su lugar, s\u00f3lo se cambian de ropa y la muda la tiran, porque no hay tiempo de lavarla. <\/p>\n<p>Dijo que miembros de las bandas llegan en grupos de hasta seis personas, est\u00e1n armados con machetes y armas de fuego cortas as\u00ed como las llamadas \u201ccuernos de chivo\u201d. Hay muchos hombres de entre 20 a 40 a\u00f1os, que en ese momento tienen el poder y se debe hacer lo que dicen o la muerte es segura.<\/p>\n<\/div>\n<p><script>(function(d, s, id) {\nvar js, fjs = d.getElementsByTagName(s)[0];\nif (d.getElementById(id)) return;\njs = d.createElement(s); js.id = id;\njs.src=\"https:\/\/connect.facebook.net\/es_LA\/sdk.js#xfbml=1&version=v3.2&appId=393400154465182&autoLogAppEvents=1\";\nfjs.parentNode.insertBefore(js, fjs);\n}(document, 'script', 'facebook-jssdk'));\n<\/script><br \/>\n<br \/><\/p>\n<p><em> &#8221; Fuentes www.noticiasvespertinas.com.mx &#8221; <\/em><\/p>\n","protected":false},"excerpt":{"rendered":"<p>Le\u00f3n, Gto.- Kevin Agust\u00edn Agust\u00edn es originario de Guatemala, donde period ayudante de alba\u00f1il. Hace tres a\u00f1os en su intento por lograr el &#8220;sue\u00f1o americano&#8221; fue secuestrado por miembros de la Mara, pero est\u00e1 contento de poderlo contar; sin importar el peligro nuevamente regres\u00f3 a M\u00e9xico, pero ahora con su familia. Kevin de 23 a\u00f1os [&hellip;]<\/p>\n","protected":false},"author":4,"featured_media":181763,"comment_status":"open","ping_status":"closed","sticky":false,"template":"","format":"standard","meta":{"om_disable_all_campaigns":false,"jnews-multi-image_gallery":[],"jnews_single_post":[],"jnews_primary_category":[],"jnews_social_meta":[],"footnotes":""},"categories":[39],"tags":[30481],"class_list":["post-181800","post","type-post","status-publish","format-standard","has-post-thumbnail","hentry","category-viajes","tag-familias-migrantes"],"_links":{"self":[{"href":"https:\/\/dimensionturistica.com\/es\/wp-json\/wp\/v2\/posts\/181800","targetHints":{"allow":["GET"]}}],"collection":[{"href":"https:\/\/dimensionturistica.com\/es\/wp-json\/wp\/v2\/posts"}],"about":[{"href":"https:\/\/dimensionturistica.com\/es\/wp-json\/wp\/v2\/types\/post"}],"author":[{"embeddable":true,"href":"https:\/\/dimensionturistica.com\/es\/wp-json\/wp\/v2\/users\/4"}],"replies":[{"embeddable":true,"href":"https:\/\/dimensionturistica.com\/es\/wp-json\/wp\/v2\/comments?post=181800"}],"version-history":[{"count":0,"href":"https:\/\/dimensionturistica.com\/es\/wp-json\/wp\/v2\/posts\/181800\/revisions"}],"wp:featuredmedia":[{"embeddable":true,"href":"https:\/\/dimensionturistica.com\/es\/wp-json\/wp\/v2\/media\/181763"}],"wp:attachment":[{"href":"https:\/\/dimensionturistica.com\/es\/wp-json\/wp\/v2\/media?parent=181800"}],"wp:term":[{"taxonomy":"category","embeddable":true,"href":"https:\/\/dimensionturistica.com\/es\/wp-json\/wp\/v2\/categories?post=181800"},{"taxonomy":"post_tag","embeddable":true,"href":"https:\/\/dimensionturistica.com\/es\/wp-json\/wp\/v2\/tags?post=181800"}],"curies":[{"name":"wp","href":"https:\/\/api.w.org\/{rel}","templated":true}]}}