{"id":181736,"date":"2021-08-28T20:36:29","date_gmt":"2021-08-28T20:36:29","guid":{"rendered":"https:\/\/dimensionturistica.com\/es\/?p=181736"},"modified":"2021-08-28T20:36:30","modified_gmt":"2021-08-28T20:36:30","slug":"por-huracan-nora-cancelan-arribo-del-carnival-panorama-a-mazatlan","status":"publish","type":"post","link":"https:\/\/dimensionturistica.com\/es\/por-huracan-nora-cancelan-arribo-del-carnival-panorama-a-mazatlan\/","title":{"rendered":"Por hurac\u00e1n Nora, Cancelan arribo del Carnival Panorama a Mazatl\u00e1n"},"content":{"rendered":"<p> <br \/>\n<\/p>\n<div>\n<p>Sinaloa.- El mal tiempo originado por el hasta entonces <strong>hurac\u00e1n \u201cNora\u201d<\/strong> categor\u00eda 1, orill\u00f3 a que se suspendiera el arribo del <strong>crucero tur\u00edstico <\/strong>\u201cCarnival Panorama\u201d, que estaba programado para la pr\u00f3xima semana en <a rel=\"nofollow noopener\" target=\"_blank\" href=\"https:\/\/www.debate.com.mx\/seccion\/mazatlan\/\">Mazatl\u00e1n<\/a>, Sinaloa.<\/p>\n<p>Se trataba del segundo arribo del buque, que el pasado mi\u00e9rcoles reactiv\u00f3 la temporada de cruceros tur\u00edsticos en el municipio de Mazatl\u00e1n, a a\u00f1o y medio que se suspendiera por la contingencia sanitaria originada por la pandemia del <strong>Covid-19<\/strong>.\u00a0<\/p>\n<p>El mi\u00e9rcoles 1 de septiembre se contemplaba que al municipio atracara por segunda ocasi\u00f3n el Carnival Panorama, pero debido a las malas condiciones climatol\u00f3gicas\u00a0que se contemplan para ese d\u00eda, su arribo tuvo que suspenderse.<\/p>\n<p>Esta ma\u00f1ana, la agencia naviera Orona dio a conocer la suspensi\u00f3n de la llegada del crucero tur\u00edstico, la cual se deriv\u00f3 por el mal tiempo originado por el hurac\u00e1n \u201cNora\u201d.<\/p>\n<p>\u201cBuenos d\u00edas a todos, para su conocimiento que por motivo de la proximidad del hurac\u00e1n Nora en el Pac\u00edfico, el crucero Carnival Panorama cancela su escala del 01 de septiembre\u201d.<\/p>\n<p>En el mensaje, la empresa aclar\u00f3 que en cuanto tuvieran la nueva fecha de arribo del buque tur\u00edstico, ser\u00eda dado a conocer a la comunidad, principalmente al sector tur\u00edstico.<\/p>\n<p>Oscar P\u00e9rez Barros, Secretario de Turismo del Estado, confirm\u00f3 la cancelaci\u00f3n del arribo del nav\u00edo, el cual se deriv\u00f3 por el mal tiempo originado por el fen\u00f3meno meteorol\u00f3gico.<\/p>\n<p><strong>Leer m\u00e1s:<\/strong>\u00a0<a rel=\"nofollow noopener\" target=\"_blank\" href=\"https:\/\/www.debate.com.mx\/mazatlan\/Huracan-Nora-los-primeros-municipios-de-Sinaloa-en-sentir-su-fuerza-seran-Mazatlan-Escuinapa-y-El-Rosario-20210828-0111.html\">Hurac\u00e1n Nora, los primeros municipios de Sinaloa en sentir su fuerza ser\u00e1n Mazatl\u00e1n, Escuinapa y El Rosario<\/a><\/p>\n<p>Dijo que se mantienen al pendiente del regreso de los cruceros tur\u00edsticos a Mazatl\u00e1n, luego que dejaran de llegar por la contingencia sanitaria del Covid-19, que se presenta en el pa\u00eds desde marzo del 2020.<\/p>\n<div class=\"ck-video-player\"> <amp-iframe width=\"640\" height=\"360\" sandbox=\"allow-scripts allow-same-origin allow-presentation\" allowfullscreen=\"\" frameborder=\"0\" layout=\"responsive\" src=\"https:\/\/iframe.debate.com.mx\/ajax\/get_share_video.html?id=\/videos\/video-flash\/2021\/08\/28\/240495149_3018237821777330_5538724624605540792_n.mp4\" class=\"i-amphtml-layout-responsive i-amphtml-layout-size-defined\" i-amphtml-layout=\"responsive\"><i-amphtml-sizer style=\"display:block;padding-top:56.25%\"\/> <amp-img src=\"https:\/\/www.debate.com.mx\/img\/2021\/08\/28\/colima_nora_3.jpg\" layout=\"fill\" placeholder=\"\" class=\"i-amphtml-layout-fill i-amphtml-layout-size-defined\" i-amphtml-layout=\"fill\"\/> <\/amp-iframe><figcaption> Gobernador de Colima muestra primeras afectaciones por hurac\u00e1n Nora <\/figcaption><\/div>\n<\/div>\n\n<p><em> &#8221; Fuentes www.debate.com.mx &#8221; <\/em><\/p>\n","protected":false},"excerpt":{"rendered":"<p>Sinaloa.- El mal tiempo originado por el hasta entonces hurac\u00e1n \u201cNora\u201d categor\u00eda 1, orill\u00f3 a que se suspendiera el arribo del crucero tur\u00edstico \u201cCarnival Panorama\u201d, que estaba programado para la pr\u00f3xima semana en Mazatl\u00e1n, Sinaloa. Se trataba del segundo arribo del buque, que el pasado mi\u00e9rcoles reactiv\u00f3 la temporada de cruceros tur\u00edsticos en el municipio [&hellip;]<\/p>\n","protected":false},"author":4,"featured_media":181737,"comment_status":"open","ping_status":"closed","sticky":false,"template":"","format":"standard","meta":{"om_disable_all_campaigns":false,"jnews-multi-image_gallery":[],"jnews_single_post":[],"jnews_primary_category":[],"jnews_social_meta":[],"footnotes":""},"categories":[41],"tags":[2524,30478,2481],"class_list":["post-181736","post","type-post","status-publish","format-standard","has-post-thumbnail","hentry","category-cruceros","tag-huracan","tag-huracan-nora","tag-sinaloa"],"_links":{"self":[{"href":"https:\/\/dimensionturistica.com\/es\/wp-json\/wp\/v2\/posts\/181736","targetHints":{"allow":["GET"]}}],"collection":[{"href":"https:\/\/dimensionturistica.com\/es\/wp-json\/wp\/v2\/posts"}],"about":[{"href":"https:\/\/dimensionturistica.com\/es\/wp-json\/wp\/v2\/types\/post"}],"author":[{"embeddable":true,"href":"https:\/\/dimensionturistica.com\/es\/wp-json\/wp\/v2\/users\/4"}],"replies":[{"embeddable":true,"href":"https:\/\/dimensionturistica.com\/es\/wp-json\/wp\/v2\/comments?post=181736"}],"version-history":[{"count":0,"href":"https:\/\/dimensionturistica.com\/es\/wp-json\/wp\/v2\/posts\/181736\/revisions"}],"wp:featuredmedia":[{"embeddable":true,"href":"https:\/\/dimensionturistica.com\/es\/wp-json\/wp\/v2\/media\/181737"}],"wp:attachment":[{"href":"https:\/\/dimensionturistica.com\/es\/wp-json\/wp\/v2\/media?parent=181736"}],"wp:term":[{"taxonomy":"category","embeddable":true,"href":"https:\/\/dimensionturistica.com\/es\/wp-json\/wp\/v2\/categories?post=181736"},{"taxonomy":"post_tag","embeddable":true,"href":"https:\/\/dimensionturistica.com\/es\/wp-json\/wp\/v2\/tags?post=181736"}],"curies":[{"name":"wp","href":"https:\/\/api.w.org\/{rel}","templated":true}]}}