{"id":181553,"date":"2021-08-28T09:55:51","date_gmt":"2021-08-28T09:55:51","guid":{"rendered":"https:\/\/dimensionturistica.com\/es\/?p=181553"},"modified":"2021-08-28T09:55:51","modified_gmt":"2021-08-28T09:55:51","slug":"castellon-senior-retoma-en-septiembre-los-viajes-por-la-provincia-con-plazas-aun-por-cubrir","status":"publish","type":"post","link":"https:\/\/dimensionturistica.com\/es\/castellon-senior-retoma-en-septiembre-los-viajes-por-la-provincia-con-plazas-aun-por-cubrir\/","title":{"rendered":"Castell\u00f3n S\u00e9nior retoma en septiembre los viajes por la provincia con plazas a\u00fan por cubrir"},"content":{"rendered":"<p> <br \/>\n<\/p>\n<div>\n<p>CASTELL\u00d3. <span><span lang=\"es-ES-u-co-trad\">La Diputaci\u00f3n Provincial retomar\u00e1 este mes de septiembre el programa de vacaciones Castell\u00f3n S\u00e9nior para gente mayor, una iniciativa que desarrolla la instituci\u00f3n a trav\u00e9s del Patronato de Turismo y que busca respaldar la reactivaci\u00f3n del sector tur\u00edstico de las comarcas castellonenses cumpliendo siempre todas las medidas sanitarias y de seguridad que requiere la precise situaci\u00f3n de pandemia por la Covid-19.<\/span><\/span><\/p>\n<p align=\"justify\"><span><span lang=\"es-ES-u-co-trad\">El presidente de la Diputaci\u00f3n, <strong>Jos\u00e9 Mart\u00ed,\u00a0<\/strong>ha destacado \u201cnuestra firme apuesta por estar al lado de nuestros empresarios tur\u00edsticos, pues hemos demostrado estos meses que, con el estricto control sanitario que requiere la emergencia sanitaria que vivimos, hemos trabajado por mantener Castell\u00f3n S\u00e9nior, un programa que da una oportunidad a nuestros mayores por conocer mejor nuestro territorio durante todo el a\u00f1o y, adem\u00e1s, sirve de apoyo sin fisuras al sector tur\u00edstico de la provincia\u201d.<\/span><\/span><\/p>\n<p align=\"justify\"><span><span lang=\"es-ES-u-co-trad\">Mart\u00ed, en esta l\u00ednea, ha puesto en valor la campa\u00f1a de vacunaci\u00f3n que se est\u00e1 desarrollando desde hace meses en la Comunitat Valenciana y, por extensi\u00f3n, en la provincia de Castell\u00f3n, \u201clo que refuerza sin duda las garant\u00edas sanitarias\u201d.<\/span><\/span><\/p>\n<p align=\"justify\"><span><span lang=\"es-ES-u-co-trad\">La diputada provincial de Turismo,<strong>\u00a0Virginia Mart\u00ed,\u00a0<\/strong>por su parte, ha anunciado que a fecha de hoy \u201cson 6.500 las personas que han reservado plaza para los nuevos viajes de Castell\u00f3n S\u00e9nior\u201d, que siguen contactando con las agencias para formalizar las fechas en las que plantean realizar las rutas por la provincia. El plazo para\u00a0<\/span><\/span><a rel=\"nofollow noopener\" target=\"_blank\" href=\"https:\/\/www.dipcas.es\/es\/castellon-senior.html\"><span><span lang=\"es-ES-u-co-trad\">inscribirse<\/span><\/span><\/a><span><span lang=\"es-ES-u-co-trad\">, en cualquier caso, sigue abierto porque el plan cuenta con un whole de 10.000 plazas por cubrir.<\/span><\/span><\/p>\n<p align=\"justify\"><span><span lang=\"es-ES-u-co-trad\">La diputada ha recordado que pueden ser beneficiarios y beneficiarias de Castell\u00f3n S\u00e9nior las personas empadronadas en municipios de la provincia de Castell\u00f3n mayores de 55 a\u00f1os reconocidas como pensionistas del Sistema de Seguridad Social o clases pasivas por el concepto de jubilaci\u00f3n a fecha de 31 de diciembre de 2020.<\/span><\/span><\/p>\n<p align=\"justify\"><span><span lang=\"es-ES-u-co-trad\">Los turnos para la realizaci\u00f3n de estos viajes est\u00e1n comprendidos entre el 19 de septiembre y el 17 de diciembre de 2021 y entre el 16 de enero y el 10 de junio de 2022, exceptuando el periodo de Semana Santa.<\/span><\/span><\/p>\n<p align=\"justify\"><span><span lang=\"es-ES-u-co-trad\">Castell\u00f3n S\u00e9nior se estructura en tres programas vacacionales distintos: \u2018Vacaciones en la Costa de Castell\u00f3n\u2019, \u2018Rutas de Patrimonio Hist\u00f3rico, Cultural y Natural\u2019 y \u2018Estancias en Balnearios\u2019.<\/span><\/span><\/p>\n<p align=\"justify\"><span><span lang=\"es-ES-u-co-trad\">El programa de Vacaciones en la Costa de Castell\u00f3n c<\/span><\/span><span><span lang=\"es-ES-u-co-trad\">ontempla una estancia durante 6 d\u00edas \/ 5 noches en hoteles ubicados en poblaciones costeras de la provincia, con entrada en domingo y salida en viernes, en r\u00e9gimen de pensi\u00f3n completa. Incluye un m\u00ednimo de 2 excursiones de medio d\u00eda a recursos tur\u00edsticos o municipios de Castell\u00f3n.<\/span><\/span><\/p>\n<p align=\"justify\"><span><span lang=\"es-ES-u-co-trad\">Por su parte las rutas de Patrimonio Hist\u00f3rico, Cultural y Pure comprenden una\u00a0<\/span><\/span><span><span lang=\"es-ES-u-co-trad\">estancia durante 3 d\u00edas \/ 2 noches en hoteles ubicados en municipios del inside, en d\u00edas laborables, con visitas a diferentes municipios y recursos tur\u00edsticos donde se realizar\u00e1n los almuerzos.<\/span><\/span><\/p>\n<p align=\"justify\"><span><span lang=\"es-ES-u-co-trad\">Y las estancias en balnearios son durante 8 d\u00edas \/ 7 noches en hoteles ubicados en la provincia de Castell\u00f3n en el mismo municipio que el balneario de destino, con entrada en s\u00e1bado y salida el s\u00e1bado siguiente. El paquete incluye r\u00e9gimen de pensi\u00f3n completa, tres tratamientos diarios m\u00ednimos en balnearios de aguas minero-medicinales de la provincia, un m\u00ednimo de una excursi\u00f3n de mediod\u00eda a recursos tur\u00edsticos o municipios de Castell\u00f3n, e incluye el transporte desde la capital de la Plana.<\/span><\/span><\/p>\n<\/div>\n\n<p><em> &#8221; Fuentes castellonplaza.com &#8221; <\/em><\/p>\n","protected":false},"excerpt":{"rendered":"<p>CASTELL\u00d3. La Diputaci\u00f3n Provincial retomar\u00e1 este mes de septiembre el programa de vacaciones Castell\u00f3n S\u00e9nior para gente mayor, una iniciativa que desarrolla la instituci\u00f3n a trav\u00e9s del Patronato de Turismo y que busca respaldar la reactivaci\u00f3n del sector tur\u00edstico de las comarcas castellonenses cumpliendo siempre todas las medidas sanitarias y de seguridad que requiere la [&hellip;]<\/p>\n","protected":false},"author":4,"featured_media":181554,"comment_status":"open","ping_status":"closed","sticky":false,"template":"","format":"standard","meta":{"om_disable_all_campaigns":false,"jnews-multi-image_gallery":[],"jnews_single_post":[],"jnews_primary_category":[],"jnews_social_meta":[],"footnotes":""},"categories":[39],"tags":[30457,709,545],"class_list":["post-181553","post","type-post","status-publish","format-standard","has-post-thumbnail","hentry","category-viajes","tag-castell-snior","tag-provincia","tag-viajes"],"_links":{"self":[{"href":"https:\/\/dimensionturistica.com\/es\/wp-json\/wp\/v2\/posts\/181553","targetHints":{"allow":["GET"]}}],"collection":[{"href":"https:\/\/dimensionturistica.com\/es\/wp-json\/wp\/v2\/posts"}],"about":[{"href":"https:\/\/dimensionturistica.com\/es\/wp-json\/wp\/v2\/types\/post"}],"author":[{"embeddable":true,"href":"https:\/\/dimensionturistica.com\/es\/wp-json\/wp\/v2\/users\/4"}],"replies":[{"embeddable":true,"href":"https:\/\/dimensionturistica.com\/es\/wp-json\/wp\/v2\/comments?post=181553"}],"version-history":[{"count":0,"href":"https:\/\/dimensionturistica.com\/es\/wp-json\/wp\/v2\/posts\/181553\/revisions"}],"wp:featuredmedia":[{"embeddable":true,"href":"https:\/\/dimensionturistica.com\/es\/wp-json\/wp\/v2\/media\/181554"}],"wp:attachment":[{"href":"https:\/\/dimensionturistica.com\/es\/wp-json\/wp\/v2\/media?parent=181553"}],"wp:term":[{"taxonomy":"category","embeddable":true,"href":"https:\/\/dimensionturistica.com\/es\/wp-json\/wp\/v2\/categories?post=181553"},{"taxonomy":"post_tag","embeddable":true,"href":"https:\/\/dimensionturistica.com\/es\/wp-json\/wp\/v2\/tags?post=181553"}],"curies":[{"name":"wp","href":"https:\/\/api.w.org\/{rel}","templated":true}]}}