{"id":180312,"date":"2021-08-26T09:22:39","date_gmt":"2021-08-26T09:22:39","guid":{"rendered":"https:\/\/dimensionturistica.com\/es\/?p=180312"},"modified":"2021-08-26T09:22:39","modified_gmt":"2021-08-26T09:22:39","slug":"pia-leon-mejor-cocinera-del-mundo-segun-the-worlds-best-restaurants-2021","status":"publish","type":"post","link":"https:\/\/dimensionturistica.com\/es\/pia-leon-mejor-cocinera-del-mundo-segun-the-worlds-best-restaurants-2021\/","title":{"rendered":"P\u00eda Le\u00f3n, mejor cocinera del mundo seg\u00fan The World&#8217;s Best Restaurants 2021"},"content":{"rendered":"<p> <br \/>\n<\/p>\n<div>\n<blockquote>\n<h3 style=\"text-align: center;\"><span style=\"color: #808080;\">La peruana dirige desde 2018 el restaurante Kjolle y es copropietaria de Central, establecimiento donde comenz\u00f3 su carrera<\/span><\/h3>\n<\/blockquote>\n<p><strong>La peruana P\u00eda Le\u00f3n ha sido elegida como World\u2019s Finest Feminine Chef 2021 por la prestigiosa lista The World\u2019s Finest Eating places<\/strong>. La reci\u00e9n galardonada como mejor cocinera del mundo no es ajena a esta lista, ya que anteriormente hab\u00eda sido reconocida como la mejor cocinera de Latinoam\u00e9rica.<\/p>\n<p>Egresada de Le Cordon Blue (Lima, Per\u00fa), <strong>comenz\u00f3 su carrera dentro de la cocina del Restaurante Central como la \u00fanica mujer en la plantilla<\/strong>. R\u00e1pidamente escal\u00f3 en el organigrama y dirigi\u00f3 dicha cocina durante una d\u00e9cada, periodo en el que Central ocup\u00f3 la primera posici\u00f3n en la lista de los 50 mejores de Latinoam\u00e9rica.<\/p>\n<p><strong>En el a\u00f1o 2018 la chef emprendi\u00f3 su aventura en solitario y abri\u00f3 Kjolle<\/strong>. El nombre proviene de un \u00e1rbol end\u00e9mico de los Andes (Buddleja Coriacea), cuya flor tiene tonos amarillos y naranjas vibrantes. En su carta se refleja la diversidad de la gastronom\u00eda peruana y el men\u00fa cambia con las temporadas, dando protagonismo a los ingredientes disponibles provenientes tanto de la costa, como de los Andes o la Amazonia.<\/p>\n<p><strong>En 2019, Kjolle entra en la lista Latin America\u2019s 50 Finest Eating places en la posici\u00f3n 21<\/strong>. Un aspecto a tener en cuenta es que durante el reto que supuso enfrentarse a la pandemia, la cocina de Kjolle se mantuvo en funcionamiento y conserv\u00f3 a todo su private.<\/p>\n<p><strong>Adem\u00e1s de co-propietaria de Central (Lima), Le\u00f3n forma parte del restaurante MIL (Cusco); Mayo, comedor y cocteler\u00eda (Lima); y Mater iniciativa, centro de investigaci\u00f3n<\/strong>. Los primeros son proyectos conjuntos con su ahora esposo, Virgilio Mart\u00ednez, mientras que en el \u00faltimo los acompa\u00f1a Malena, hermana de Mart\u00ednez.<\/p>\n<p>La organizaci\u00f3n de \u201850 Best\u2019 afirma que con este premio se busca la inclusi\u00f3n de todas las personas cualificadas, independientemente de su g\u00e9nero. La chef de 34 a\u00f1os se muestra agradecida y considera que con este tipo de acciones se da mayor visibilidad al trabajo de todas las mujeres dedicadas a la restauraci\u00f3n. <strong>La entrega de premios se llevar\u00e1 a cabo el pr\u00f3ximo octubre en Amberes, B\u00e9lgica<\/strong>.<\/p>\n<p>Con anterioridad, este premio ha sido otorgado a cocineras como la mexicana <strong>Daniela Soto-In\u00e9s<\/strong>, la eslovena <strong>Ana Ros<\/strong> o la francesa <strong>Anne-Sophie Pic,<\/strong> quien fue la primera en recibir el galard\u00f3n en 2011.<\/p>\n<p>Ver: <a target=\"_blank\" title=\"Enlace permanente a The World\u2019s 50 Best Restaurants 2021 se presentar\u00e1 en una gala f\u00edsica en Amberes\" href=\"https:\/\/www.thegourmetjournal.com\/noticias\/the-worlds-50-best-restaurants-2021-se-presentara-en-una-gala-fisica-en-amberes\/\" rel=\"bookmark noopener\">THE WORLD\u2019S 50 BEST RESTAURANTS 2021 SE PRESENTAR\u00c1 EN UNA GALA F\u00cdSICA EN AMBERES<\/a><\/p>\n<div class=\"single-post-content clearfix\">\n<div class=\"single-post-content clearfix\">\n<p>S\u00edguenos en\u00a0<strong><a target=\"_blank\" href=\"https:\/\/twitter.com\/gourmetjournal\" rel=\"noopener\">Twitter<\/a><\/strong>,\u00a0<strong><a target=\"_blank\" href=\"https:\/\/www.facebook.com\/thegourmetjournal\/\" rel=\"noopener noreferrer\">Facebook<\/a><\/strong>,\u00a0<strong><a target=\"_blank\" href=\"https:\/\/www.instagram.com\/gourmetjournal\/\" rel=\"noopener noreferrer\">Instagram<\/a>\u00a0<\/strong>o recibe nuestras noticias\u00a0<strong><a target=\"_blank\" href=\"https:\/\/thegourmetjournal.com\/boletin-enogastronomico\/\" rel=\"noopener noreferrer\">pinchando aqu\u00ed<\/a>.<\/strong><\/p>\n<\/div>\n<\/div>\n<\/div>\n<p><script async src=\"\/\/platform.twitter.com\/widgets.js\" charset=\"utf-8\"><\/script><script>\n\t\t(function(d, s, id) {\n\t\t\t\"use strict\";\n\t\t\tvar js, fjs = d.getElementsByTagName(s)[0];\n\t\t\tif (d.getElementById(id))\n\t\t\t\treturn;\n\t\t\tjs = d.createElement(s);\n\t\t\tjs.id = id;\n\t\t\tjs.src = \"\/\/connect.facebook.net\/en_US\/all.js#xfbml=1\";\n\t\t\tfjs.parentNode.insertBefore(js, fjs);\n\t\t}(document, 'script', 'facebook-jssdk'));\n\t\t<\/script><script async defer src=\"https:\/\/platform.instagram.com\/en_US\/embeds.js\"><\/script><br \/>\n<br \/><\/p>\n<p><em> \u2018 The preceding article may include information circulated by third parties \u2019 <\/em><\/p>\n<p><em> \u2018 Some details of this article were extracted from the following source www.thegourmetjournal.com \u2019 <\/em><\/p>\n","protected":false},"excerpt":{"rendered":"<p>La peruana dirige desde 2018 el restaurante Kjolle y es copropietaria de Central, establecimiento donde comenz\u00f3 su carrera La peruana P\u00eda Le\u00f3n ha sido elegida como World\u2019s Finest Feminine Chef 2021 por la prestigiosa lista The World\u2019s Finest Eating places. La reci\u00e9n galardonada como mejor cocinera del mundo no es ajena a esta lista, ya [&hellip;]<\/p>\n","protected":false},"author":2,"featured_media":180313,"comment_status":"open","ping_status":"closed","sticky":false,"template":"","format":"standard","meta":{"om_disable_all_campaigns":false,"jnews-multi-image_gallery":[],"jnews_single_post":[],"jnews_primary_category":[],"jnews_social_meta":[],"footnotes":""},"categories":[43],"tags":[],"class_list":["post-180312","post","type-post","status-publish","format-standard","has-post-thumbnail","hentry","category-gourmet"],"_links":{"self":[{"href":"https:\/\/dimensionturistica.com\/es\/wp-json\/wp\/v2\/posts\/180312","targetHints":{"allow":["GET"]}}],"collection":[{"href":"https:\/\/dimensionturistica.com\/es\/wp-json\/wp\/v2\/posts"}],"about":[{"href":"https:\/\/dimensionturistica.com\/es\/wp-json\/wp\/v2\/types\/post"}],"author":[{"embeddable":true,"href":"https:\/\/dimensionturistica.com\/es\/wp-json\/wp\/v2\/users\/2"}],"replies":[{"embeddable":true,"href":"https:\/\/dimensionturistica.com\/es\/wp-json\/wp\/v2\/comments?post=180312"}],"version-history":[{"count":0,"href":"https:\/\/dimensionturistica.com\/es\/wp-json\/wp\/v2\/posts\/180312\/revisions"}],"wp:featuredmedia":[{"embeddable":true,"href":"https:\/\/dimensionturistica.com\/es\/wp-json\/wp\/v2\/media\/180313"}],"wp:attachment":[{"href":"https:\/\/dimensionturistica.com\/es\/wp-json\/wp\/v2\/media?parent=180312"}],"wp:term":[{"taxonomy":"category","embeddable":true,"href":"https:\/\/dimensionturistica.com\/es\/wp-json\/wp\/v2\/categories?post=180312"},{"taxonomy":"post_tag","embeddable":true,"href":"https:\/\/dimensionturistica.com\/es\/wp-json\/wp\/v2\/tags?post=180312"}],"curies":[{"name":"wp","href":"https:\/\/api.w.org\/{rel}","templated":true}]}}