{"id":179577,"date":"2021-08-25T11:16:43","date_gmt":"2021-08-25T11:16:43","guid":{"rendered":"https:\/\/dimensionturistica.com\/es\/?p=179577"},"modified":"2021-08-25T11:16:43","modified_gmt":"2021-08-25T11:16:43","slug":"la-peticion-de-los-guias-turisticos-con-la-reactivacion-de-cruceros-en-cartagena-el-universal","status":"publish","type":"post","link":"https:\/\/dimensionturistica.com\/es\/la-peticion-de-los-guias-turisticos-con-la-reactivacion-de-cruceros-en-cartagena-el-universal\/","title":{"rendered":"La petici\u00f3n de los gu\u00edas tur\u00edsticos con la reactivaci\u00f3n de cruceros en Cartagena | EL UNIVERSAL"},"content":{"rendered":"<p> <br \/>\n<\/p>\n<div id=\"\">\n<div class=\"paragraph\" mlnid=\"idcon=5056952;order=6.0\">\n<p>Despu\u00e9s de 17 meses sin operaciones a causa de la pandemia por el COVID-19, Cartagena recibi\u00f3 este martes, 24 de agosto, el primer crucero. La embarcaci\u00f3n de la l\u00ednea Windstar Cruises con capacidad para 312 pasajeros y 164 tripulantes marc\u00f3 un nuevo comienzo en la reapertura de este sector econ\u00f3mico. Lea: <b><a rel=\"nofollow noopener\" target=\"_blank\" href=\"https:\/\/www.eluniversal.com.co\/cartagena\/es-oficial-llega-el-primer-crucero-a-cartagena-HX5246009\">Es oficial: llega el primer crucero a Cartagena<\/a><\/b><\/p>\n<p>El alcalde de Cartagena, William Dau Chamatt, explic\u00f3 que la meta es consolidar a la ciudad como un punto de embarque y desembarque de cruceros.<\/p>\n<p>\u201cVamos a trabajar para que Cartagena pueda ser un puerto de embarque y desembarque de cruceros, porque eso nos generar\u00eda mayor empleo en la ciudad y por supuesto maximiza la econom\u00eda local, que es lo que queremos\u201d, dijo el alcalde.<\/p>\n<\/p><\/div>\n<div class=\"multimediaMacroWrapper\">\n<div class=\"contentMedia art-img\">\n<figure class=\"cutlineShow\">\n<div frame=\"crop_1000\" style=\"position: relative; width: 100%; padding-top: 66.50%;\"> <img itercontenttypein=\"Image_Text\" itercontenttypeout=\"Image_Text\" srcset=\"https:\/\/www.eluniversal.com.co\/binrepository\/1000x665\/0c0\/0d0\/none\/13704\/WLTP\/image_content_5057022_20210824173255.jpg 1000w,https:\/\/www.eluniversal.com.co\/binrepository\/833x554\/0c0\/0d0\/none\/13704\/WLTB\/image_content_5057022_20210824173255.jpg 833w,https:\/\/www.eluniversal.com.co\/binrepository\/667x443\/0c0\/0d0\/none\/13704\/WLTS\/image_content_5057022_20210824173255.jpg 667w,https:\/\/www.eluniversal.com.co\/binrepository\/500x333\/0c0\/0d0\/none\/13704\/WLTQ\/image_content_5057022_20210824173255.jpg 500w,https:\/\/www.eluniversal.com.co\/binrepository\/333x222\/0c0\/0d0\/none\/13704\/WLTP\/image_content_5057022_20210824173255.jpg 333w\" class=\"lazyload\" width=\"1000\" height=\"665\" style=\"bottom: 0; left: 0; top: 0; right: 0;&#10;height: auto; width: auto;&#10;max-height: 100%; max-width: 100%;&#10;display: block; position: absolute; margin: auto;\" iterimgid=\"5057022\" sizes=\"1000\" alt=\"El Star Breeze, de la l\u00ednea Windstar Cruises, leg\u00f3 a Cartagena este 24 de agosto.\" title=\"El Star Breeze, de la l\u00ednea Windstar Cruises, leg\u00f3 a Cartagena este 24 de agosto.\"\/> <\/div>\n<p> <span class=\"cutline-text\" mlnid=\"idcon=5057019;order=8.0\">El Star Breeze, de la l\u00ednea Windstar Cruises, leg\u00f3 a Cartagena este 24 de agosto. <\/span> <\/p>\n<\/figure><\/div><\/div>\n<div class=\"paragraph\" mlnid=\"idcon=5057020;order=10.0\">\n<p>En complete ser\u00e1n 26 l\u00edneas de cruceros que llegar\u00e1n para esta temporada 2021-2022, un hecho que representa m\u00e1s de 66 millones de d\u00f3lares para la econom\u00eda de la ciudad y que beneficia a sectores como agencias de viaje, gu\u00edas, vendedores, empresas de transporte p\u00fablico entre otros. Lea: <b><a rel=\"nofollow noopener\" target=\"_blank\" href=\"https:\/\/www.eluniversal.com.co\/cartagena\/pasajeros-de-cruceros-tienen-un-corredor-bien-seguro-en-cartagena-GX5246910\">Pasajeros de cruceros tienen un \u201ccorredor bien seguro\u201d en Cartagena<\/a><\/b><\/p>\n<\/p><\/div>\n<div class=\"paragraph\" mlnid=\"idcon=5057016;order=11.0\">\n<p>Al respecto, V\u00edctor M\u00e9ndez, miembro de la Corporaci\u00f3n Gu\u00edas Tur\u00edsticos de Cartagena, destac\u00f3 que tras la suspensi\u00f3n de esta actividad por la pandemia, se sumaron de manera activa a las mesas de trabajo con la Alcald\u00eda para prepararse para esta reactivaci\u00f3n. Lea: <b><a rel=\"nofollow noopener\" target=\"_blank\" href=\"https:\/\/www.eluniversal.com.co\/cartagena\/guias-turisticos-piden-ser-capacitados-para-obtener-sello-de-bioseguridad-FF3007070\">Gu\u00edas tur\u00edsticos piden ser capacitados para obtener sello de bioseguridad<\/a><\/b><\/p>\n<p>\u201cComo organizaci\u00f3n gremial trabajamos en conjunto con la Alcald\u00eda, Corpoturismo y dem\u00e1s autoridades en nuestro protocolo de bioseguridad y obtuvimos la formaci\u00f3n para enfrentar cualquier situaci\u00f3n derivada de la pandemia. Nuestro objetivo es hacer parte de esta reactivaci\u00f3n como gu\u00edas formados y oficiales\u201d, dijo M\u00e9ndez.<\/p>\n<\/p><\/div>\n<div class=\"destacadomicroformato\" mlnid=\"idcon=5057017;order=12.0\">\n<p> <span class=\"destacado_microformato_texto\">La temporada de cruceros 2021-2022 representa m\u00e1s de 66 millones de d\u00f3lares para la econom\u00eda de la ciudad.<\/span> <\/p>\n<\/p><\/div>\n<div class=\"paragraph\" mlnid=\"idcon=5057021;order=13.0\">\n<p>Tambi\u00e9n record\u00f3 la p\u00e9rdida de ingresos por el cese de actividades tras el confinamiento y solicit\u00f3 que en esta nueva reapertura no haya espacio para la competencia desleal.<\/p>\n<p>\u201cAs\u00ed como las agencias de viaje tienen el cupo para entrar y decidir en su operaci\u00f3n particular. Nosotros como profesionales tambi\u00e9n estamos reclamando ese derecho sin la oposici\u00f3n de la Sociedad Portuaria\u201d, agreg\u00f3 M\u00e9ndez.<\/p>\n<\/p><\/div>\n<div class=\"paragraph\" mlnid=\"idcon=5057014;order=14.0\">\n<p>Para Carmen Garc\u00eda Galeano, gu\u00eda profesional, la llegada de cruceros plantea retos para la ciudad y es importante coordinar estrategias para que todos los actores de esta actividad tur\u00edstica sean beneficiados.<\/p>\n<\/p><\/div>\n<div class=\"paragraph\" mlnid=\"idcon=5057138;order=15.0\">\n<p>\u201cVamos a seguir trabajando y llegaremos a las instancias que sean necesarias para poder reclamar nuestros derechos\u201d, anot\u00f3.<\/p>\n<\/p><\/div>\n<div class=\"paragraph\" mlnid=\"idcon=5057013;order=17.0\">\n<p>De la Corporaci\u00f3n Gu\u00edas Tur\u00edsticos de Cartagena hacen parte 367 trabajadores que esperan retomar sus actividades en medio de la reactivaci\u00f3n tur\u00edstica de la ciudad.<\/p>\n<p>\u201cSolo queremos inclusi\u00f3n, en especial, para todos los cartageneros cuyo sustento dependen de esta actividad tur\u00edstica\u201d, expres\u00f3 Eduardo Fuentes, gu\u00eda tur\u00edstico.<\/p>\n<\/p><\/div><\/div>\n<p><script>\/*<![CDATA[*\/(function(e,a,f){var c,b=e.getElementsByTagName(a)[0];if(e.getElementById(f)){return}c=e.createElement(a);c.id=f;c.src=\"https:\/\/connect.facebook.net\/es_LA\/sdk.js#xfbml=1&#038;version=v3.2&#038;appId=1434085360147717&#038;autoLogAppEvents=1\";b.parentNode.insertBefore(c,b)}(document,\"script\",\"facebook-jssdk\"));\/*]]>*\/<\/script><br \/>\n<br \/><\/p>\n<p><em> &#8221; Fuentes www.eluniversal.com.co &#8221; <\/em><\/p>\n","protected":false},"excerpt":{"rendered":"<p>Despu\u00e9s de 17 meses sin operaciones a causa de la pandemia por el COVID-19, Cartagena recibi\u00f3 este martes, 24 de agosto, el primer crucero. La embarcaci\u00f3n de la l\u00ednea Windstar Cruises con capacidad para 312 pasajeros y 164 tripulantes marc\u00f3 un nuevo comienzo en la reapertura de este sector econ\u00f3mico. Lea: Es oficial: llega el [&hellip;]<\/p>\n","protected":false},"author":4,"featured_media":179578,"comment_status":"open","ping_status":"closed","sticky":false,"template":"","format":"standard","meta":{"om_disable_all_campaigns":false,"jnews-multi-image_gallery":[],"jnews_single_post":[],"jnews_primary_category":[],"jnews_social_meta":[],"footnotes":""},"categories":[40],"tags":[24352],"class_list":["post-179577","post","type-post","status-publish","format-standard","has-post-thumbnail","hentry","category-industria","tag-temporada-de-cruceros"],"_links":{"self":[{"href":"https:\/\/dimensionturistica.com\/es\/wp-json\/wp\/v2\/posts\/179577","targetHints":{"allow":["GET"]}}],"collection":[{"href":"https:\/\/dimensionturistica.com\/es\/wp-json\/wp\/v2\/posts"}],"about":[{"href":"https:\/\/dimensionturistica.com\/es\/wp-json\/wp\/v2\/types\/post"}],"author":[{"embeddable":true,"href":"https:\/\/dimensionturistica.com\/es\/wp-json\/wp\/v2\/users\/4"}],"replies":[{"embeddable":true,"href":"https:\/\/dimensionturistica.com\/es\/wp-json\/wp\/v2\/comments?post=179577"}],"version-history":[{"count":0,"href":"https:\/\/dimensionturistica.com\/es\/wp-json\/wp\/v2\/posts\/179577\/revisions"}],"wp:featuredmedia":[{"embeddable":true,"href":"https:\/\/dimensionturistica.com\/es\/wp-json\/wp\/v2\/media\/179578"}],"wp:attachment":[{"href":"https:\/\/dimensionturistica.com\/es\/wp-json\/wp\/v2\/media?parent=179577"}],"wp:term":[{"taxonomy":"category","embeddable":true,"href":"https:\/\/dimensionturistica.com\/es\/wp-json\/wp\/v2\/categories?post=179577"},{"taxonomy":"post_tag","embeddable":true,"href":"https:\/\/dimensionturistica.com\/es\/wp-json\/wp\/v2\/tags?post=179577"}],"curies":[{"name":"wp","href":"https:\/\/api.w.org\/{rel}","templated":true}]}}