{"id":179497,"date":"2021-08-25T07:38:59","date_gmt":"2021-08-25T07:38:59","guid":{"rendered":"https:\/\/dimensionturistica.com\/es\/?p=179497"},"modified":"2021-08-25T07:38:59","modified_gmt":"2021-08-25T07:38:59","slug":"los-documentales-de-vida-salvaje-que-trae-el-festival-santiago-wild","status":"publish","type":"post","link":"https:\/\/dimensionturistica.com\/es\/los-documentales-de-vida-salvaje-que-trae-el-festival-santiago-wild\/","title":{"rendered":"Los documentales de vida salvaje que trae el Festival Santiago Wild"},"content":{"rendered":"<p> <br \/>\n<\/p>\n<div>\n<div class=\"author-date\">\n<p class=\"author\">Por Rodrigo Cornejo<\/p>\n<p class=\"date\">24 de Agosto, 2021<\/p>\n<\/p><\/div>\n<p>\n                            El competition pionero de cine de vida salvaje y medioambiente de Chile y Latinoam\u00e9rica que organiza Ladera Sur se realizar\u00e1 on-line entre el 2 y el 12 de septiembre de 2021, a trav\u00e9s de su sitio internet oficial. Aqu\u00ed, un adelanto.                        <\/p>\n<\/p><\/div>\n<div>\n<p>El a\u00f1o pasado atrajo cerca de 60 mil espectadores, y este a\u00f1o espera superar con creces esta cifra. <strong>Santiago Wild<\/strong>, el competition de cine de vida salvaje y medioambiente de Chile y Latinoam\u00e9rica <a rel=\"nofollow noopener\" target=\"_blank\" href=\"https:\/\/santiagowild.com\/\">ya abri\u00f3 sus inscripciones<\/a>, y se realizar\u00e1 entre el 2 y el 12 de septiembre de 2021.<\/p>\n<p>Adem\u00e1s de poder acceder a una treintena de documentales sobre naturaleza y vida salvaje in\u00e9ditos en Chile, se podr\u00e1n conocer las pel\u00edculas que ser\u00e1n parte de la muestra oficial del competition, incluyendo a aquellas que competir\u00e1n en la categor\u00eda<strong> \u201cNuevas Voces Latinoamericanas\u201d.<\/strong><\/p>\n<p>En ellas participar\u00e1n producciones de Chile, Argentina, Costa Rica, Per\u00fa, Paraguay, Colombia y M\u00e9xico. <\/p>\n<p>El evento es organizado por<a rel=\"nofollow noopener\" target=\"_blank\" href=\"https:\/\/laderasur.com\/\">\u00a0Ladera Sur<\/a>, con el apoyo de<a rel=\"nofollow noopener\" target=\"_blank\" href=\"https:\/\/www.jacksonwild.org\/\">\u00a0Jackson Wild<\/a>\u00a0y\u00a0<a rel=\"nofollow noopener\" target=\"_blank\" href=\"https:\/\/www.smithsonianchannellatam.com\/\">Smithsonian Channel<\/a>.\u00a0<\/p>\n<\/p><\/div>\n<p><script\n        async\n        crossorigin=\"anonymous\"\n        data-src=\"https:\/\/connect.facebook.net\/es_LA\/sdk.js#xfbml=1&#038;version=v3.2&#038;appId=409250275788709&#038;autoLogAppEvents=1\"\n        id=\"facebook-sdk\"><\/script><br \/>\n<br \/><\/p>\n<p><em> &#8221; Fuentes www.theclinic.cl &#8221; <\/em><\/p>\n","protected":false},"excerpt":{"rendered":"<p>Por Rodrigo Cornejo 24 de Agosto, 2021 El competition pionero de cine de vida salvaje y medioambiente de Chile y Latinoam\u00e9rica que organiza Ladera Sur se realizar\u00e1 on-line entre el 2 y el 12 de septiembre de 2021, a trav\u00e9s de su sitio internet oficial. Aqu\u00ed, un adelanto. El a\u00f1o pasado atrajo cerca de 60 [&hellip;]<\/p>\n","protected":false},"author":4,"featured_media":179498,"comment_status":"open","ping_status":"closed","sticky":false,"template":"","format":"standard","meta":{"om_disable_all_campaigns":false,"jnews-multi-image_gallery":[],"jnews_single_post":[],"jnews_primary_category":[],"jnews_social_meta":[],"footnotes":""},"categories":[39],"tags":[],"class_list":["post-179497","post","type-post","status-publish","format-standard","has-post-thumbnail","hentry","category-viajes"],"_links":{"self":[{"href":"https:\/\/dimensionturistica.com\/es\/wp-json\/wp\/v2\/posts\/179497","targetHints":{"allow":["GET"]}}],"collection":[{"href":"https:\/\/dimensionturistica.com\/es\/wp-json\/wp\/v2\/posts"}],"about":[{"href":"https:\/\/dimensionturistica.com\/es\/wp-json\/wp\/v2\/types\/post"}],"author":[{"embeddable":true,"href":"https:\/\/dimensionturistica.com\/es\/wp-json\/wp\/v2\/users\/4"}],"replies":[{"embeddable":true,"href":"https:\/\/dimensionturistica.com\/es\/wp-json\/wp\/v2\/comments?post=179497"}],"version-history":[{"count":0,"href":"https:\/\/dimensionturistica.com\/es\/wp-json\/wp\/v2\/posts\/179497\/revisions"}],"wp:featuredmedia":[{"embeddable":true,"href":"https:\/\/dimensionturistica.com\/es\/wp-json\/wp\/v2\/media\/179498"}],"wp:attachment":[{"href":"https:\/\/dimensionturistica.com\/es\/wp-json\/wp\/v2\/media?parent=179497"}],"wp:term":[{"taxonomy":"category","embeddable":true,"href":"https:\/\/dimensionturistica.com\/es\/wp-json\/wp\/v2\/categories?post=179497"},{"taxonomy":"post_tag","embeddable":true,"href":"https:\/\/dimensionturistica.com\/es\/wp-json\/wp\/v2\/tags?post=179497"}],"curies":[{"name":"wp","href":"https:\/\/api.w.org\/{rel}","templated":true}]}}