{"id":179195,"date":"2021-08-24T19:15:40","date_gmt":"2021-08-24T19:15:40","guid":{"rendered":"https:\/\/dimensionturistica.com\/es\/?p=179195"},"modified":"2021-08-24T19:15:40","modified_gmt":"2021-08-24T19:15:40","slug":"matan-al-gato-mochilero-que-acompanaba-a-su-amo-en-sus-viajes-por-que-tienen-que-ser-tan-envidiosos-video-insolito-youtube-turismo-animales-faceboo","status":"publish","type":"post","link":"https:\/\/dimensionturistica.com\/es\/matan-al-gato-mochilero-que-acompanaba-a-su-amo-en-sus-viajes-por-que-tienen-que-ser-tan-envidiosos-video-insolito-youtube-turismo-animales-faceboo\/","title":{"rendered":"Matan al \u2018gato mochilero\u2019 que acompa\u00f1aba a su amo en sus viajes: \u201c\u00bfPor qu\u00e9 tienen que ser tan envidiosos\u201d (VIDEO) ins\u00f3lito | youtube | turismo | animales | Facebook | MISCELANEA"},"content":{"rendered":"<p> <br \/>\n<\/p>\n<div id=\"\">\n<p itemprop=\"description\" class=\"story-content__font--secondary mb-25 title-xs line-h-md mt-20 secondary-font pr-20\"><b>El <\/b><a rel=\"nofollow noopener\" target=\"_blank\" itemprop=\"url\" href=\"https:\/\/diariocorreo.pe\/miscelanea\/joven-no-tenia-un-techo-para-dormir-y-ahora-es-millonario-gracias-a-las-redes-sociales-a-sus-25-anos-fotos-insolito-redes-sociales-tendencia-instagram-famosos-pobreza-usa-noticia\/\"><b>creador de contenido para redes sociales<\/b><\/a><b>, Jhon Galvis, dio a conocer a trav\u00e9s de <\/b><a rel=\"nofollow noopener\" target=\"_blank\" itemprop=\"url\" href=\"https:\/\/diariocorreo.pe\/tecnologia\/facebook-prueba-la-reincorporacion-de-las-llamadas-de-voz-y-de-video-en-su-app-principal-nndc-noticia\/\"><b>Facebook<\/b><\/a><b> que su mascota llamada \u2018Bella Creaci\u00f3n\u2019, conocida como el <\/b><a rel=\"nofollow noopener\" target=\"_blank\" itemprop=\"url\" href=\"https:\/\/diariocorreo.pe\/miscelanea\/cuatro-historias-de-adopcion-de-gatos-que-viven-en-tumbas-y-mausoleos-antes-y-durante-la-cuarentena-por-covid-19-coronavirus-mascotas-amor-gatuno-gatolover-cementerio-baquijano-colmillo-blanco-noticia\/\"><b>\u2018gato mochilero\u2019<\/b><\/a><b> -con el que viaj\u00f3 por varios pa\u00edses- <\/b><mark class=\"hl_yellow\"><b>muri\u00f3 al parecer debido a un envenenamiento.<\/b><\/mark><\/p>\n<p itemprop=\"description\" class=\"story-content__font--secondary mb-25 title-xs line-h-md mt-20 secondary-font pr-20\">Con mucho pesar y en medio del llanto, el colombiano confirm\u00f3 a trav\u00e9s de un Fb Dwell la muerte de su mascota de manera extra\u00f1a.<\/p>\n<blockquote class=\"story-content__blockquote text-gray-300 line-h-sm ml-15 mt-40 mb-40 pl-10 pr-30\"><p><b>MIRA:<\/b><mark class=\"hl_yellow\"><b> <\/b><\/mark><a rel=\"nofollow noopener\" target=\"_blank\" href=\"https:\/\/diariocorreo.pe\/mundo\/indigente-muere-en-la-calle-sin-saber-que-habia-heredado-una-fortuna-insolito-millonario-pobreza-noticia\/\"><mark class=\"hl_yellow\"><i><b>Indigente muere en la calle sin saber que hab\u00eda heredado una fortuna (FOTOS)<\/b><\/i><\/mark><\/a><\/p><\/blockquote>\n<p itemprop=\"description\" class=\"story-content__font--secondary mb-25 title-xs line-h-md mt-20 secondary-font pr-20\">\u201cMataron a Bella \u00bfPor qu\u00e9 tienen que ser tan envidiosos humanos?  Se acab\u00f3 \u00a1Envenenaron a Bella, se fue! Dabas luz, maldi&#8230; humanidad, ya no podremos dar la alegr\u00eda que \u00edbamos a dar. \u00bfPor qu\u00e9 me quitaron a Bella?. Humanos de&#8230;\u201d, dijo muy afligido.<\/p>\n<figure><picture><source data-srcset=\"https:\/\/diariocorreo.pe\/resizer\/UyA7DjRBbTlL0iNNbtRWQFCDmYo=\/280x0\/smart\/filters:format(jpeg):quality(75)\/cloudfront-us-east-1.images.arcpublishing.com\/elcomercio\/3VGJD6YN65BFVISLSYG32IYDKM.jpg\" media=\"(max-width: 360px)\" class=\"lazy\"\/><source data-srcset=\"https:\/\/diariocorreo.pe\/resizer\/fKzS7BOXO7PG0AtfHXmzzPYWJ84=\/482x0\/smart\/filters:format(jpeg):quality(75)\/cloudfront-us-east-1.images.arcpublishing.com\/elcomercio\/3VGJD6YN65BFVISLSYG32IYDKM.jpg\" media=\"(max-width: 639px)\" class=\"lazy\"\/><img src=\"https:\/\/diariocorreo.pe\/resizer\/Xc9tY79V6FtMneNMLvnf4GMHAww=\/620x0\/smart\/filters:format(jpeg):quality(75)\/cloudfront-us-east-1.images.arcpublishing.com\/elcomercio\/3VGJD6YN65BFVISLSYG32IYDKM.jpg\" alt=\"(Foto: Instagram)\" decoding=\"async\" class=\"lazy story-content__visual--image w-full \"\/><\/picture><figcaption class=\"story-content__caption pt-10 secondary-font text-md\">(Foto: Instagram)<!-- --> <\/figcaption><\/figure>\n<p itemprop=\"description\" class=\"story-content__font--secondary mb-25 title-xs line-h-md mt-20 secondary-font pr-20\">Como se sabe, Jhon y su <mark class=\"hl_yellow\">\u2018gato mochilero\u2019 <\/mark>se hicieron conocidos a trav\u00e9s de las<b> redes sociales, <\/b>por viajar juntos por varios pa\u00edses, una aventura llena de sorpresas, traves\u00edas y emociones; logrando cautivar a sus numerosos seguidores.<\/p>\n<p itemprop=\"description\" class=\"story-content__font--secondary mb-25 title-xs line-h-md mt-20 secondary-font pr-20\">Cabe precisar que el felino fue rescatado en Barranquilla (Colombia) y tras realizar varios viajes de turismo con su due\u00f1o, durante la pandemia <b>se instalaron en Paraguay<\/b>, donde el colombiano encontr\u00f3 el amor y form\u00f3 una familia.<\/p>\n<h2 class=\"\"><b>Llanto y desconsuelo<\/b><\/h2>\n<p itemprop=\"description\" class=\"story-content__font--secondary mb-25 title-xs line-h-md mt-20 secondary-font pr-20\">Visiblemente afectado, el colombiano relat\u00f3 que el \u00faltimo 15 de agosto fue la \u00faltima vez que vio a \u2018Bella Creaci\u00f3n\u2019 con vida. Aquella noche se fue a dormir como de costumbre y dej\u00f3 la ventana abierta para que su mascota pudiera hacer su recorrido recurring; pero al despertar por la ma\u00f1ana no estaba en su cama y fue a buscarlo.<\/p>\n<figure><picture><source data-srcset=\"https:\/\/diariocorreo.pe\/resizer\/87tikzeOcJkSP7oyNK1n48fCs58=\/280x0\/smart\/filters:format(jpeg):quality(75)\/cloudfront-us-east-1.images.arcpublishing.com\/elcomercio\/BNZY5FN3PJF5LDFPZRJP6F7JNQ.jpg\" media=\"(max-width: 360px)\" class=\"lazy\"\/><source data-srcset=\"https:\/\/diariocorreo.pe\/resizer\/LBW9r2hgUtY20WLsRnW5yg36p-8=\/482x0\/smart\/filters:format(jpeg):quality(75)\/cloudfront-us-east-1.images.arcpublishing.com\/elcomercio\/BNZY5FN3PJF5LDFPZRJP6F7JNQ.jpg\" media=\"(max-width: 639px)\" class=\"lazy\"\/><img src=\"https:\/\/diariocorreo.pe\/resizer\/4m36g-3iF79_nRw6gYB8ccn2A7E=\/620x0\/smart\/filters:format(jpeg):quality(75)\/cloudfront-us-east-1.images.arcpublishing.com\/elcomercio\/BNZY5FN3PJF5LDFPZRJP6F7JNQ.jpg\" alt=\"(Foto: Instagram)\" decoding=\"async\" class=\"lazy story-content__visual--image w-full \"\/><\/picture><figcaption class=\"story-content__caption pt-10 secondary-font text-md\">(Foto: Instagram)<!-- --> <\/figcaption><\/figure>\n<p itemprop=\"description\" class=\"story-content__font--secondary mb-25 title-xs line-h-md mt-20 secondary-font pr-20\">En el patio de su casa, hall\u00f3 a \u201cBella\u201d en el suelo. Su cuerpo estaba tieso y sin signos de ataque de otro animal, por lo que el amante de los viajes y los gatos, cree que muri\u00f3 envenenado. <\/p>\n<p itemprop=\"description\" class=\"story-content__font--secondary mb-25 title-xs line-h-md mt-20 secondary-font pr-20\"><i>\u201cNo consigo paz, me siento intranquilo, impotente, tengo un dolor atascado aqu\u00ed en el pecho que me desespera. <\/i><i><b>Estoy recorriendo cada rinc\u00f3n de esta casa <\/b><\/i><i>y de este patio donde <\/i><mark class=\"hl_yellow\"><i>mi Bella criatura sol\u00eda hacer su recorrido <\/i><\/mark><i>para encontrar alg\u00fan indicio o, no s\u00e9, algo que me explique qu\u00e9 fue lo que pas\u00f3. No s\u00e9 c\u00f3mo explicar este dolor que estoy sintiendo\u201d, <\/i>manifest\u00f3 llorando.<\/p>\n<p itemprop=\"description\" class=\"story-content__font--secondary mb-25 title-xs line-h-md mt-20 secondary-font pr-20\">Ahora, veterinarios realizan una autopsia para determinar la causa de su deceso.<\/p>\n<p itemprop=\"description\" class=\"story-content__font--secondary mb-25 title-xs line-h-md mt-20 secondary-font pr-20\">Adem\u00e1s, en una entrevista con el diario \u2018La Naci\u00f3n\u2019, <b>Jhon Galvis <\/b>hab\u00eda declarado que su gato le ayud\u00f3 a salir de un problema que ten\u00eda con las drogas y que le ten\u00eda un amor inmenso debido a que<mark class=\"hl_yellow\"> hab\u00eda sido la \u00fanica criatura viviente que no lo juzg\u00f3 <\/mark>durante aquella horrible etapa de su vida.<\/p>\n<p itemprop=\"description\" class=\"story-content__font--secondary mb-25 title-xs line-h-md mt-20 secondary-font pr-20\">El creador de contenidos recibi\u00f3 numerosos mensajes de apoyo por parte de los cibernautas, e incluso<b> le dedicaron una pintura en homenaje <\/b>a sus viajes con su querida mascota.<\/p>\n<figure><picture><source data-srcset=\"https:\/\/diariocorreo.pe\/resizer\/ANBOM2eqz47HUgToI0pjlU4mV34=\/280x0\/smart\/filters:format(jpeg):quality(75)\/cloudfront-us-east-1.images.arcpublishing.com\/elcomercio\/T3M6HPC5ABAU7HA76DJBBKKIUY.jpg\" media=\"(max-width: 360px)\" class=\"lazy\"\/><source data-srcset=\"https:\/\/diariocorreo.pe\/resizer\/mWe8pDT-uv-a2F1t-sZ6yW7zbqs=\/482x0\/smart\/filters:format(jpeg):quality(75)\/cloudfront-us-east-1.images.arcpublishing.com\/elcomercio\/T3M6HPC5ABAU7HA76DJBBKKIUY.jpg\" media=\"(max-width: 639px)\" class=\"lazy\"\/><img src=\"https:\/\/diariocorreo.pe\/resizer\/ZNox8xlvGss3HAOAEZ8fNO-5N-o=\/620x0\/smart\/filters:format(jpeg):quality(75)\/cloudfront-us-east-1.images.arcpublishing.com\/elcomercio\/T3M6HPC5ABAU7HA76DJBBKKIUY.jpg\" alt=\"(Foto: Instagram)\" decoding=\"async\" class=\"lazy story-content__visual--image w-full \"\/><\/picture><figcaption class=\"story-content__caption pt-10 secondary-font text-md\">(Foto: Instagram)<!-- --> <\/figcaption><\/figure>\n<h2 class=\"\"><u><b>PONTE A PRUEBA CON LAS TRIVIAS DE CORREO<\/b><\/u><\/h2>\n<p><a rel=\"nofollow noopener\" target=\"_blank\" itemprop=\"url\" href=\"https:\/\/diariocorreo.pe\/trivias\/\" title=\"trivias notas Correo\" class=\"block w-full\"><\/p>\n<figure><picture><source data-srcset=\"https:\/\/diariocorreo.pe\/resizer\/eP1G8VqyuwBGJFIQzPNfWJwQ2YM=\/280x159\/smart\/filters:format(jpeg):quality(75)\/cloudfront-us-east-1.images.arcpublishing.com\/elcomercio\/OHGRU2XOLBC5XLA5NVXVCQPMFM.jpg\" media=\"(max-width: 360px)\" class=\"lazy\"\/><source data-srcset=\"https:\/\/diariocorreo.pe\/resizer\/wuh-BcMbJI2hNl0SFQn9BKlpqPs=\/482x274\/smart\/filters:format(jpeg):quality(75)\/cloudfront-us-east-1.images.arcpublishing.com\/elcomercio\/OHGRU2XOLBC5XLA5NVXVCQPMFM.jpg\" media=\"(max-width: 639px)\" class=\"lazy\"\/><img src=\"https:\/\/diariocorreo.pe\/resizer\/Isgo2OXH-uw5ofbi6-9yn4e10tA=\/580x330\/smart\/filters:format(jpeg):quality(75)\/cloudfront-us-east-1.images.arcpublishing.com\/elcomercio\/OHGRU2XOLBC5XLA5NVXVCQPMFM.jpg\" alt=\"\" decoding=\"async\" class=\"lazy story-content__visual--image w-full \"\/><\/picture><figcaption class=\"story-content__caption pt-10 secondary-font text-md\"> <\/figcaption><\/figure>\n<p><\/a><\/p>\n<h2 class=\"\"><mark class=\"hl_yellow\"><b>VIDEO RECOMENDADO:<\/b><\/mark><\/h2>\n<h3 class=\"\"><b>Youtuber mexicano cuenta lo que vivi\u00f3 en Afganist\u00e1n<\/b><\/h3>\n<div class=\"jwplayer-lazy\" id=\"botr_imfuv2Ge_uR4oallO_div\"><img src=\"https:\/\/diariocorreo.pe\/resizer\/56iMJvk-zdxROepE0ZA2g16mm94=\/580x326\/smart\/filters:format(jpeg):quality(75)\/cdn.jwplayer.com\/v2\/media\/imfuv2Ge\/poster.jpg\" alt=\"Alex Tienda: youtuber mexicano cuenta lo que vivi\u00f3 en Afganist\u00e1n\" decoding=\"async\" class=\"lazy \" style=\"width:100%\"\/><\/div><figcaption class=\"story-content__caption\">Tras meses de planeaci\u00f3n, tr\u00e1mites e incertidumbre, el documentalista comenz\u00f3 su traves\u00eda por Afganist\u00e1n en mayo de este a\u00f1o, convirti\u00e9ndose as\u00ed en uno de los \u00faltimos turistas y creadores de contenido en filmar su viaje en este pa\u00eds. <a rel=\"nofollow noopener\" target=\"_blank\" href=\"\"><\/figcaption><\/div>\n\n<p><em> &#8221; Fuentes diariocorreo.pe &#8221; <\/em><\/p>\n","protected":false},"excerpt":{"rendered":"<p>El creador de contenido para redes sociales, Jhon Galvis, dio a conocer a trav\u00e9s de Facebook que su mascota llamada \u2018Bella Creaci\u00f3n\u2019, conocida como el \u2018gato mochilero\u2019 -con el que viaj\u00f3 por varios pa\u00edses- muri\u00f3 al parecer debido a un envenenamiento. Con mucho pesar y en medio del llanto, el colombiano confirm\u00f3 a trav\u00e9s de [&hellip;]<\/p>\n","protected":false},"author":4,"featured_media":179196,"comment_status":"open","ping_status":"closed","sticky":false,"template":"","format":"standard","meta":{"om_disable_all_campaigns":false,"jnews-multi-image_gallery":[],"jnews_single_post":[],"jnews_primary_category":[],"jnews_social_meta":[],"footnotes":""},"categories":[39],"tags":[1111,11686,639,30189,1112,3146,13567,2374,2007,544,545,442,443],"class_list":["post-179195","post","type-post","status-publish","format-standard","has-post-thumbnail","hentry","category-viajes","tag-animales","tag-envenenamiento","tag-facebook","tag-gato-mochilero","tag-gatos","tag-insolito","tag-llora","tag-mascotas","tag-redes-sociales","tag-turismo","tag-viajes","tag-video","tag-youtube"],"_links":{"self":[{"href":"https:\/\/dimensionturistica.com\/es\/wp-json\/wp\/v2\/posts\/179195","targetHints":{"allow":["GET"]}}],"collection":[{"href":"https:\/\/dimensionturistica.com\/es\/wp-json\/wp\/v2\/posts"}],"about":[{"href":"https:\/\/dimensionturistica.com\/es\/wp-json\/wp\/v2\/types\/post"}],"author":[{"embeddable":true,"href":"https:\/\/dimensionturistica.com\/es\/wp-json\/wp\/v2\/users\/4"}],"replies":[{"embeddable":true,"href":"https:\/\/dimensionturistica.com\/es\/wp-json\/wp\/v2\/comments?post=179195"}],"version-history":[{"count":0,"href":"https:\/\/dimensionturistica.com\/es\/wp-json\/wp\/v2\/posts\/179195\/revisions"}],"wp:featuredmedia":[{"embeddable":true,"href":"https:\/\/dimensionturistica.com\/es\/wp-json\/wp\/v2\/media\/179196"}],"wp:attachment":[{"href":"https:\/\/dimensionturistica.com\/es\/wp-json\/wp\/v2\/media?parent=179195"}],"wp:term":[{"taxonomy":"category","embeddable":true,"href":"https:\/\/dimensionturistica.com\/es\/wp-json\/wp\/v2\/categories?post=179195"},{"taxonomy":"post_tag","embeddable":true,"href":"https:\/\/dimensionturistica.com\/es\/wp-json\/wp\/v2\/tags?post=179195"}],"curies":[{"name":"wp","href":"https:\/\/api.w.org\/{rel}","templated":true}]}}