{"id":179088,"date":"2021-08-24T17:30:11","date_gmt":"2021-08-24T17:30:11","guid":{"rendered":"https:\/\/dimensionturistica.com\/es\/?p=179088"},"modified":"2021-08-24T17:30:11","modified_gmt":"2021-08-24T17:30:11","slug":"elena-mendoza-nueva-compositora-en-residencia-del-palau-de-la-musica-y-de-la-orquesta-de-valencia","status":"publish","type":"post","link":"https:\/\/dimensionturistica.com\/es\/elena-mendoza-nueva-compositora-en-residencia-del-palau-de-la-musica-y-de-la-orquesta-de-valencia\/","title":{"rendered":"Elena Mendoza, nueva compositora en residencia del Palau de la M\u00fasica y de la Orquesta de Val\u00e8ncia"},"content":{"rendered":"<p> <br \/>\n<\/p>\n<div>\n<p>VAL\u00c8NCIA. (EP) La compositora <strong>Elena Mendoza<\/strong> ser\u00e1 la pr\u00f3xima compositora en residencia del Palau de la M\u00fasica y de la Orquesta de Val\u00e8ncia, seg\u00fan han informado fuentes municipales.<\/p>\n<p>As\u00ed, deber\u00e1 crear una obra sinf\u00f3nica para su estreno mundial en 2023 con la Orquesta de Val\u00e8ncia y recibe tambi\u00e9n el encargo de trabajar en la III edici\u00f3n del <strong>Programa de J\u00f3venes compositores<\/strong>, que se desarrollar\u00e1 en febrero y septiembre de 2022 y que est\u00e1 dirigido a j\u00f3venes autores, tanto del \u00e1mbito nacional como internacional.<\/p>\n<p>Al respecto, la presidenta del Palau y concejala de Cultura, <strong>Gl\u00f2ria Tello<\/strong>, ha destacado que es &#8220;una de las mejores compositoras de la actualidad&#8221; y toma el relevo de <strong>Francisco Coll<\/strong> y de<strong>\u00a0Claudia Montero<\/strong>, &#8220;a quien guardamos en el recuerdo y que, desgraciadamente, no pudo ejercer su residencia&#8221;.<\/p>\n<p>&#8220;Para nosotros es muy importante&#8221;, ha a\u00f1adido Tello, &#8220;fomentar la creaci\u00f3n de nueva m\u00fasica con compositoras de prestigio internacional, que suponen un paso adelante en la excelencia en la que estamos trabajando para nuestra Orquesta&#8221;, ha recalcado.<\/p>\n<p>La prestigiosa autora, que actualmente vive y trabaja en Berl\u00edn, ha sido la primera compositora en recibir el premio Nacional de M\u00fasica en 2010. Tambi\u00e9n ha obtenido el Musikpreis Salzburgo 2011, el Kunstpreis Berlin 2017 y el Heidelberger K\u00fcnstlerinnenpreis 2019.<\/p>\n<p>Adem\u00e1s, su m\u00fasica ha formado parte de numerosos festivales y temporadas de conciertos internacionales como el Wittener Tage f\u00fcr Neue Kammermusik, Ars Musica Bruxelles, Ultraschall Berlin, World New Music Pageant, Jornadas de M\u00fasica Contempor\u00e1nea de Dresde, Steirischer Herbst Graz, Nuevos Sonidos Barcelona, M\u00e4rzMusik Berlin, Eclat Stuttgart, Acanthes Metz o Musica Viva M\u00fcnchen, entre otros.<br \/>Actualmente es catedr\u00e1tica de composici\u00f3n en la Universit\u00e4t der K\u00fcnste de Berl\u00edn.<\/p>\n<h4><span style=\"color: rgb(209, 72, 65);\">Aspecto did\u00e1ctico<\/span><\/h4>\n<p>Para el director del Palau de la M\u00fasica, <strong>Vicent Ros<\/strong>, este aspecto did\u00e1ctico y formativo &#8220;es esencial para nosotros y supone una gran oportunidad para que j\u00f3venes compositoras y compositores trabajen con una orquesta profesional, y con una prestigiosa compositora internacional&#8221;. Con este programa &#8220;se llena un vac\u00edo que exist\u00eda en los estudios de estos j\u00f3venes en el \u00e1mbito de la composici\u00f3n&#8221;, ha a\u00f1adido.<\/p>\n<p>Elena Mendoza naci\u00f3 en Sevilla, donde realiz\u00f3 estudios de Filolog\u00eda Alemana. Se form\u00f3 en piano y composici\u00f3n en el Conservatorio Superior de M\u00fasica de Zaragoza, con Teresa Catal\u00e1n, y profundiz\u00f3 su formaci\u00f3n en destinos destinos internacionales: en Augsburgo, con John Van Buren; en la Robert-Schumann Hochschule D\u00fcsseldorf, con Manfred Trojahn; y en la Hochschule f\u00fcr Musik Hanns Eisler Berlin, con Hanspeter Kyburz.<\/p>\n<p>Su cat\u00e1logo comprende m\u00fasica de c\u00e1mara y de orquesta; y relata un especial inter\u00e9s por el teatro, el trabajo con el espacio y la musicalizaci\u00f3n del lenguaje.<\/p>\n<p>Los mayores exponentes de esta faceta multidisciplinaria son las obras de teatro musical <em>Niebla<\/em> (basada en la obra hom\u00f3nima de Miguel de Unamuno, realizada en el Europ\u00e4isches Zentrum der K\u00fcnste Dresde Hellerau en 2007) y &#8220;La ciudad de las mentiras&#8221;, basada en textos de Juan Carlos Onetti, que fue compuesta por encargo de Gerard Mortier para el Teatro Actual de Madrid y estrenada en 2017.<\/p>\n<p>Ambos trabajos est\u00e1n realizados en estrecha colaboraci\u00f3n con el director de escena Matthias Rebstock. Su tercer trabajo en com\u00fan, <em>Der Fall Babel<\/em>, por encargo del Pageant de Schwetzingen (Alemania) fue estrenado en abril de 2019 con gran \u00e9xito de p\u00fablico y cr\u00edtica.<\/p>\n<\/div>\n\n<p><em> &#8221; Fuentes valenciaplaza.com &#8221; <\/em><\/p>\n","protected":false},"excerpt":{"rendered":"<p>VAL\u00c8NCIA. (EP) La compositora Elena Mendoza ser\u00e1 la pr\u00f3xima compositora en residencia del Palau de la M\u00fasica y de la Orquesta de Val\u00e8ncia, seg\u00fan han informado fuentes municipales. As\u00ed, deber\u00e1 crear una obra sinf\u00f3nica para su estreno mundial en 2023 con la Orquesta de Val\u00e8ncia y recibe tambi\u00e9n el encargo de trabajar en la III [&hellip;]<\/p>\n","protected":false},"author":4,"featured_media":179089,"comment_status":"open","ping_status":"closed","sticky":false,"template":"","format":"standard","meta":{"om_disable_all_campaigns":false,"jnews-multi-image_gallery":[],"jnews_single_post":[],"jnews_primary_category":[],"jnews_social_meta":[],"footnotes":""},"categories":[39],"tags":[30173,7048,30174,30176,30175,10359],"class_list":["post-179088","post","type-post","status-publish","format-standard","has-post-thumbnail","hentry","category-viajes","tag-claudia-montero","tag-compositora","tag-elena-mendoza","tag-orquesta-de-valncia","tag-palau-de-la-msica","tag-residencia"],"_links":{"self":[{"href":"https:\/\/dimensionturistica.com\/es\/wp-json\/wp\/v2\/posts\/179088","targetHints":{"allow":["GET"]}}],"collection":[{"href":"https:\/\/dimensionturistica.com\/es\/wp-json\/wp\/v2\/posts"}],"about":[{"href":"https:\/\/dimensionturistica.com\/es\/wp-json\/wp\/v2\/types\/post"}],"author":[{"embeddable":true,"href":"https:\/\/dimensionturistica.com\/es\/wp-json\/wp\/v2\/users\/4"}],"replies":[{"embeddable":true,"href":"https:\/\/dimensionturistica.com\/es\/wp-json\/wp\/v2\/comments?post=179088"}],"version-history":[{"count":0,"href":"https:\/\/dimensionturistica.com\/es\/wp-json\/wp\/v2\/posts\/179088\/revisions"}],"wp:featuredmedia":[{"embeddable":true,"href":"https:\/\/dimensionturistica.com\/es\/wp-json\/wp\/v2\/media\/179089"}],"wp:attachment":[{"href":"https:\/\/dimensionturistica.com\/es\/wp-json\/wp\/v2\/media?parent=179088"}],"wp:term":[{"taxonomy":"category","embeddable":true,"href":"https:\/\/dimensionturistica.com\/es\/wp-json\/wp\/v2\/categories?post=179088"},{"taxonomy":"post_tag","embeddable":true,"href":"https:\/\/dimensionturistica.com\/es\/wp-json\/wp\/v2\/tags?post=179088"}],"curies":[{"name":"wp","href":"https:\/\/api.w.org\/{rel}","templated":true}]}}