{"id":178774,"date":"2021-08-24T12:42:36","date_gmt":"2021-08-24T12:42:36","guid":{"rendered":"https:\/\/dimensionturistica.com\/es\/?p=178774"},"modified":"2021-08-24T12:42:37","modified_gmt":"2021-08-24T12:42:37","slug":"los-pueblos-costeros-mas-bonitos-de-espana","status":"publish","type":"post","link":"https:\/\/dimensionturistica.com\/es\/los-pueblos-costeros-mas-bonitos-de-espana\/","title":{"rendered":"Los pueblos costeros m\u00e1s bonitos de Espa\u00f1a"},"content":{"rendered":"<p> <br \/>\n<\/p>\n<div id=\"article-body-content\" data-action=\"toggle\" data-status=\"on\">\n<p id=\"paragraph_1\">Pueblos bonitos de Espa\u00f1a en los que desconectar, en los que perderse paseando por sus calles y sus entornos de naturaleza, en los que disfrutar de una deliciosa gastronom\u00eda o de <a rel=\"nofollow noopener\" target=\"_blank\" href=\"https:\/\/www.elespanol.com\/ocio\/zahara-atunes-mejores-chiringuitos-playa-planes-turismo-cadiz-espana\/599190438_0.html\">los mejores chiringuitos<\/a> y sobre todo en los que relajarse tomando el sol en sus playas, mientras escuchas la brisa del mar y el romper de las olas. Todo ello podr\u00e1s disfrutarlo en estos quince pueblos costeros repletos de encanto, que podr\u00e1s encontrar del norte al sur de Espa\u00f1a. \u00bfNos acompa\u00f1as?<\/p>\n<h3 class=\"content__summary-title\"><strong>Combarro (Pontevedra, Galicia)<\/strong><\/h3>\n<p id=\"paragraph_2\">Uno de los pueblos costeros m\u00e1s bonitos de las R\u00edas Baixas y tambi\u00e9n uno de los m\u00e1s famosos por la t\u00edpica imagen de sus h\u00f3rreos junto al mar, as\u00ed es Combarro. Un pueblo costero en el que hay <strong>nada menos que 60 h\u00f3rreos<\/strong>, adem\u00e1s de t\u00edpicas casas de granito, balcones de madera y bonitas calles empedradas. Todo ello outline a esta pintoresca villa marinera situada muy cerca de la ciudad de Pontevedra.<\/p>\n<h3 class=\"content__summary-title\"><strong>Cudillero (Asturias)<\/strong><\/h3>\n<p id=\"paragraph_3\">Este segundo pueblo costero tambi\u00e9n lo encontrar\u00e1s al norte de Espa\u00f1a y una de sus im\u00e1genes m\u00e1s conocidas se caracteriza principalmente por esa explosi\u00f3n de colores que consiguen sus casas tradicionales colocadas a modo de anfiteatro, en contraste con la verde vegetaci\u00f3n y ubicadas frente al mar. Este pueblo lo encontrar\u00e1s en <strong>la costa occidental asturiana<\/strong> y la imagen de ese famoso \u2018anfiteatro\u2019 tan \u00fanico, la podr\u00e1s admirar desde la hermosa Plaza de la Marina.<\/p>\n<div class=\"article-media \" itemscope=\"\" itemtype=\"http:\/\/schema.org\/ImageObject\">\n<p><img decoding=\"async\" alt=\"Cudillero\" data-imgm=\"true\" height=\"180\" loading=\"lazy\" sizes=\"auto, (max-width: 479px) 100vw, (max-width: 1023px) 80vw, 40vw\" src=\"https:\/\/s1.eestatic.com\/2021\/08\/23\/actualidad\/606451179_201166202_1024x576.jpg\" srcset=\"https:\/\/s1.eestatic.com\/2021\/08\/23\/actualidad\/606451179_201166205_320x180.jpg 320w, https:\/\/s1.eestatic.com\/2021\/08\/23\/actualidad\/606451179_201166204_640x360.jpg 640w, https:\/\/s1.eestatic.com\/2021\/08\/23\/actualidad\/606451179_201166203_864x486.jpg 864w, https:\/\/s1.eestatic.com\/2021\/08\/23\/actualidad\/606451179_201166202_1024x576.jpg 1024w, https:\/\/s1.eestatic.com\/2021\/08\/23\/actualidad\/606451179_201166201_1706x960.jpg 1706w\" width=\"320\"\/><\/p><\/div>\n<h3 class=\"content__summary-title\"><strong>Lastres (Asturias)<\/strong><\/h3>\n<p id=\"paragraph_4\">Encajado entre mar y monta\u00f1a, as\u00ed es como encontrar\u00e1s este pueblo perteneciente al concejo de Colunga, ubicado en la costa oriental asturiana. Uno de los pueblos marineros m\u00e1s bonitos de Espa\u00f1a y reconocido como Pueblo Ejemplar de Asturias por la Fundaci\u00f3n Princesa de Asturias en 2010. Un peque\u00f1o y colorido pueblo de pescadores repleto de empinadas calles e imponentes casonas y palacios que miran al mar.<\/p>\n<h3 class=\"content__summary-title\"><strong>Comillas (Cantabria)<\/strong><\/h3>\n<p id=\"paragraph_6\">Ubicada en la costa occidental de Cantabria y cerca de Santander, ah\u00ed es donde se encuentra la villa de Comillas. Un lugar declarado Conjunto Hist\u00f3rico Art\u00edstico en 1985 y que destaca sobre todo por sus <strong>casas solariegas, sus peque\u00f1as plazas llenas de encanto, sus calles empedradas, sus bellos edificios, su playa<\/strong> y sin olvidarnos del Palacio de Sobrellano, del Capricho de Gaud\u00ed o de su Casco Antiguo. Todas ellas visitas obligadas.<\/p>\n<div class=\"article-media \" itemscope=\"\" itemtype=\"http:\/\/schema.org\/ImageObject\">\n<p><img decoding=\"async\" alt=\"Comillas\" data-imgm=\"true\" height=\"180\" loading=\"lazy\" sizes=\"auto, (max-width: 479px) 100vw, (max-width: 1023px) 80vw, 40vw\" src=\"https:\/\/s1.eestatic.com\/2021\/08\/23\/actualidad\/606451185_201166377_1024x576.jpg\" srcset=\"https:\/\/s1.eestatic.com\/2021\/08\/23\/actualidad\/606451185_201166380_320x180.jpg 320w, https:\/\/s1.eestatic.com\/2021\/08\/23\/actualidad\/606451185_201166379_640x360.jpg 640w, https:\/\/s1.eestatic.com\/2021\/08\/23\/actualidad\/606451185_201166378_864x486.jpg 864w, https:\/\/s1.eestatic.com\/2021\/08\/23\/actualidad\/606451185_201166377_1024x576.jpg 1024w, https:\/\/s1.eestatic.com\/2021\/08\/23\/actualidad\/606451185_201166376_1706x960.jpg 1706w\" width=\"320\"\/><\/p><\/div>\n<h3 class=\"content__summary-title\"><strong>San Vicente de la Barquera (Cantabria)<\/strong><\/h3>\n<p id=\"paragraph_7\">San Vicente de la Barquera es uno de los pueblos m\u00e1s conocidos de la costa c\u00e1ntabra y otra de esas villas marineras con un encanto especial. En este pueblo costero encontrar\u00e1s un interesante trazado medieval que contrasta con su parte m\u00e1s moderna y cercana al <strong>puerto, bonitas playas y calas y una deliciosa gastronom\u00eda marinera<\/strong>. Pero si lo tuyo es disfrutar de la naturaleza y del senderismo, entonces no deber\u00edas perderte la senda de los acantilados de San Vicente de la Barquera, la cual podr\u00e1s hacer de forma round.<\/p>\n<div class=\"article-media \" itemscope=\"\" itemtype=\"http:\/\/schema.org\/ImageObject\">\n<p><img decoding=\"async\" alt=\"San Vicente de la Barquera\" data-imgm=\"true\" height=\"180\" loading=\"lazy\" sizes=\"auto, (max-width: 479px) 100vw, (max-width: 1023px) 80vw, 40vw\" src=\"https:\/\/s1.eestatic.com\/2021\/08\/23\/actualidad\/606451187_201166435_1024x576.jpg\" srcset=\"https:\/\/s1.eestatic.com\/2021\/08\/23\/actualidad\/606451187_201166438_320x180.jpg 320w, https:\/\/s1.eestatic.com\/2021\/08\/23\/actualidad\/606451187_201166437_640x360.jpg 640w, https:\/\/s1.eestatic.com\/2021\/08\/23\/actualidad\/606451187_201166436_864x486.jpg 864w, https:\/\/s1.eestatic.com\/2021\/08\/23\/actualidad\/606451187_201166435_1024x576.jpg 1024w, https:\/\/s1.eestatic.com\/2021\/08\/23\/actualidad\/606451187_201166434_1706x960.jpg 1706w\" width=\"320\"\/><\/p>\n<div class=\"article-media__caption\">\n<p>\n                    <span class=\"article-media__caption-description\"><br \/>\n                                    San Vicente de la Barquera<br \/>\n                            <\/span><\/p>\n<\/div><\/div>\n<h3 class=\"content__summary-title\"><strong>Hondarribia (Guip\u00fazcoa, Pa\u00eds Vasco)<\/strong><\/h3>\n<p id=\"paragraph_8\">Hondarribia es uno de los pueblos m\u00e1s visitados de Euskadi. Un lugar casi de cuento en el que destaca su llamativo y pintoresco n\u00facleo urbano. <strong>Su casco hist\u00f3rico amurallado, su antiguo barrio de pescadores, su playa o su deliciosa gastronom\u00eda<\/strong>, son algunos de sus grandes atractivos tur\u00edsticos. En concreto el Barrio de la Marina es uno de esos espacios m\u00e1s caracter\u00edsticos e imprescindibles para visitar en Hondarribia, all\u00ed encontrar\u00e1s una de las estampas m\u00e1s conocidas de Hondarribia con sus casas y balcones llenos de colores, adem\u00e1s de una interesante propuesta gastron\u00f3mica.<\/p>\n<div class=\"article-media \" itemscope=\"\" itemtype=\"http:\/\/schema.org\/ImageObject\">\n<p><img decoding=\"async\" alt=\"Hondarribia\" data-imgm=\"true\" height=\"180\" loading=\"lazy\" sizes=\"auto, (max-width: 479px) 100vw, (max-width: 1023px) 80vw, 40vw\" src=\"https:\/\/s1.eestatic.com\/2021\/08\/23\/actualidad\/606451188_201166472_1024x576.jpg\" srcset=\"https:\/\/s1.eestatic.com\/2021\/08\/23\/actualidad\/606451188_201166475_320x180.jpg 320w, https:\/\/s1.eestatic.com\/2021\/08\/23\/actualidad\/606451188_201166474_640x360.jpg 640w, https:\/\/s1.eestatic.com\/2021\/08\/23\/actualidad\/606451188_201166473_864x486.jpg 864w, https:\/\/s1.eestatic.com\/2021\/08\/23\/actualidad\/606451188_201166472_1024x576.jpg 1024w, https:\/\/s1.eestatic.com\/2021\/08\/23\/actualidad\/606451188_201166471_1706x960.jpg 1706w\" width=\"320\"\/><\/p><\/div>\n<h3 class=\"content__summary-title\"><strong>Cadaqu\u00e9s (Girona, Catalu\u00f1a)<\/strong><\/h3>\n<p id=\"paragraph_9\">Cadaqu\u00e9s tampoco pod\u00eda faltar en esta lista de los pueblos m\u00e1s bonitos de Espa\u00f1a. Este es uno de los pueblos costeros m\u00e1s emblem\u00e1ticos del litoral de Girona y de la Costa Brava y un <strong>lugar perfecto para los viajeros<\/strong> que busquen escapar de las zonas costeras m\u00e1s masificadas. Te aseguramos que su casco antiguo, sus calles empinadas de origen medieval y sus casas te invitar\u00e1n a disfrutar y recorrer este pueblo sin prisas.<\/p>\n<div class=\"article-media \" itemscope=\"\" itemtype=\"http:\/\/schema.org\/ImageObject\">\n<p><img decoding=\"async\" alt=\"Cadaqu\u00e9s\" data-imgm=\"true\" height=\"180\" loading=\"lazy\" sizes=\"auto, (max-width: 479px) 100vw, (max-width: 1023px) 80vw, 40vw\" src=\"https:\/\/s1.eestatic.com\/2021\/08\/23\/actualidad\/606451189_201166503_1024x576.jpg\" srcset=\"https:\/\/s1.eestatic.com\/2021\/08\/23\/actualidad\/606451189_201166506_320x180.jpg 320w, https:\/\/s1.eestatic.com\/2021\/08\/23\/actualidad\/606451189_201166505_640x360.jpg 640w, https:\/\/s1.eestatic.com\/2021\/08\/23\/actualidad\/606451189_201166504_864x486.jpg 864w, https:\/\/s1.eestatic.com\/2021\/08\/23\/actualidad\/606451189_201166503_1024x576.jpg 1024w, https:\/\/s1.eestatic.com\/2021\/08\/23\/actualidad\/606451189_201166502_1706x960.jpg 1706w\" width=\"320\"\/><\/p><\/div>\n<h3 class=\"content__summary-title\"><strong>Fornells (Menorca)<\/strong><\/h3>\n<p id=\"paragraph_10\"><strong>Casas blancas, calles estrechas, restos de antiguas fortalezas, un puerto pure\u2026<\/strong> Fornells es un pueblo cercano a la costa que podr\u00e1s encontrar al norte de Menorca y en el municipio de Es Mercadal. Otro de esos destinos perfectos para los que quieran huir de las zonas costeras m\u00e1s masificadas y en el que no podr\u00e1s irte sin probar antes su famoso y exquisito plato de Caldereta de Langosta. Tampoco olvides disfrutar de las magn\u00edficas vistas que te esperan en la Torre de Fornells, una torre de defensa construida durante la ocupaci\u00f3n brit\u00e1nica para proteger al pueblo de los enemigos y que adem\u00e1s es la m\u00e1s grande de la isla.<\/p>\n<div class=\"article-media \" itemscope=\"\" itemtype=\"http:\/\/schema.org\/ImageObject\">\n<p><img decoding=\"async\" alt=\"Fornells\" data-imgm=\"true\" height=\"180\" loading=\"lazy\" sizes=\"auto, (max-width: 479px) 100vw, (max-width: 1023px) 80vw, 40vw\" src=\"https:\/\/s1.eestatic.com\/2021\/08\/23\/actualidad\/606451183_201166319_1024x576.jpg\" srcset=\"https:\/\/s1.eestatic.com\/2021\/08\/23\/actualidad\/606451183_201166322_320x180.jpg 320w, https:\/\/s1.eestatic.com\/2021\/08\/23\/actualidad\/606451183_201166321_640x360.jpg 640w, https:\/\/s1.eestatic.com\/2021\/08\/23\/actualidad\/606451183_201166320_864x486.jpg 864w, https:\/\/s1.eestatic.com\/2021\/08\/23\/actualidad\/606451183_201166319_1024x576.jpg 1024w, https:\/\/s1.eestatic.com\/2021\/08\/23\/actualidad\/606451183_201166318_1706x960.jpg 1706w\" width=\"320\"\/><\/p><\/div>\n<h3 class=\"content__summary-title\"><strong>Cabo de Palos (Murcia)<\/strong><\/h3>\n<p id=\"paragraph_11\">Dentro del municipio de Cartagena se encuentra Cabo de Palos, una de las grandes joyas de la regi\u00f3n de Murcia. Un lugar privilegiado que tampoco pod\u00eda faltar en esta lista de los pueblos costeros m\u00e1s bonitos de Espa\u00f1a. Su imponente faro, sus acantilados, sus calas, sus fondos marinos, sus calles y por supuesto su gastronom\u00eda, son los grandes atractivos de este lugar de la costa espa\u00f1ola, que tambi\u00e9n figura como un verdadero para\u00edso para <strong>los amantes del buceo<\/strong>, sobre todo por la Reserva Marina Islas Hormigas.<\/p>\n<div class=\"article-media \" itemscope=\"\" itemtype=\"http:\/\/schema.org\/ImageObject\">\n<p><img decoding=\"async\" alt=\"Cabo de Palos\" data-imgm=\"true\" height=\"180\" loading=\"lazy\" sizes=\"auto, (max-width: 479px) 100vw, (max-width: 1023px) 80vw, 40vw\" src=\"https:\/\/s1.eestatic.com\/2021\/08\/23\/actualidad\/606451181_201166261_1024x576.jpg\" srcset=\"https:\/\/s1.eestatic.com\/2021\/08\/23\/actualidad\/606451181_201166264_320x180.jpg 320w, https:\/\/s1.eestatic.com\/2021\/08\/23\/actualidad\/606451181_201166263_640x360.jpg 640w, https:\/\/s1.eestatic.com\/2021\/08\/23\/actualidad\/606451181_201166262_864x486.jpg 864w, https:\/\/s1.eestatic.com\/2021\/08\/23\/actualidad\/606451181_201166261_1024x576.jpg 1024w, https:\/\/s1.eestatic.com\/2021\/08\/23\/actualidad\/606451181_201166260_1706x960.jpg 1706w\" width=\"320\"\/><\/p><\/div>\n<h3 class=\"content__summary-title\"><strong>Nerja (M\u00e1laga)<\/strong><\/h3>\n<p id=\"paragraph_12\">Nerja es sin duda uno de los pueblos costeros con m\u00e1s atractivo de la provincia de M\u00e1laga y, no solo por <strong>sus bellas playas<\/strong>, sino tambi\u00e9n por el rico patrimonio hist\u00f3rico-cultural con el que cuenta, por su sabrosa gastronom\u00eda o su cercan\u00eda a la reserva pure de la Sierra Nevada y Sierra de Almijara. No dejes de visitar las famosas Cuevas de Nerja (con antiguas pinturas rupestres de hace 42.000 a\u00f1os) o el llamado Balc\u00f3n de Europa, un espectacular mirador que encontrar\u00e1s en el centro del pueblo y con las mejores vistas.<\/p>\n<div class=\"article-media \" itemscope=\"\" itemtype=\"http:\/\/schema.org\/ImageObject\">\n<p><img decoding=\"async\" alt=\"Nerja\" data-imgm=\"true\" height=\"180\" loading=\"lazy\" sizes=\"auto, (max-width: 479px) 100vw, (max-width: 1023px) 80vw, 40vw\" src=\"https:\/\/s1.eestatic.com\/2021\/08\/23\/actualidad\/606451191_201166563_1024x576.jpg\" srcset=\"https:\/\/s1.eestatic.com\/2021\/08\/23\/actualidad\/606451191_201166566_320x180.jpg 320w, https:\/\/s1.eestatic.com\/2021\/08\/23\/actualidad\/606451191_201166565_640x360.jpg 640w, https:\/\/s1.eestatic.com\/2021\/08\/23\/actualidad\/606451191_201166564_864x486.jpg 864w, https:\/\/s1.eestatic.com\/2021\/08\/23\/actualidad\/606451191_201166563_1024x576.jpg 1024w, https:\/\/s1.eestatic.com\/2021\/08\/23\/actualidad\/606451191_201166562_1706x960.jpg 1706w\" width=\"320\"\/><\/p><\/div>\n<h3 class=\"content__summary-title\"><strong>Pe\u00f1\u00edscola (Castell\u00f3n, Comunidad Valenciana)<\/strong><\/h3>\n<p id=\"paragraph_13\">Pe\u00f1\u00edscola es otro de los pueblos costeros m\u00e1s bonitos, pero tambi\u00e9n uno de los lugares con m\u00e1s historia de Espa\u00f1a. En \u00e9l no pasan desapercibidos su casco antiguo, sus murallas, su castillo del Papa Luna (el cual figura entre uno de los mejor conservados de Espa\u00f1a, sus hermosas calas o sus imponentes acantilados.<\/p>\n<div class=\"article-media \" itemscope=\"\" itemtype=\"http:\/\/schema.org\/ImageObject\">\n<p><img decoding=\"async\" alt=\"Pe\u00f1\u00edscola\" data-imgm=\"true\" height=\"180\" loading=\"lazy\" sizes=\"auto, (max-width: 479px) 100vw, (max-width: 1023px) 80vw, 40vw\" src=\"https:\/\/s1.eestatic.com\/2021\/08\/23\/actualidad\/606451176_201166112_1024x576.jpg\" srcset=\"https:\/\/s1.eestatic.com\/2021\/08\/23\/actualidad\/606451176_201166115_320x180.jpg 320w, https:\/\/s1.eestatic.com\/2021\/08\/23\/actualidad\/606451176_201166114_640x360.jpg 640w, https:\/\/s1.eestatic.com\/2021\/08\/23\/actualidad\/606451176_201166113_864x486.jpg 864w, https:\/\/s1.eestatic.com\/2021\/08\/23\/actualidad\/606451176_201166112_1024x576.jpg 1024w, https:\/\/s1.eestatic.com\/2021\/08\/23\/actualidad\/606451176_201166111_1706x960.jpg 1706w\" width=\"320\"\/><\/p><\/div>\n<h3 class=\"content__summary-title\"><strong>Garachico (Tenerife)<\/strong><\/h3>\n<p id=\"paragraph_14\">La mejor forma de descubrir Garachico es acerc\u00e1ndote a pie a <strong>su castillo, sus conventos y lugares hist\u00f3ricos, sus iglesias<\/strong> o recorriendo sus calles adoquinadas. Un lugar que encontrar\u00e1s a unos 25 kil\u00f3metros de Puerto de la Cruz y que es conocido por haber sido el principal puerto comercial de Tenerife gracias al intercambio de vino y az\u00facar, pero en 1706 la erupci\u00f3n del volc\u00e1n de Arenas Negras o Trevejo sepult\u00f3 gran parte de esta villa y su puerto, quedando inutilizable en aquella \u00e9poca y afectando gravemente a su econom\u00eda. En \u00e9l podr\u00e1s visitar algunos lugares imprescindibles como su casco hist\u00f3rico, la ermita de San Roque, la Plaza de la Libertad, la Puerta de Tierra, el Castillo de San Miguel o las famosas piscinas naturales de el Calet\u00f3n.<\/p>\n<div class=\"article-media \" itemscope=\"\" itemtype=\"http:\/\/schema.org\/ImageObject\">\n<p><img decoding=\"async\" alt=\"Garachico\" data-imgm=\"true\" height=\"180\" loading=\"lazy\" sizes=\"auto, (max-width: 479px) 100vw, (max-width: 1023px) 80vw, 40vw\" src=\"https:\/\/s1.eestatic.com\/2021\/08\/23\/actualidad\/606451192_201166594_1024x576.jpg\" srcset=\"https:\/\/s1.eestatic.com\/2021\/08\/23\/actualidad\/606451192_201166597_320x180.jpg 320w, https:\/\/s1.eestatic.com\/2021\/08\/23\/actualidad\/606451192_201166596_640x360.jpg 640w, https:\/\/s1.eestatic.com\/2021\/08\/23\/actualidad\/606451192_201166595_864x486.jpg 864w, https:\/\/s1.eestatic.com\/2021\/08\/23\/actualidad\/606451192_201166594_1024x576.jpg 1024w, https:\/\/s1.eestatic.com\/2021\/08\/23\/actualidad\/606451192_201166593_1706x960.jpg 1706w\" width=\"320\"\/><\/p><\/div>\n<h3 class=\"content__summary-title\"><strong>Puerto de Mog\u00e1n (Gran Canaria)<\/strong><\/h3>\n<p id=\"paragraph_15\">En el Puerto de Mog\u00e1n, tambi\u00e9n conocido como \u2018la Venecia de Canarias\u2019, no solo disfrutar\u00e1s de uno de los mejores climas del mundo, sino tambi\u00e9n de uno de los rincones m\u00e1s pintorescos y con m\u00e1s encanto de las Islas Canarias. Destaca por sus playas, por <strong>su bell\u00edsimo entorno de casas blancas<\/strong> llenas de flores de colores y rodeadas de canales de agua, pero tambi\u00e9n por su gastronom\u00eda con pescado y marisco de gran calidad.<\/p>\n<div class=\"article-media \" itemscope=\"\" itemtype=\"http:\/\/schema.org\/ImageObject\">\n<p><img decoding=\"async\" alt=\"Puerto de Mog\u00e1n\" data-imgm=\"true\" height=\"180\" loading=\"lazy\" sizes=\"auto, (max-width: 479px) 100vw, (max-width: 1023px) 80vw, 40vw\" src=\"https:\/\/s1.eestatic.com\/2021\/08\/23\/actualidad\/606451173_201166025_1024x576.jpg\" srcset=\"https:\/\/s1.eestatic.com\/2021\/08\/23\/actualidad\/606451173_201166028_320x180.jpg 320w, https:\/\/s1.eestatic.com\/2021\/08\/23\/actualidad\/606451173_201166027_640x360.jpg 640w, https:\/\/s1.eestatic.com\/2021\/08\/23\/actualidad\/606451173_201166026_864x486.jpg 864w, https:\/\/s1.eestatic.com\/2021\/08\/23\/actualidad\/606451173_201166025_1024x576.jpg 1024w, https:\/\/s1.eestatic.com\/2021\/08\/23\/actualidad\/606451173_201166024_1706x960.jpg 1706w\" width=\"320\"\/><\/p><\/div>\n<h3 class=\"content__summary-title\"><strong>Motril (Granada, Andaluc\u00eda)<\/strong><\/h3>\n<p id=\"paragraph_16\">Motril es otro pueblo costero de visita obligada por su belleza, pero tambi\u00e9n por ofrecer a todo el que se acerca a visitarlo una gran variedad de visitas \u00fanicas como <strong>sus monumentos, sus playas, su naturaleza o su gastronom\u00eda<\/strong>. El Santuario de Nuestra Se\u00f1ora de la Cabeza, la Iglesia Mayor de la Encarnaci\u00f3n, el Teatro Calder\u00f3n de la Barca, el Parque de los Pueblos de Am\u00e9rica o sus playas y calas son algunas de las paradas imprescindibles en Motril.<\/p>\n<div class=\"article-media \" itemscope=\"\" itemtype=\"http:\/\/schema.org\/ImageObject\">\n<p><img decoding=\"async\" alt=\"Motril\" data-imgm=\"true\" height=\"180\" loading=\"lazy\" sizes=\"auto, (max-width: 479px) 100vw, (max-width: 1023px) 80vw, 40vw\" src=\"https:\/\/s1.eestatic.com\/2021\/08\/23\/actualidad\/606451174_201166054_1024x576.jpg\" srcset=\"https:\/\/s1.eestatic.com\/2021\/08\/23\/actualidad\/606451174_201166057_320x180.jpg 320w, https:\/\/s1.eestatic.com\/2021\/08\/23\/actualidad\/606451174_201166056_640x360.jpg 640w, https:\/\/s1.eestatic.com\/2021\/08\/23\/actualidad\/606451174_201166055_864x486.jpg 864w, https:\/\/s1.eestatic.com\/2021\/08\/23\/actualidad\/606451174_201166054_1024x576.jpg 1024w, https:\/\/s1.eestatic.com\/2021\/08\/23\/actualidad\/606451174_201166053_1706x960.jpg 1706w\" width=\"320\"\/><\/p><\/div>\n<h3 class=\"content__summary-title\"><strong>Moj\u00e1car (Almer\u00eda, Andaluc\u00eda)<\/strong><\/h3>\n<p id=\"paragraph_17\">Moj\u00e1car es uno de los pueblos costeros m\u00e1s bonitos de la Costa de Almer\u00eda y que encontrar\u00e1s<strong> situado sobre la cima de una monta\u00f1a<\/strong>, al closing de la sierra de Cabrera. En \u00e9l, no solo podr\u00e1s disfrutar de sol y playa, sino tambi\u00e9n descubrir cada vestigio de su pasado \u00e1rabe, su bonito entorno pure, las t\u00edpicas casas blancas andaluzas, su bonito mirador del castillo y por supuesto de las continuas vistas al mar Mediterr\u00e1neo. Un destino perfecto en el que podr\u00e1s disfrutar del calm down y a la vez del buen ambiente que encontrar\u00e1s en sus terrazas y chiringuitos.<\/p>\n<div class=\"article-media \" itemscope=\"\" itemtype=\"http:\/\/schema.org\/ImageObject\">\n<p><img decoding=\"async\" alt=\"Moj\u00e1car\" data-imgm=\"true\" height=\"180\" loading=\"lazy\" sizes=\"auto, (max-width: 479px) 100vw, (max-width: 1023px) 80vw, 40vw\" src=\"https:\/\/s1.eestatic.com\/2021\/08\/23\/actualidad\/606451171_201165961_1024x576.jpg\" srcset=\"https:\/\/s1.eestatic.com\/2021\/08\/23\/actualidad\/606451171_201165964_320x180.jpg 320w, https:\/\/s1.eestatic.com\/2021\/08\/23\/actualidad\/606451171_201165963_640x360.jpg 640w, https:\/\/s1.eestatic.com\/2021\/08\/23\/actualidad\/606451171_201165962_864x486.jpg 864w, https:\/\/s1.eestatic.com\/2021\/08\/23\/actualidad\/606451171_201165961_1024x576.jpg 1024w, https:\/\/s1.eestatic.com\/2021\/08\/23\/actualidad\/606451171_201165960_1706x960.jpg 1706w\" width=\"320\"\/><\/p><\/div>\n<h3 class=\"content__summary-title\">Tambi\u00e9n te puede interesar&#8230;<\/h3>\n<ul class=\"content__summary-list content__summary-list--bullets\">\n<li class=\"summary-list__item\"><a rel=\"nofollow noopener\" target=\"_blank\" href=\"https:\/\/www.elespanol.com\/ocio\/destinos-naturaleza-visitar-cerca-madrid-turismo-escapada-fin-de-semana\/586941626_0.html\">7 destinos en la naturaleza para visitar cerca de Madrid<\/a><\/li>\n<\/ul>\n<ul class=\"content__summary-list content__summary-list--bullets\">\n<li class=\"summary-list__item\"><a rel=\"nofollow noopener\" target=\"_blank\" href=\"https:\/\/www.elespanol.com\/ocio\/paises-europa-viajar-seguro-verano-coronavirus-restricciones-pruebas\/586192280_0.html\">10 pa\u00edses fuera de Europa donde viajar seguro este verano<\/a><\/li>\n<\/ul>\n<ul class=\"content__summary-list content__summary-list--bullets\">\n<li class=\"summary-list__item\"><a rel=\"nofollow noopener\" target=\"_blank\" href=\"https:\/\/www.elespanol.com\/ocio\/restaurantes-sevilla-deberias-conocer-gastronomia-tipica-comida-tradicional-moderna\/586192846_0.html\">5 restaurantes en Sevilla que deber\u00edas conocer<\/a><\/li>\n<\/ul>\n<ul class=\"content__summary-list content__summary-list--bullets\">\n<li class=\"summary-list__item\"><a rel=\"nofollow noopener\" target=\"_blank\" href=\"https:\/\/www.elespanol.com\/ocio\/costa-da-morte-lugares-imprescindibles-visitar-ruta\/586191911_0.html\">Costa da Morte: 10 lugares imprescindibles para visitar en la ruta<\/a><\/li>\n<\/ul>\n<p><include onerror=\"continue\" src=\"https:\/\/www.elespanol.com\/eemodules\/ESPTagListContentsHTMLMO\/mo.html?p=W10&amp;h=0b72\"\/><\/p>\n<h3 class=\"follow-topics-title\"><span class=\"follow-topics-title__icon\"\/>Sigue los temas que te interesan<\/h3>\n<\/p><\/div>\n\n<p><em> &#8221; Fuentes www.elespanol.com &#8221; <\/em><\/p>\n","protected":false},"excerpt":{"rendered":"<p>Pueblos bonitos de Espa\u00f1a en los que desconectar, en los que perderse paseando por sus calles y sus entornos de naturaleza, en los que disfrutar de una deliciosa gastronom\u00eda o de los mejores chiringuitos y sobre todo en los que relajarse tomando el sol en sus playas, mientras escuchas la brisa del mar y el [&hellip;]<\/p>\n","protected":false},"author":4,"featured_media":178775,"comment_status":"open","ping_status":"closed","sticky":false,"template":"","format":"standard","meta":{"om_disable_all_campaigns":false,"jnews-multi-image_gallery":[],"jnews_single_post":[],"jnews_primary_category":[],"jnews_social_meta":[],"footnotes":""},"categories":[39],"tags":[770,22818,2028],"class_list":["post-178774","post","type-post","status-publish","format-standard","has-post-thumbnail","hentry","category-viajes","tag-espana","tag-ocio-y-tiempo-libre","tag-pueblos"],"_links":{"self":[{"href":"https:\/\/dimensionturistica.com\/es\/wp-json\/wp\/v2\/posts\/178774","targetHints":{"allow":["GET"]}}],"collection":[{"href":"https:\/\/dimensionturistica.com\/es\/wp-json\/wp\/v2\/posts"}],"about":[{"href":"https:\/\/dimensionturistica.com\/es\/wp-json\/wp\/v2\/types\/post"}],"author":[{"embeddable":true,"href":"https:\/\/dimensionturistica.com\/es\/wp-json\/wp\/v2\/users\/4"}],"replies":[{"embeddable":true,"href":"https:\/\/dimensionturistica.com\/es\/wp-json\/wp\/v2\/comments?post=178774"}],"version-history":[{"count":0,"href":"https:\/\/dimensionturistica.com\/es\/wp-json\/wp\/v2\/posts\/178774\/revisions"}],"wp:featuredmedia":[{"embeddable":true,"href":"https:\/\/dimensionturistica.com\/es\/wp-json\/wp\/v2\/media\/178775"}],"wp:attachment":[{"href":"https:\/\/dimensionturistica.com\/es\/wp-json\/wp\/v2\/media?parent=178774"}],"wp:term":[{"taxonomy":"category","embeddable":true,"href":"https:\/\/dimensionturistica.com\/es\/wp-json\/wp\/v2\/categories?post=178774"},{"taxonomy":"post_tag","embeddable":true,"href":"https:\/\/dimensionturistica.com\/es\/wp-json\/wp\/v2\/tags?post=178774"}],"curies":[{"name":"wp","href":"https:\/\/api.w.org\/{rel}","templated":true}]}}