{"id":178757,"date":"2021-08-24T12:15:43","date_gmt":"2021-08-24T12:15:43","guid":{"rendered":"https:\/\/dimensionturistica.com\/es\/?p=178757"},"modified":"2021-08-24T12:15:44","modified_gmt":"2021-08-24T12:15:44","slug":"a-licitacion-el-servicio-de-agencias-de-viaje-del-patronato","status":"publish","type":"post","link":"https:\/\/dimensionturistica.com\/es\/a-licitacion-el-servicio-de-agencias-de-viaje-del-patronato\/","title":{"rendered":"A licitaci\u00f3n el servicio de agencias de viaje del Patronato"},"content":{"rendered":"<p> <br \/>\n<\/p>\n<div>\n<p>El Patronato de Turismo ha sacado a licitaci\u00f3n un contrato para cubrir el servicio de agencia de viaje con el objetivo de cubrir el desplazamiento y las estancias del private propio en viajes insulares, nacionales e internacionales, as\u00ed como los fam y presstrip que organiza la instituci\u00f3n. Se trata de una licitaci\u00f3n por dos a\u00f1os, prorrogable otros dos m\u00e1s, por un whole de 133.873,62 euros.<\/p>\n<p>Para la consejera de Turismo, Jessica de Le\u00f3n, se trata de un servicio basic &#8220;con el que no cuenta el principal \u00f3rgano de promoci\u00f3n de la isla y que es fundamental para cubrir no solo la gesti\u00f3n de la reserva, la emisi\u00f3n, la modificaci\u00f3n, la anulaci\u00f3n y la entrega de billetes de transporte a\u00e9reo, terrestre y mar\u00edtimo, bonos de alojamiento, visados y cualquier otro servicio propio de una agencia de viajes sino tambi\u00e9n los servicios que pueden necesitar los press y fam trip que la instituci\u00f3n organiza en colaboraci\u00f3n con turoperadores y agencias&#8221;.<\/p>\n<p>Las empresas interesadas en prestar el servicio tendr\u00e1n hasta el 20 de septiembre para presentar las ofertas por lo que la consejera de Le\u00f3n estima que antes de finalizar el a\u00f1o &#8220;el contrato est\u00e9 en vigor\u201d.<\/p>\n<p>\u201cUna de las prioridades que nos marcamos a la entrada al gobierno insular fue, precisamente, licitar los servicios que eran de vital necesidad para el Patronato de Turismo y planificar con antelaci\u00f3n la acci\u00f3n de la instituci\u00f3n\u201d, comenta de Le\u00f3n.<\/p>\n<p>\u201cDespu\u00e9s de agencias de viaje, vendr\u00e1 el Plan Estrat\u00e9gico y de Advertising and marketing para 2022 y la puesta en marcha en septiembre de la campa\u00f1a de invierno en el mercado nacional e internacional&#8221;, finaliza la consejera.<\/p>\n<\/div>\n\n<p><em> &#8221; Fuentes www.diariodefuerteventura.com &#8221; <\/em><\/p>\n","protected":false},"excerpt":{"rendered":"<p>El Patronato de Turismo ha sacado a licitaci\u00f3n un contrato para cubrir el servicio de agencia de viaje con el objetivo de cubrir el desplazamiento y las estancias del private propio en viajes insulares, nacionales e internacionales, as\u00ed como los fam y presstrip que organiza la instituci\u00f3n. Se trata de una licitaci\u00f3n por dos a\u00f1os, [&hellip;]<\/p>\n","protected":false},"author":4,"featured_media":178758,"comment_status":"open","ping_status":"closed","sticky":false,"template":"","format":"standard","meta":{"om_disable_all_campaigns":false,"jnews-multi-image_gallery":[],"jnews_single_post":[],"jnews_primary_category":[],"jnews_social_meta":[],"footnotes":""},"categories":[40],"tags":[707,4127,4121,1483,4135,1708,4118,662,708,4112,828,4113,4114,715,4119,4132,4115,4123,4116,4133,4125,4117,4136,4128,4129,4131,4126,705,773,4124,831,4134,546,4120,1907,722,4130,4122,706,442],"class_list":["post-178757","post","type-post","status-publish","format-standard","has-post-thumbnail","hentry","category-industria","tag-actualidad","tag-betancuria","tag-caleta-de-fuste","tag-canarias","tag-carlos-de-saa","tag-comentarios","tag-corralejo","tag-cultura","tag-deportes","tag-diario-de-fuerteventura","tag-diario-digital","tag-diariodefuerteventura-com","tag-diariodefuerteventura-es","tag-economia","tag-el-cotillo","tag-eloy-vera","tag-fuerteventura","tag-gran-tarajal","tag-isla-de-lobos","tag-itziar-fernandez","tag-jandia","tag-la-oliva","tag-lourdes-bermejo","tag-majorero","tag-majoreros","tag-manuel-riveiro","tag-morro-jable","tag-noticias","tag-opinion","tag-pajara","tag-periodico","tag-pia-penagarikano","tag-politica","tag-puerto-del-rosario","tag-sociedad","tag-sucesos","tag-tribunales","tag-tuineje","tag-ultima-hora","tag-video"],"_links":{"self":[{"href":"https:\/\/dimensionturistica.com\/es\/wp-json\/wp\/v2\/posts\/178757","targetHints":{"allow":["GET"]}}],"collection":[{"href":"https:\/\/dimensionturistica.com\/es\/wp-json\/wp\/v2\/posts"}],"about":[{"href":"https:\/\/dimensionturistica.com\/es\/wp-json\/wp\/v2\/types\/post"}],"author":[{"embeddable":true,"href":"https:\/\/dimensionturistica.com\/es\/wp-json\/wp\/v2\/users\/4"}],"replies":[{"embeddable":true,"href":"https:\/\/dimensionturistica.com\/es\/wp-json\/wp\/v2\/comments?post=178757"}],"version-history":[{"count":0,"href":"https:\/\/dimensionturistica.com\/es\/wp-json\/wp\/v2\/posts\/178757\/revisions"}],"wp:featuredmedia":[{"embeddable":true,"href":"https:\/\/dimensionturistica.com\/es\/wp-json\/wp\/v2\/media\/178758"}],"wp:attachment":[{"href":"https:\/\/dimensionturistica.com\/es\/wp-json\/wp\/v2\/media?parent=178757"}],"wp:term":[{"taxonomy":"category","embeddable":true,"href":"https:\/\/dimensionturistica.com\/es\/wp-json\/wp\/v2\/categories?post=178757"},{"taxonomy":"post_tag","embeddable":true,"href":"https:\/\/dimensionturistica.com\/es\/wp-json\/wp\/v2\/tags?post=178757"}],"curies":[{"name":"wp","href":"https:\/\/api.w.org\/{rel}","templated":true}]}}