{"id":178403,"date":"2021-08-23T22:51:52","date_gmt":"2021-08-23T22:51:52","guid":{"rendered":"https:\/\/dimensionturistica.com\/es\/?p=178403"},"modified":"2021-08-23T22:51:52","modified_gmt":"2021-08-23T22:51:52","slug":"canada-y-rd-levantaran-restricciones-a-sus-viajeros-a-partir-del-7-de-septiembre","status":"publish","type":"post","link":"https:\/\/dimensionturistica.com\/es\/canada-y-rd-levantaran-restricciones-a-sus-viajeros-a-partir-del-7-de-septiembre\/","title":{"rendered":"Canad\u00e1 y RD levantar\u00e1n restricciones a sus viajeros a partir del 7 de septiembre"},"content":{"rendered":"<p> <br \/>\n<\/p>\n<div><picture class=\"preview-image\"><img decoding=\"async\" src=\"https:\/\/acento.com.do\/el-financiero\/resources\/img\/_blank.gif\" data-imgresponsive=\"\" data-desktop=\"https:\/\/acento.com.do\/media\/storage02\/uploads\/2021\/08\/embajadora-michelle-cohen-scaled-1-728x410.webp\" data-mobile=\"https:\/\/acento.com.do\/media\/storage02\/uploads\/2021\/08\/embajadora-michelle-cohen-scaled-1-400x225.webp\" onerror=\"FRN.imgFIX(this);\"\/><\/picture>\n<p>OTTAWA, Canad\u00e1.- \u00a0La embajada de la Rep\u00fablica Dominicana en Canad\u00e1 proclam\u00f3 sus mejores expectativas con el turismo canadiense y el intercambio comercial cuando a partir del pr\u00f3ximo 7 de septiembre se levanten oficialmente las restricciones para viajeros desde esa naci\u00f3n norteamericana hacia el destino caribe\u00f1o y viceversa.<\/p>\n<p>Michelle Cohen, embajadora dominicana, resalt\u00f3 que desde mayo ejecuta una intensa ronda de conversaciones con l\u00edneas a\u00e9reas y tour operadores canadienses, con quienes ha compartido acerca del esfuerzo conjunto del gobierno dominicano y el sector privado para garantizar los mejores niveles de bioseguridad a los turistas.<\/p>\n<p>Cohen inform\u00f3 que se adhiri\u00f3 a los esfuerzos y labores de influencia -para lograr una fecha de apertura- de parte de l\u00edderes como Perrin Beatty, presidente de la C\u00e1mara de Comercio de Canad\u00e1; Bruce Burrows, presidente de la C\u00e1mara de Comercio Mar\u00edtimo; Mike McNaney, presidente del Consejo Nacional de L\u00edneas A\u00e9reas de Canad\u00e1 y una veintena de asociaciones industriales y empresariales.<\/p>\n<p>Asimismo, siguiendo los lineamientos de los ministerio de Relaciones Exteriores y de Turismo, la diplom\u00e1tica ha provisto informaci\u00f3n sobre los avances en el plan de inmunizaci\u00f3n de la Rep\u00fablica Dominicana, que marca un liderazgo en las regiones caribe\u00f1a y latinoamericana en primera y segunda dosis, disponiendo adem\u00e1s de vacunas para una tercera inoculaci\u00f3n de reforzamiento.<\/p>\n<p>Cohen resalt\u00f3 que todas las reuniones de negocios que ha llevado a cabo con empresarios canadienses vinculados con el turismo, el comercio, la industria y otras \u00e1reas, ha hallado razones suficientes para estar optimista sobre la reactivaci\u00f3n del turismo procedente del pa\u00eds norteamericano y del intercambio comercial.<\/p>\n<p>Air Canada Trip, AirTransat, WestJet, Consejo Nacional de Aerol\u00edneas de Canad\u00e1, Sunwing Journey Group, OWG Airways, y las oficinas de promoci\u00f3n tur\u00edstica, entre otros, son las entidades con los que Cohen ha tenido contacto como pasos previos para la reactivaci\u00f3n de los vuelos hacia Dominicana. \u201cVamos a llenar todos esos asientos\u201d, resalt\u00f3 la embajadora.<\/p>\n<p>Las aerol\u00edneas canadienses realizan entre tres y cinco vuelos semanales a la Rep\u00fablica Dominicana desde julio, tocando espec\u00edficamente los destinos de Punta Cana y Puerto Plata, actividad que se dinamizar\u00e1 a partir del 7 de septiembre con la apertura oficial de las fronteras canadienses. Entre junio y julio las aerol\u00edneas ya hab\u00edan transportado a RD m\u00e1s de 4,000 pasajeros con pasaportes canadienses.<\/p>\n<p>\u201cEn todas las reuniones antes mencionadas destacamos la importancia que revisten para el gobierno dominicano y para el sector empresarial canadiense la reapertura segura de las fronteras, de manera que se logre dinamizar las relaciones comerciales ya existentes, favoreciendo el clima de negocios y de inversi\u00f3n y con miras a la recuperaci\u00f3n econ\u00f3mica tanto de Canad\u00e1 como de Rep\u00fablica Dominicana\u201d, se\u00f1al\u00f3 Cohen.<\/p>\n<p>Antes de la pandemia COVID-19, alrededor de un mill\u00f3n de turistas canadienses visitaban la Rep\u00fablica Dominicana, por lo cual la recuperaci\u00f3n de ese mercado es clave para el pa\u00eds en su proceso de reactivaci\u00f3n econ\u00f3mica.<\/p>\n<p>\u201cExiste un inter\u00e9s muy marcado de los canadienses en retornar a nuestro destino, a la plaza tur\u00edstica m\u00e1s completa y competitiva del Caribe, que se ha preparado adecuadamente para una reapertura exitosa, garantizando estad\u00edas seguras y memorables\u201d, sostuvo Cohen.<\/p>\n<\/div>\n\n<p><em> &#8221; Fuentes acento.com.do &#8221; <\/em><\/p>\n","protected":false},"excerpt":{"rendered":"<p>OTTAWA, Canad\u00e1.- \u00a0La embajada de la Rep\u00fablica Dominicana en Canad\u00e1 proclam\u00f3 sus mejores expectativas con el turismo canadiense y el intercambio comercial cuando a partir del pr\u00f3ximo 7 de septiembre se levanten oficialmente las restricciones para viajeros desde esa naci\u00f3n norteamericana hacia el destino caribe\u00f1o y viceversa. Michelle Cohen, embajadora dominicana, resalt\u00f3 que desde mayo [&hellip;]<\/p>\n","protected":false},"author":4,"featured_media":178404,"comment_status":"open","ping_status":"closed","sticky":false,"template":"","format":"standard","meta":{"om_disable_all_campaigns":false,"jnews-multi-image_gallery":[],"jnews_single_post":[],"jnews_primary_category":[],"jnews_social_meta":[],"footnotes":""},"categories":[39],"tags":[72,510,30108,30109],"class_list":["post-178403","post","type-post","status-publish","format-standard","has-post-thumbnail","hentry","category-viajes","tag-canada","tag-covid-19","tag-michelle-cohen","tag-perrin-beatty"],"_links":{"self":[{"href":"https:\/\/dimensionturistica.com\/es\/wp-json\/wp\/v2\/posts\/178403","targetHints":{"allow":["GET"]}}],"collection":[{"href":"https:\/\/dimensionturistica.com\/es\/wp-json\/wp\/v2\/posts"}],"about":[{"href":"https:\/\/dimensionturistica.com\/es\/wp-json\/wp\/v2\/types\/post"}],"author":[{"embeddable":true,"href":"https:\/\/dimensionturistica.com\/es\/wp-json\/wp\/v2\/users\/4"}],"replies":[{"embeddable":true,"href":"https:\/\/dimensionturistica.com\/es\/wp-json\/wp\/v2\/comments?post=178403"}],"version-history":[{"count":0,"href":"https:\/\/dimensionturistica.com\/es\/wp-json\/wp\/v2\/posts\/178403\/revisions"}],"wp:featuredmedia":[{"embeddable":true,"href":"https:\/\/dimensionturistica.com\/es\/wp-json\/wp\/v2\/media\/178404"}],"wp:attachment":[{"href":"https:\/\/dimensionturistica.com\/es\/wp-json\/wp\/v2\/media?parent=178403"}],"wp:term":[{"taxonomy":"category","embeddable":true,"href":"https:\/\/dimensionturistica.com\/es\/wp-json\/wp\/v2\/categories?post=178403"},{"taxonomy":"post_tag","embeddable":true,"href":"https:\/\/dimensionturistica.com\/es\/wp-json\/wp\/v2\/tags?post=178403"}],"curies":[{"name":"wp","href":"https:\/\/api.w.org\/{rel}","templated":true}]}}