{"id":178121,"date":"2021-08-23T16:37:59","date_gmt":"2021-08-23T16:37:59","guid":{"rendered":"https:\/\/dimensionturistica.com\/es\/?p=178121"},"modified":"2021-08-23T16:37:59","modified_gmt":"2021-08-23T16:37:59","slug":"cuauhtemoc-blanco-busca-posicionar-a-morelos-como-destino-principal","status":"publish","type":"post","link":"https:\/\/dimensionturistica.com\/es\/cuauhtemoc-blanco-busca-posicionar-a-morelos-como-destino-principal\/","title":{"rendered":"Cuauht\u00e9moc Blanco busca posicionar a Morelos como destino principal"},"content":{"rendered":"<p> <br \/>\n<\/p>\n<div id=\"content-body\" itemprop=\"articleBody\">\n<p>El gobernador de <b><a rel=\"nofollow noopener\" target=\"_blank\" href=\"https:\/\/www.milenio.com\/temas\/morelos\">Morelos<\/a><\/b>, <b><a rel=\"nofollow noopener\" target=\"_blank\" href=\"https:\/\/www.milenio.com\/temas\/cuauhtemocblanco\">Cuauht\u00e9moc Blanco Bravo<\/a><\/b>, impulsar\u00e1 el fortalecimiento del binomio turismo-cultura, as\u00ed como la variada riqueza pure que existe en la entidad para consolidar al estado como <b>el mejor destino estrat\u00e9gico del centro del pa\u00eds<\/b> frente a los retos y oportunidades que representa la nueva normalidad.<\/p>\n<p>Para lograrlo, se implementar\u00e1n programas y proyectos articulados, tanto con los diferentes niveles de gobierno, como con los sectores productivos de la sociedad para promover, paralelamente, el desarrollo de la cultura y el turismo, al tiempo de proyectar las ventajas que tiene el estado por sus caracter\u00edsticas ambientales, naturales y de ubicaci\u00f3n geogr\u00e1fica; especialmente aquellos destinos que ya est\u00e1n posicionados en el gusto de turistas y visitantes. <\/p>\n<p>Desde la<b> Secretar\u00eda de Turismo y Cultura<\/b> (STyC), encabezada por<b> Julieta Goldzweig Cornejo<\/b>, se lleva acabo un intenso proceso de capacitaci\u00f3n en materia de protocolos sanitarios y profesionalizaci\u00f3n de prestadores de servicios tur\u00edsticos, para acreditar las certificaciones necesarias que garanticen que <b>Morelos<\/b> sea un destino seguro. <\/p>\n<p>Asimismo, se fortalece la comunidad cultural a trav\u00e9s de la gesti\u00f3n de est\u00edmulos que permitan, por una parte, enriquecer la oferta art\u00edstica y consolidar agentes de creaci\u00f3n y promoci\u00f3n cultural en todo el territorio. <\/p>\n<blockquote><p>\u201cTrabajamos por Morelos, en la consolidaci\u00f3n del binomio turismo-cultura, para ofrecer al turista la gran riqueza natural, gastron\u00f3mica e hist\u00f3rica con la que cuenta esta tierra\u201d, expres\u00f3\u00a0<b style=\"font-size: 18px;\">Julieta Goldzweig.<\/b><\/p><\/blockquote>\n<p>Refiri\u00f3 que, gracias a la visi\u00f3n integral del gobernador, se estableci\u00f3 un proceso de trabajo transversal con la federaci\u00f3n y prestadores de servicios, con resultados positivos y concretos como la creaci\u00f3n del <b>Distintivo Anfitri\u00f3n Responsable,<\/b>\u00a0estrategia en atenci\u00f3n al Lineamiento Nacional para la reapertura del sector tur\u00edstico, y dirigida a desarrollar protocolos de actuaci\u00f3n en temas sanitarios y de buenas pr\u00e1cticas de higiene, a fin de aminorar las afectaciones derivadas por la pandemia de covid-19.<\/p>\n<p>La funcionaria detall\u00f3 que se ha entregado el distintivo a unidades econ\u00f3micas pertenecientes  a empresas tur\u00edsticas que han aplicado las medidas adecuadas para garantizar una estancia segura en sus establecimientos y que, adem\u00e1s, cuentan con el aval de la<b> Comisi\u00f3n Para la Protecci\u00f3n Contra Riesgos Sanitarios del Estado de Morelos (Coprisem)<\/b>, as\u00ed como de la Secretar\u00eda de Salud estatal. <\/p>\n<p>Sumado a ello, el estado logr\u00f3 obtener el distintivo internacional<b> Secure Journey Stamp<\/b>, respaldado por el Consejo Mundial de Viajes y Turismo (WTTC, por sus siglas en ingl\u00e9s), el cual complementa la certificaci\u00f3n de empresas tur\u00edsticas locales, proyectando a Morelos como un estado confiable, seguro y apegado a los protocolos sanitarios m\u00e1s estrictos.<\/p>\n<p>En tanto, en materia cultural, se ha trabajado para impulsar el desarrollo de agentes locales; se ha gestionado la operaci\u00f3n de est\u00edmulos para la creaci\u00f3n art\u00edstica y espect\u00e1culos de calidad accesibles para todos los sectores; as\u00ed como talleres a fin de proyectar la identidad y el talento morelense dentro y fuera del estado.<\/p>\n<p>Adem\u00e1s, respecto a la colaboraci\u00f3n con organismos e instituciones nacionales e internacionales como el\u00a0<a rel=\"nofollow noopener\" target=\"_blank\" href=\"https:\/\/www.milenio.com\/temas\/inbal\"><b xmlns=\"http:\/\/www.w3.org\/1999\/xhtml\">Instituto Nacional de Bellas Artes y Literatura (INBAL)<\/b><\/a><b>, el Complejo Cultural Los Pinos o el Metropolitan Opera Home de Nueva York,<\/b> entre otros; se ha conseguido concretar m\u00e1s de 150 alianzas para que Morelos tenga un abanico amplio de alternativas art\u00edsticas y las cuales se suman a la oferta del circuito tur\u00edstico y cultural del centro del pa\u00eds.<\/p>\n<p>scsa<\/p>\n<p>\u200b<\/p>\n<\/p><\/div>\n<p><script async defer crossorigin=\"anonymous\" src=\"https:\/\/connect.facebook.net\/es_LA\/sdk.js#xfbml=1&#038;version=v7.0\" nonce=\"ZELF4oef\"><\/script><br \/>\n<br \/><\/p>\n<p><em> &#8221; Fuentes www.milenio.com &#8221; <\/em><\/p>\n","protected":false},"excerpt":{"rendered":"<p>El gobernador de Morelos, Cuauht\u00e9moc Blanco Bravo, impulsar\u00e1 el fortalecimiento del binomio turismo-cultura, as\u00ed como la variada riqueza pure que existe en la entidad para consolidar al estado como el mejor destino estrat\u00e9gico del centro del pa\u00eds frente a los retos y oportunidades que representa la nueva normalidad. Para lograrlo, se implementar\u00e1n programas y proyectos [&hellip;]<\/p>\n","protected":false},"author":4,"featured_media":178122,"comment_status":"open","ping_status":"closed","sticky":false,"template":"","format":"standard","meta":{"om_disable_all_campaigns":false,"jnews-multi-image_gallery":[],"jnews_single_post":[],"jnews_primary_category":[],"jnews_social_meta":[],"footnotes":""},"categories":[40],"tags":[27207,11224,544],"class_list":["post-178121","post","type-post","status-publish","format-standard","has-post-thumbnail","hentry","category-industria","tag-cuauhtemoc-blanco","tag-morelos","tag-turismo"],"_links":{"self":[{"href":"https:\/\/dimensionturistica.com\/es\/wp-json\/wp\/v2\/posts\/178121","targetHints":{"allow":["GET"]}}],"collection":[{"href":"https:\/\/dimensionturistica.com\/es\/wp-json\/wp\/v2\/posts"}],"about":[{"href":"https:\/\/dimensionturistica.com\/es\/wp-json\/wp\/v2\/types\/post"}],"author":[{"embeddable":true,"href":"https:\/\/dimensionturistica.com\/es\/wp-json\/wp\/v2\/users\/4"}],"replies":[{"embeddable":true,"href":"https:\/\/dimensionturistica.com\/es\/wp-json\/wp\/v2\/comments?post=178121"}],"version-history":[{"count":0,"href":"https:\/\/dimensionturistica.com\/es\/wp-json\/wp\/v2\/posts\/178121\/revisions"}],"wp:featuredmedia":[{"embeddable":true,"href":"https:\/\/dimensionturistica.com\/es\/wp-json\/wp\/v2\/media\/178122"}],"wp:attachment":[{"href":"https:\/\/dimensionturistica.com\/es\/wp-json\/wp\/v2\/media?parent=178121"}],"wp:term":[{"taxonomy":"category","embeddable":true,"href":"https:\/\/dimensionturistica.com\/es\/wp-json\/wp\/v2\/categories?post=178121"},{"taxonomy":"post_tag","embeddable":true,"href":"https:\/\/dimensionturistica.com\/es\/wp-json\/wp\/v2\/tags?post=178121"}],"curies":[{"name":"wp","href":"https:\/\/api.w.org\/{rel}","templated":true}]}}