{"id":178110,"date":"2021-08-23T16:04:42","date_gmt":"2021-08-23T16:04:42","guid":{"rendered":"https:\/\/dimensionturistica.com\/es\/?p=178110"},"modified":"2021-08-23T16:04:43","modified_gmt":"2021-08-23T16:04:43","slug":"fortalece-cuauhtemoc-blanco-el-binomio-turismo-cultura-en-morelos","status":"publish","type":"post","link":"https:\/\/dimensionturistica.com\/es\/fortalece-cuauhtemoc-blanco-el-binomio-turismo-cultura-en-morelos\/","title":{"rendered":"Fortalece Cuauht\u00e9moc Blanco el binomio turismo-cultura en Morelos"},"content":{"rendered":"<p> <br \/>\n<\/p>\n<div id=\"id-body-node\" rol-nid=\"1467503\">\n<p><strong>CIUDAD DE M\u00c9XICO. <\/strong>El gobernador de Morelos, Cuauht\u00e9moc Blanco Bravo, impulsa el fortalecimiento del binomio turismo-cultura, as\u00ed como la variada riqueza pure que existe en la entidad, para consolidar a Morelos como el mejor destino estrat\u00e9gico del centro del pa\u00eds, frente a los retos y oportunidades que representa la nueva normalidad.<\/p>\n<p>Para lograrlo, se implementan programas y proyectos articulados, tanto con los diferentes niveles de gobierno, como con los sectores productivos de la sociedad para promover paralelamente el desarrollo de la cultura y el turismo, al tiempo de proyectar las ventajas que tiene el estado por sus caracter\u00edsticas ambientales, naturales y de ubicaci\u00f3n geogr\u00e1fica; especialmente aquellos destinos que ya est\u00e1n posicionados en el gusto de turistas y visitantes.<\/p>\n<p><span class=\"article-body-balloon\">Te puede interesar: <a rel=\"nofollow noopener\" target=\"_blank\" href=\"https:\/\/www.excelsior.com.mx\/nacional\/entrega-cuauhtemoc-blanco-el-premio-estatal-de-la-juventud-2021\/1466918\">Entrega Cuauht\u00e9moc Blanco el Premio Estatal de la Juventud 2021<\/a><\/span><\/p>\n<p>Desde la Secretar\u00eda de Turismo y Cultura (STyC), encabezada por Julieta Goldzweig Cornejo, se lleva a cabo un intenso proceso de capacitaci\u00f3n en materia de protocolos sanitarios y profesionalizaci\u00f3n de prestadores de servicios tur\u00edsticos, para acreditar las certificaciones necesarias que garanticen que Morelos es un destino seguro.<\/p>\n<p>Asimismo, se realiza el fortalecimiento de la comunidad cultural a trav\u00e9s de la gesti\u00f3n de est\u00edmulos que permitan por una parte enriquecer la oferta art\u00edstica y por otra consolidar agentes de creaci\u00f3n y promoci\u00f3n cultural en todo el territorio.<\/p>\n<p>\u201cTrabajamos por Morelos, en la consolidaci\u00f3n del binomio turismo-cultura, para ofrecer al turista la gran riqueza natural, gastron\u00f3mica e hist\u00f3rica con la que cuenta esta tierra\u201d, expres\u00f3 Julieta Goldzweig.<\/p>\n<blockquote class=\"twitter-tweet\">\n<p dir=\"ltr\" lang=\"es\" xml:lang=\"es\">Nuestra riqueza cultural y pure, hacen de Morelos un destino tur\u00edstico \u00fanico.<\/p>\n<p>Durante la pandemia, impulsamos la capacitaci\u00f3n a prestadores de servicios tur\u00edsticos en protocolos sanitarios para acreditar las certificaciones que garanticen que Morelos es un destino seguro. <a rel=\"nofollow noopener\" target=\"_blank\" href=\"https:\/\/t.co\/EQL0Hldwfy\">pic.twitter.com\/EQL0Hldwfy<\/a><\/p>\n<p>\u2014 Cuauht\u00e9moc Blanco (@cuauhtemocb10) <a rel=\"nofollow noopener\" target=\"_blank\" href=\"https:\/\/twitter.com\/cuauhtemocb10\/status\/1429791196872839168?ref_src=twsrc%5Etfw\">August 23, 2021<\/a><\/p>\n<\/blockquote>\n<p>Refiri\u00f3 que, gracias a la visi\u00f3n integral del Gobernador, se estableci\u00f3 un proceso de trabajo transversal con la federaci\u00f3n y prestadores de servicios, con resultados positivos y concretos como la creaci\u00f3n del \u201cDistintivo Anfitri\u00f3n Responsable\u201d, estrategia en atenci\u00f3n al Lineamiento Nacional para la reapertura del Sector Tur\u00edstico y dirigida a desarrollar protocolos de actuaci\u00f3n en temas sanitarios y de buenas pr\u00e1cticas de higiene, a fin de aminorar las afectaciones derivadas por la pandemia.<\/p>\n<p>La funcionaria detall\u00f3 que se ha entregado el distintivo a unidades econ\u00f3micas pertenecientes\u00a0 a empresas tur\u00edsticas que han aplicado las medidas adecuadas para garantizar una estancia segura en sus establecimientos y que adem\u00e1s cuentan con el aval de la Comisi\u00f3n Para la Protecci\u00f3n Contra Riesgos Sanitarios del Estado de Morelos (Coprisem), as\u00ed como de la Secretar\u00eda de Salud estatal.<\/p>\n<p>Sumado a ello, el estado logr\u00f3 obtener el distintivo internacional \u201cSafe Travel Stamp\u201d, respaldado por el Consejo Mundial de Viajes y Turismo (WTTC, por sus siglas en ingl\u00e9s), el cual complementa la certificaci\u00f3n de empresas tur\u00edsticas locales, proyectando a Morelos como un estado confiable, seguro y apegado a los protocolos sanitarios m\u00e1s estrictos.<\/p>\n<p><span class=\"article-body-balloon\">Te puede interesar: <a rel=\"nofollow noopener\" target=\"_blank\" href=\"https:\/\/www.excelsior.com.mx\/nacional\/cuauhtemoc-blanco-atestigua-acuerdo-por-la-paz-en-hueyapan\/1440732\">Cuauht\u00e9moc Blanco atestigua acuerdo por la paz en Hueyapan<\/a><\/span><\/p>\n<p>En tanto, en materia cultural se ha trabajado para impulsar el desarrollo de agentes locales; se ha gestionado la operaci\u00f3n de est\u00edmulos para la creaci\u00f3n art\u00edstica y espect\u00e1culos de calidad accesibles para todos los sectores; as\u00ed como talleres a fin de proyectar la identidad y el talento morelense dentro y fuera del estado.<\/p>\n<p>Adem\u00e1s, respecto a la colaboraci\u00f3n con organismos e instituciones nacionales e internacionales, como el Instituto Nacional de Bellas Artes y Literatura (INBAL), Complejo Cultural Los Pinos o el Metropolitan Opera Home de Nueva York, entre otros, se ha conseguido concretar m\u00e1s de 150 alianzas para que Morelos tenga un abanico amplio de alternativas art\u00edsticas y las cuales se suman a la oferta del circuito tur\u00edstico y cultural del centro del pa\u00eds.<\/p>\n<blockquote class=\"twitter-tweet\">\n<p dir=\"ltr\" lang=\"es\" xml:lang=\"es\">En el marco del 8\u00ba aniversario del <a rel=\"nofollow noopener\" target=\"_blank\" href=\"https:\/\/twitter.com\/hashtag\/MMAPO?src=hash&amp;ref_src=twsrc%5Etfw\">#MMAPO<\/a>, esta tarde se llev\u00f3 a cabo la MUESTRA ARTESANAL, en el <a rel=\"nofollow noopener\" target=\"_blank\" href=\"https:\/\/twitter.com\/CCTeopanzolco?ref_src=twsrc%5Etfw\">@CCTeopanzolco<\/a> <a rel=\"nofollow noopener\" target=\"_blank\" href=\"https:\/\/twitter.com\/hashtag\/Cuernavaca?src=hash&amp;ref_src=twsrc%5Etfw\">#Cuernavaca<\/a><a rel=\"nofollow noopener\" target=\"_blank\" href=\"https:\/\/twitter.com\/hashtag\/Morelos?src=hash&amp;ref_src=twsrc%5Etfw\">#Morelos<\/a><a rel=\"nofollow noopener\" target=\"_blank\" href=\"https:\/\/twitter.com\/hashtag\/MorelosEst%C3%A1Cerca?src=hash&amp;ref_src=twsrc%5Etfw\">#MorelosEst\u00e1Cerca<\/a> <a rel=\"nofollow noopener\" target=\"_blank\" href=\"https:\/\/t.co\/iNhU2NJ3jd\">pic.twitter.com\/iNhU2NJ3jd<\/a><\/p>\n<p>\u2014 Turismo y Cultura Morelos (@STC_Morelos) <a rel=\"nofollow noopener\" target=\"_blank\" href=\"https:\/\/twitter.com\/STC_Morelos\/status\/1429268074037981184?ref_src=twsrc%5Etfw\">August 22, 2021<\/a><\/p>\n<\/blockquote>\n<p>\u00a0<\/p>\n<p>\u00a0<\/p>\n<p><a rel=\"nofollow noopener\" target=\"_blank\" href=\"http:\/\/www.excelsior.com.mx\/ultima-hora\"><img decoding=\"async\" class=\"img-fluid\" loading=\"lazy\" src=\"https:\/\/cdn2.excelsior.imagendigital.com\/images\/pleca_ultima_hora.jpg\" width=\"580\" heigth=\"50\"\/><\/a><\/p>\n<p>*jci<\/p>\n<\/p><\/div>\n<p><script async src=\"\/\/platform.twitter.com\/widgets.js\" charset=\"utf-8\"><\/script><script type=\"text\/javascript\">\n    window.fbAsyncInit = function() {\n      FB.init({\n        appId: '550225168356361',\n        status: true,\n        xfbml: true,\n        version: 'v3.3',\n        autoLogAppEvents: true,\n        cookie: true\n      });\n    };\n    (function(d, s, id) {\n      var js, fjs = d.getElementsByTagName(s)[0];\n      if (d.getElementById(id)) return;\n      js = d.createElement(s);\n      js.id = id;\n      js.src = \"https:\/\/connect.facebook.net\/es_LA\/sdk.js\";\n      fjs.parentNode.insertBefore(js, fjs);\n    }(document, 'script', 'facebook-jssdk'));\n  <\/script><br \/>\n<br \/><\/p>\n<p><em> &#8221; Fuentes www.excelsior.com.mx &#8221; <\/em><\/p>\n","protected":false},"excerpt":{"rendered":"<p>CIUDAD DE M\u00c9XICO. El gobernador de Morelos, Cuauht\u00e9moc Blanco Bravo, impulsa el fortalecimiento del binomio turismo-cultura, as\u00ed como la variada riqueza pure que existe en la entidad, para consolidar a Morelos como el mejor destino estrat\u00e9gico del centro del pa\u00eds, frente a los retos y oportunidades que representa la nueva normalidad. Para lograrlo, se implementan [&hellip;]<\/p>\n","protected":false},"author":4,"featured_media":79782,"comment_status":"open","ping_status":"closed","sticky":false,"template":"","format":"standard","meta":{"om_disable_all_campaigns":false,"jnews-multi-image_gallery":[],"jnews_single_post":[],"jnews_primary_category":[],"jnews_social_meta":[],"footnotes":""},"categories":[40],"tags":[510,27207,662,664,715,1169,18881,11224,546,30089,1907,544],"class_list":["post-178110","post","type-post","status-publish","format-standard","has-post-thumbnail","hentry","category-industria","tag-covid-19","tag-cuauhtemoc-blanco","tag-cultura","tag-deporte","tag-economia","tag-excelsior","tag-juventud","tag-morelos","tag-politica","tag-safe-travel-stamp","tag-sociedad","tag-turismo"],"_links":{"self":[{"href":"https:\/\/dimensionturistica.com\/es\/wp-json\/wp\/v2\/posts\/178110","targetHints":{"allow":["GET"]}}],"collection":[{"href":"https:\/\/dimensionturistica.com\/es\/wp-json\/wp\/v2\/posts"}],"about":[{"href":"https:\/\/dimensionturistica.com\/es\/wp-json\/wp\/v2\/types\/post"}],"author":[{"embeddable":true,"href":"https:\/\/dimensionturistica.com\/es\/wp-json\/wp\/v2\/users\/4"}],"replies":[{"embeddable":true,"href":"https:\/\/dimensionturistica.com\/es\/wp-json\/wp\/v2\/comments?post=178110"}],"version-history":[{"count":0,"href":"https:\/\/dimensionturistica.com\/es\/wp-json\/wp\/v2\/posts\/178110\/revisions"}],"wp:featuredmedia":[{"embeddable":true,"href":"https:\/\/dimensionturistica.com\/es\/wp-json\/wp\/v2\/media\/79782"}],"wp:attachment":[{"href":"https:\/\/dimensionturistica.com\/es\/wp-json\/wp\/v2\/media?parent=178110"}],"wp:term":[{"taxonomy":"category","embeddable":true,"href":"https:\/\/dimensionturistica.com\/es\/wp-json\/wp\/v2\/categories?post=178110"},{"taxonomy":"post_tag","embeddable":true,"href":"https:\/\/dimensionturistica.com\/es\/wp-json\/wp\/v2\/tags?post=178110"}],"curies":[{"name":"wp","href":"https:\/\/api.w.org\/{rel}","templated":true}]}}