{"id":177533,"date":"2021-08-22T11:49:31","date_gmt":"2021-08-22T11:49:31","guid":{"rendered":"https:\/\/dimensionturistica.com\/es\/?p=177533"},"modified":"2021-08-22T11:49:32","modified_gmt":"2021-08-22T11:49:32","slug":"impulsan-viajes-turisticos-en-centroamerica-prensa-latina","status":"publish","type":"post","link":"https:\/\/dimensionturistica.com\/es\/impulsan-viajes-turisticos-en-centroamerica-prensa-latina\/","title":{"rendered":"Impulsan viajes tur\u00edsticos en Centroam\u00e9rica \u2013 Prensa Latina"},"content":{"rendered":"<p> <br \/>\n<\/p>\n<div>\n<p> Un informe difundido por el bolet\u00edn electr\u00f3nico Caribbean Information Digital agreg\u00f3 que el mecanismo ser\u00e1 The Central America Digital Roadshow: The Americas 2021.<\/p>\n<p>Tal evento como herramienta comprende tres grandes cumbres promocionales y de comercializaci\u00f3n para profesionales de viajes y medios de prensa, la primera ser\u00e1 en M\u00e9xico (2 de septiembre), la segunda en los Estados Unidos (8 de septiembre) y la tercera en Canad\u00e1 (23 de septiembre).<\/p>\n<p>El objetivo es promover la oferta tur\u00edstica de Centroam\u00e9rica como multidestino y posibilitar negociaciones entre los operadores de turismo de Belice, Guatemala, Honduras y Nicaragua con sus contrapartes en estos mercados meta.<\/p>\n<p>Con este encuentro, Centroam\u00e9rica busca tambi\u00e9n remarcar la capacidad con la que cuenta para satisfacer las expectativas y demandas de los viajeros, as\u00ed como la de fomentar el conocimiento y el disfrute de la complementariedad de los productos tur\u00edsticos.<\/p>\n<p>La Secretaria Common de CATA, Carolina Briones, explic\u00f3 que cada evento iniciar\u00e1 con la presentaci\u00f3n de los destinos y tras las exposiciones de los Ministerios de turismo preparan una conferencia de prensa.<\/p>\n<p>Tambi\u00e9n prev\u00e9n ruedas de negocios entre al menos 28 turoperadores receptivos y un aproximado de 25 mayoristas por mercado.<\/p>\n<p>CATA es una entidad p\u00fablica-privada de car\u00e1cter t\u00e9cnico y est\u00e1 encargada de estimular y desarrollar la promoci\u00f3n y proyecci\u00f3n de Centroam\u00e9rica como un multidestino tur\u00edstico.<\/p>\n<p>jcm\/rfc<\/p>\n<\/p><\/div>\n\n<p><em> &#8221; Fuentes www.prensa-latina.cu &#8221; <\/em><\/p>\n","protected":false},"excerpt":{"rendered":"<p>Un informe difundido por el bolet\u00edn electr\u00f3nico Caribbean Information Digital agreg\u00f3 que el mecanismo ser\u00e1 The Central America Digital Roadshow: The Americas 2021. Tal evento como herramienta comprende tres grandes cumbres promocionales y de comercializaci\u00f3n para profesionales de viajes y medios de prensa, la primera ser\u00e1 en M\u00e9xico (2 de septiembre), la segunda en los [&hellip;]<\/p>\n","protected":false},"author":4,"featured_media":83099,"comment_status":"open","ping_status":"closed","sticky":false,"template":"","format":"standard","meta":{"om_disable_all_campaigns":false,"jnews-multi-image_gallery":[],"jnews_single_post":[],"jnews_primary_category":[],"jnews_social_meta":[],"footnotes":""},"categories":[39],"tags":[16259,1236,956,16260,733,797,705],"class_list":["post-177533","post","type-post","status-publish","format-standard","has-post-thumbnail","hentry","category-viajes","tag-agencia-informativa-latinoamericana","tag-america-latina","tag-cuba","tag-el-caribe","tag-minuto-a-minuto","tag-mundo","tag-noticias"],"_links":{"self":[{"href":"https:\/\/dimensionturistica.com\/es\/wp-json\/wp\/v2\/posts\/177533","targetHints":{"allow":["GET"]}}],"collection":[{"href":"https:\/\/dimensionturistica.com\/es\/wp-json\/wp\/v2\/posts"}],"about":[{"href":"https:\/\/dimensionturistica.com\/es\/wp-json\/wp\/v2\/types\/post"}],"author":[{"embeddable":true,"href":"https:\/\/dimensionturistica.com\/es\/wp-json\/wp\/v2\/users\/4"}],"replies":[{"embeddable":true,"href":"https:\/\/dimensionturistica.com\/es\/wp-json\/wp\/v2\/comments?post=177533"}],"version-history":[{"count":0,"href":"https:\/\/dimensionturistica.com\/es\/wp-json\/wp\/v2\/posts\/177533\/revisions"}],"wp:featuredmedia":[{"embeddable":true,"href":"https:\/\/dimensionturistica.com\/es\/wp-json\/wp\/v2\/media\/83099"}],"wp:attachment":[{"href":"https:\/\/dimensionturistica.com\/es\/wp-json\/wp\/v2\/media?parent=177533"}],"wp:term":[{"taxonomy":"category","embeddable":true,"href":"https:\/\/dimensionturistica.com\/es\/wp-json\/wp\/v2\/categories?post=177533"},{"taxonomy":"post_tag","embeddable":true,"href":"https:\/\/dimensionturistica.com\/es\/wp-json\/wp\/v2\/tags?post=177533"}],"curies":[{"name":"wp","href":"https:\/\/api.w.org\/{rel}","templated":true}]}}