{"id":177156,"date":"2021-08-21T12:44:53","date_gmt":"2021-08-21T12:44:53","guid":{"rendered":"https:\/\/dimensionturistica.com\/es\/?p=177156"},"modified":"2021-08-21T12:44:53","modified_gmt":"2021-08-21T12:44:53","slug":"asi-seria-el-crucero-de-lujo-que-navegara-el-rio-magdalena-la-fecha-de-inauguracion-esta-cerca","status":"publish","type":"post","link":"https:\/\/dimensionturistica.com\/es\/asi-seria-el-crucero-de-lujo-que-navegara-el-rio-magdalena-la-fecha-de-inauguracion-esta-cerca\/","title":{"rendered":"As\u00ed ser\u00eda el crucero de lujo que navegar\u00e1 el r\u00edo Magdalena: la fecha de inauguraci\u00f3n est\u00e1 cerca"},"content":{"rendered":"<p> <br \/>\n<\/p>\n<p>La nave acu\u00e1tica tendr\u00eda capacidad hasta de 100 pasajeros para pasar d\u00edas recorriendo el pa\u00eds a trav\u00e9s del r\u00edo.<\/p>\n<div>\n<p><span><span><span>Metropolitan Touring, operador tur\u00edstico, en alianza con la compa\u00f1\u00eda internacional de cruceros fluviales de lujo AmaWaterways, ser\u00edan los encargados de traer a Colombia el primer crucero de lujo por el r\u00edo Magdalena, seg\u00fan anunciaron el pasado 8 de julio.<\/span><\/span><\/span><\/p>\n<p><span><span><span>El proyecto presenta la construcci\u00f3n de la nave acu\u00e1tica de lujo que ser\u00eda construida en Colombia e inaugurada en Cartagena la noche del martes 23 de diciembre de 2023, seg\u00fan revel\u00f3 Camilo Calder\u00f3n, gerente common de Metropolitan Touring Colombia, para el diario EL TIEMPO.<\/span><\/span><\/span><\/p>\n<p><span><span><span>\u201cSer\u00e1 un barco de 80 metros de eslora (largo) y 14 de manga (ancho), con 40 a 50 cabinas para 80 o 100 pasajeros. Tendr\u00e1 restaurante, spa y todas las comodidades de un barco de alto nivel, todo repartido en tres niveles\u201d, indic\u00f3.<\/span><\/span><\/span><\/p>\n<p><span><span><span>Sobre los recorridos, se prev\u00e9n rutas de siete d\u00edas, una partiendo desde Cartagena y la otra desde Barranquilla, para vivir la semana completa conociendo los paisajes colombianos a trav\u00e9s del Magdalena.<\/span><\/span><\/span><\/p>\n<\/div>\n<p>Redacci\u00f3n internet.<\/p>\n<p><script>(function(d, s, id) {\n  var js, fjs = d.getElementsByTagName(s)[0];\n  if (d.getElementById(id)) {return;}\n  js = d.createElement(s); js.id = id;\n  js.src = \"\/\/connect.facebook.net\/es_LA\/all.js#xfbml=1\";\n  fjs.parentNode.insertBefore(js, fjs);\n}(document, \"script\", \"facebook-jssdk\"));<\/script><br \/>\n<br \/><\/p>\n<p><em> &#8221; Fuentes www.elnuevodia.com.co &#8221; <\/em><\/p>\n","protected":false},"excerpt":{"rendered":"<p>La nave acu\u00e1tica tendr\u00eda capacidad hasta de 100 pasajeros para pasar d\u00edas recorriendo el pa\u00eds a trav\u00e9s del r\u00edo. Metropolitan Touring, operador tur\u00edstico, en alianza con la compa\u00f1\u00eda internacional de cruceros fluviales de lujo AmaWaterways, ser\u00edan los encargados de traer a Colombia el primer crucero de lujo por el r\u00edo Magdalena, seg\u00fan anunciaron el pasado [&hellip;]<\/p>\n","protected":false},"author":4,"featured_media":177157,"comment_status":"open","ping_status":"closed","sticky":false,"template":"","format":"standard","meta":{"om_disable_all_campaigns":false,"jnews-multi-image_gallery":[],"jnews_single_post":[],"jnews_primary_category":[],"jnews_social_meta":[],"footnotes":""},"categories":[41],"tags":[30000,1280,544],"class_list":["post-177156","post","type-post","status-publish","format-standard","has-post-thumbnail","hentry","category-cruceros","tag-riomagdalena","tag-crucero","tag-turismo"],"_links":{"self":[{"href":"https:\/\/dimensionturistica.com\/es\/wp-json\/wp\/v2\/posts\/177156","targetHints":{"allow":["GET"]}}],"collection":[{"href":"https:\/\/dimensionturistica.com\/es\/wp-json\/wp\/v2\/posts"}],"about":[{"href":"https:\/\/dimensionturistica.com\/es\/wp-json\/wp\/v2\/types\/post"}],"author":[{"embeddable":true,"href":"https:\/\/dimensionturistica.com\/es\/wp-json\/wp\/v2\/users\/4"}],"replies":[{"embeddable":true,"href":"https:\/\/dimensionturistica.com\/es\/wp-json\/wp\/v2\/comments?post=177156"}],"version-history":[{"count":0,"href":"https:\/\/dimensionturistica.com\/es\/wp-json\/wp\/v2\/posts\/177156\/revisions"}],"wp:featuredmedia":[{"embeddable":true,"href":"https:\/\/dimensionturistica.com\/es\/wp-json\/wp\/v2\/media\/177157"}],"wp:attachment":[{"href":"https:\/\/dimensionturistica.com\/es\/wp-json\/wp\/v2\/media?parent=177156"}],"wp:term":[{"taxonomy":"category","embeddable":true,"href":"https:\/\/dimensionturistica.com\/es\/wp-json\/wp\/v2\/categories?post=177156"},{"taxonomy":"post_tag","embeddable":true,"href":"https:\/\/dimensionturistica.com\/es\/wp-json\/wp\/v2\/tags?post=177156"}],"curies":[{"name":"wp","href":"https:\/\/api.w.org\/{rel}","templated":true}]}}