{"id":177092,"date":"2021-08-21T07:26:28","date_gmt":"2021-08-21T07:26:28","guid":{"rendered":"https:\/\/dimensionturistica.com\/es\/?p=177092"},"modified":"2021-08-21T07:26:28","modified_gmt":"2021-08-21T07:26:28","slug":"estados-unidos-extiende-sus-cierres-fronterizos-con-mexico-noticieros-televisa","status":"publish","type":"post","link":"https:\/\/dimensionturistica.com\/es\/estados-unidos-extiende-sus-cierres-fronterizos-con-mexico-noticieros-televisa\/","title":{"rendered":"Estados Unidos extiende sus cierres fronterizos con M\u00e9xico \u2013 Noticieros Televisa"},"content":{"rendered":"<p> <br \/>\n<\/p>\n<div id=\"video-2944598\">\n<section class=\"video_content\">\n<div id=\"cover-container\" class=\"image_frame\">\n<p>                  <button id=\"play_video\" type=\"button\" name=\"button\" data-token=\"eyJ0eXAiOiJKV1QiLCJhbGciOiJIUzI1NiJ9.eyJ2aWQiOiI2MDM0MTQiLCJpc3MiOiI3Njk5MDBCN0MzODk0MjQ3QTVFRjREOTMzRDY4ODE3MyIsImV4cCI6MTYyOTUyNTY5Mn0.OQ66Gq9Mey9nn-X_4oaPg3dwhw4pnonu3EPWLtUFdmE\" data-vid=\"603414\" on=\"tap:video-container.show,cover-container.hide\"><br \/>\n                    <amp-img width=\"1280\" height=\"720\" src=\"https:\/\/i0.wp.com\/noticieros.televisa.com\/wp-content\/uploads\/2021\/08\/estados-unidos-extiende-restricciones-para-viajes-no-esenciales-2944598.jpg?resize=1280%2C720&amp;ssl=1\" class=\"attachment-fullsize size-fullsize wp-post-image amp-wp-enforced-sizes i-amphtml-layout-intrinsic i-amphtml-layout-size-defined\" alt=\"estados unidos extiende restricciones para viajes no esenciales\" srcset=\"https:\/\/i0.wp.com\/noticieros.televisa.com\/wp-content\/uploads\/2021\/08\/estados-unidos-extiende-restricciones-para-viajes-no-esenciales-2944598.jpg?w=1920&amp;ssl=1 1920w, https:\/\/i0.wp.com\/noticieros.televisa.com\/wp-content\/uploads\/2021\/08\/estados-unidos-extiende-restricciones-para-viajes-no-esenciales-2944598.jpg?resize=300%2C169&amp;ssl=1 300w, https:\/\/i0.wp.com\/noticieros.televisa.com\/wp-content\/uploads\/2021\/08\/estados-unidos-extiende-restricciones-para-viajes-no-esenciales-2944598.jpg?resize=1536%2C864&amp;ssl=1 1536w, https:\/\/i0.wp.com\/noticieros.televisa.com\/wp-content\/uploads\/2021\/08\/estados-unidos-extiende-restricciones-para-viajes-no-esenciales-2944598.jpg?resize=1280%2C720&amp;ssl=1 1280w, https:\/\/i0.wp.com\/noticieros.televisa.com\/wp-content\/uploads\/2021\/08\/estados-unidos-extiende-restricciones-para-viajes-no-esenciales-2944598.jpg?resize=640%2C360&amp;ssl=1 640w\" sizes=\"(max-width: 1280px) 100vw, 1280px\" layout=\"intrinsic\" disable-inline-width=\"\" i-amphtml-layout=\"intrinsic\"><i-amphtml-sizer class=\"i-amphtml-sizer\"><img decoding=\"async\" alt=\"\" aria-hidden=\"true\" class=\"i-amphtml-intrinsic-sizer\" role=\"presentation\" src=\"data:image\/svg+xml;base64,PHN2ZyBoZWlnaHQ9JzcyMCcgd2lkdGg9JzEyODAnIHhtbG5zPSdodHRwOi8vd3d3LnczLm9yZy8yMDAwL3N2ZycgdmVyc2lvbj0nMS4xJy8+\"\/><\/i-amphtml-sizer><noscript><img decoding=\"async\" width=\"1280\" height=\"720\" src=\"https:\/\/i0.wp.com\/noticieros.televisa.com\/wp-content\/uploads\/2021\/08\/estados-unidos-extiende-restricciones-para-viajes-no-esenciales-2944598.jpg?resize=1280%2C720&amp;ssl=1\" class=\"attachment-fullsize size-fullsize wp-post-image\" alt=\"estados unidos extiende restricciones para viajes no esenciales\" loading=\"lazy\" srcset=\"https:\/\/i0.wp.com\/noticieros.televisa.com\/wp-content\/uploads\/2021\/08\/estados-unidos-extiende-restricciones-para-viajes-no-esenciales-2944598.jpg?w=1920&amp;ssl=1 1920w, https:\/\/i0.wp.com\/noticieros.televisa.com\/wp-content\/uploads\/2021\/08\/estados-unidos-extiende-restricciones-para-viajes-no-esenciales-2944598.jpg?resize=300%2C169&amp;ssl=1 300w, https:\/\/i0.wp.com\/noticieros.televisa.com\/wp-content\/uploads\/2021\/08\/estados-unidos-extiende-restricciones-para-viajes-no-esenciales-2944598.jpg?resize=1536%2C864&amp;ssl=1 1536w, https:\/\/i0.wp.com\/noticieros.televisa.com\/wp-content\/uploads\/2021\/08\/estados-unidos-extiende-restricciones-para-viajes-no-esenciales-2944598.jpg?resize=1280%2C720&amp;ssl=1 1280w, https:\/\/i0.wp.com\/noticieros.televisa.com\/wp-content\/uploads\/2021\/08\/estados-unidos-extiende-restricciones-para-viajes-no-esenciales-2944598.jpg?resize=640%2C360&amp;ssl=1 640w\" sizes=\"auto, (max-width: 1280px) 100vw, 1280px\"\/><\/noscript><\/amp-img><\/button><br \/>\n                  <span id=\"duration\" class=\"dur_vid\">00:21<\/span>\n                <\/div>\n<\/section>\n<section id=\"share_section\" class=\"inner_wrapper\"\/>\n<section class=\"inner_wrapper video_footer\">\n<p>El gobierno de Estados Unidos extendi\u00f3 hasta el 21 de septiembre las restricciones para viajes no esenciales en la frontera con M\u00e9xico y Canad\u00e1. As\u00ed lo anunci\u00f3 el departamento de Seguridad Nacional para minimizar la propagaci\u00f3n del virus SARS-COV2, incluida la variante Delta<\/p>\n<\/section>\n<\/div>\n\n<p><em> &#8221; Fuentes noticieros.televisa.com &#8221; <\/em><\/p>\n","protected":false},"excerpt":{"rendered":"<p>00:21 El gobierno de Estados Unidos extendi\u00f3 hasta el 21 de septiembre las restricciones para viajes no esenciales en la frontera con M\u00e9xico y Canad\u00e1. As\u00ed lo anunci\u00f3 el departamento de Seguridad Nacional para minimizar la propagaci\u00f3n del virus SARS-COV2, incluida la variante Delta &#8221; Fuentes noticieros.televisa.com &#8221;<\/p>\n","protected":false},"author":4,"featured_media":177093,"comment_status":"open","ping_status":"closed","sticky":false,"template":"","format":"standard","meta":{"om_disable_all_campaigns":false,"jnews-multi-image_gallery":[],"jnews_single_post":[],"jnews_primary_category":[],"jnews_social_meta":[],"footnotes":""},"categories":[39],"tags":[29974,29971,2626,1363,29973,20488,9578,29975,705,29972,442],"class_list":["post-177092","post","type-post","status-publish","format-standard","has-post-thumbnail","hentry","category-viajes","tag-asilo-politico","tag-cierre-fronteras","tag-coahuila","tag-estados-unidos","tag-estados-unidos-extiende-cierre-de-fronteras","tag-frontera-mexico-estados-unidos","tag-migrantes","tag-migrantes-en-piedras-negras","tag-noticias","tag-pandemia-covid19","tag-video"],"_links":{"self":[{"href":"https:\/\/dimensionturistica.com\/es\/wp-json\/wp\/v2\/posts\/177092","targetHints":{"allow":["GET"]}}],"collection":[{"href":"https:\/\/dimensionturistica.com\/es\/wp-json\/wp\/v2\/posts"}],"about":[{"href":"https:\/\/dimensionturistica.com\/es\/wp-json\/wp\/v2\/types\/post"}],"author":[{"embeddable":true,"href":"https:\/\/dimensionturistica.com\/es\/wp-json\/wp\/v2\/users\/4"}],"replies":[{"embeddable":true,"href":"https:\/\/dimensionturistica.com\/es\/wp-json\/wp\/v2\/comments?post=177092"}],"version-history":[{"count":0,"href":"https:\/\/dimensionturistica.com\/es\/wp-json\/wp\/v2\/posts\/177092\/revisions"}],"wp:featuredmedia":[{"embeddable":true,"href":"https:\/\/dimensionturistica.com\/es\/wp-json\/wp\/v2\/media\/177093"}],"wp:attachment":[{"href":"https:\/\/dimensionturistica.com\/es\/wp-json\/wp\/v2\/media?parent=177092"}],"wp:term":[{"taxonomy":"category","embeddable":true,"href":"https:\/\/dimensionturistica.com\/es\/wp-json\/wp\/v2\/categories?post=177092"},{"taxonomy":"post_tag","embeddable":true,"href":"https:\/\/dimensionturistica.com\/es\/wp-json\/wp\/v2\/tags?post=177092"}],"curies":[{"name":"wp","href":"https:\/\/api.w.org\/{rel}","templated":true}]}}