{"id":176880,"date":"2021-08-20T19:34:41","date_gmt":"2021-08-20T19:34:41","guid":{"rendered":"https:\/\/dimensionturistica.com\/es\/?p=176880"},"modified":"2021-08-20T19:34:41","modified_gmt":"2021-08-20T19:34:41","slug":"tras-paso-del-huracan-grace-cruceros-reactivan-ruta-hacia-cozumel","status":"publish","type":"post","link":"https:\/\/dimensionturistica.com\/es\/tras-paso-del-huracan-grace-cruceros-reactivan-ruta-hacia-cozumel\/","title":{"rendered":"Tras paso del hurac\u00e1n Grace, cruceros reactivan ruta hacia Cozumel"},"content":{"rendered":"<p> <br \/>\n<\/p>\n<div>\n<figure class=\"wp-block-image size-full\"><img decoding=\"async\" loading=\"lazy\" width=\"708\" height=\"427\" src=\"https:\/\/dimensionturistica.com\/es\/wp-content\/uploads\/2021\/08\/1629488075_991_Tras-paso-del-huracan-Grace-cruceros-reactivan-ruta-hacia-Cozumel.jpeg\" alt=\"\" class=\"wp-image-191005 jetpack-lazy-image\" data-recalc-dims=\"1\" data-lazy- data-lazy- data-lazy-src=\"https:\/\/dimensionturistica.com\/es\/wp-content\/uploads\/2021\/08\/Tras-paso-del-huracan-Grace-cruceros-reactivan-ruta-hacia-Cozumel.jpeg\" \/><noscript><img decoding=\"async\" loading=\"lazy\" width=\"708\" height=\"427\" src=\"https:\/\/dimensionturistica.com\/es\/wp-content\/uploads\/2021\/08\/1629488075_991_Tras-paso-del-huracan-Grace-cruceros-reactivan-ruta-hacia-Cozumel.jpeg\" alt=\"\" class=\"wp-image-191005\"   data-recalc-dims=\"1\"\/><\/noscript><\/figure>\n<p><strong><em>Cozumel, Quintana Roo, a 20 de agosto del 2021.\u2014<\/em><\/strong> A 24 horas del paso del Hurac\u00e1n Grace por Cozumel, la isla volvi\u00f3 a recibir cruceros, muestra de que la reactivaci\u00f3n econ\u00f3mica y tur\u00edstica sigue en marcha, destac\u00f3 el Presidente Municipal, Pedro Joaqu\u00edn Delbouis, al dar la bienvenida al primer crucero de la compa\u00f1\u00eda Norwegian Cruise Line (NCL) que arriba a las costas cozumele\u00f1as luego de 17 meses de la suspensi\u00f3n de sus actividades debido a la pandemia por Covid-19.<\/p>\n<p>El Presidente Municipal coment\u00f3 que con el arribo del Norwegian Gem no solo se reactiva la operaci\u00f3n de esta importante naviera en la isla, sino que adem\u00e1s se reinician actividades en la Terminal Mar\u00edtima Punta Langosta, con lo que, los tres muelles de cruceros de Cozumel ya se encuentran operando.<\/p>\n<figure class=\"wp-block-image size-full\"><img decoding=\"async\" loading=\"lazy\" width=\"708\" height=\"473\" src=\"https:\/\/dimensionturistica.com\/es\/wp-content\/uploads\/2021\/08\/1629488077_653_Tras-paso-del-huracan-Grace-cruceros-reactivan-ruta-hacia-Cozumel.jpeg\" alt=\"\" class=\"wp-image-191004 jetpack-lazy-image\" data-recalc-dims=\"1\" data-lazy- data-lazy- data-lazy-src=\"https:\/\/dimensionturistica.com\/es\/wp-content\/uploads\/2021\/08\/1629488077_834_Tras-paso-del-huracan-Grace-cruceros-reactivan-ruta-hacia-Cozumel.jpeg\" \/><noscript><img decoding=\"async\" loading=\"lazy\" width=\"708\" height=\"473\" src=\"https:\/\/dimensionturistica.com\/es\/wp-content\/uploads\/2021\/08\/1629488077_653_Tras-paso-del-huracan-Grace-cruceros-reactivan-ruta-hacia-Cozumel.jpeg\" alt=\"\" class=\"wp-image-191004\"   data-recalc-dims=\"1\"\/><\/noscript><\/figure>\n<p>\u201cEstamos muy contentos de reactivar este muelle, que es el que nos faltaba; tem\u00edamos que la llegada del Hurac\u00e1n Grace pudiera comprometer el inicio de operaciones, pero no se presentaron afectaciones mayores y hoy estamos listos y recibimos otra vez un crucero en Punta Langosta\u201d, indic\u00f3 Pedro Joaqu\u00edn.<\/p>\n<p>Adem\u00e1s, se\u00f1al\u00f3 que el reinicio de operaciones de la Terminal Punta Langosta es un aliciente para los comerciantes del primer cuadro de la ciudad, ya que muchos de los pasajeros se quedan por la zona.<\/p>\n<figure class=\"wp-block-image size-full\"><img decoding=\"async\" loading=\"lazy\" width=\"708\" height=\"472\" src=\"https:\/\/dimensionturistica.com\/es\/wp-content\/uploads\/2021\/08\/1629488079_48_Tras-paso-del-huracan-Grace-cruceros-reactivan-ruta-hacia-Cozumel.jpeg\" alt=\"\" class=\"wp-image-191003 jetpack-lazy-image\" data-recalc-dims=\"1\" data-lazy- data-lazy- data-lazy-src=\"https:\/\/dimensionturistica.com\/es\/wp-content\/uploads\/2021\/08\/1629488079_552_Tras-paso-del-huracan-Grace-cruceros-reactivan-ruta-hacia-Cozumel.jpeg\" \/><noscript><img decoding=\"async\" loading=\"lazy\" width=\"708\" height=\"472\" src=\"https:\/\/dimensionturistica.com\/es\/wp-content\/uploads\/2021\/08\/1629488079_48_Tras-paso-del-huracan-Grace-cruceros-reactivan-ruta-hacia-Cozumel.jpeg\" alt=\"\" class=\"wp-image-191003\"   data-recalc-dims=\"1\"\/><\/noscript><\/figure>\n<p>El Norwegian Gem zarp\u00f3 el pasado 15 de julio desde la nueva terminal de NCL en el Puerto de Miami, con m\u00e1s de mil doscientos pasajeros a bordo.<\/p>\n<p>Asimismo, inform\u00f3 que este fin de semana tendr\u00e1 una nueva reuni\u00f3n con la empresa Mediterranean Delivery Firm (MSC), naviera que tentativamente en el mes de septiembre reanudar\u00eda operaciones en el Caribe; de ser as\u00ed, s\u00f3lo se esperar\u00eda la confirmaci\u00f3n de la empresa Walt Disney para tener de vuelta a las cinco grandes l\u00edneas de cruceros en Cozumel.<\/p>\n<p>En el evento, en el que el Presidente Municipal intercambi\u00f3 placas de bienvenida con el capit\u00e1n del nav\u00edo Kim Karlsson, tambi\u00e9n estuvieron presentes Terry Barnhart, representante Consular de Estados Unidos en Cozumel; Pablo Aguilar Torres, Representante del Consejo de Promoci\u00f3n Tur\u00edstica de Quintana Roo en Cozumel; Enrique Ponce de Le\u00f3n Castro, Comandante del Sector Naval en la isla; Fernando C\u00e1ceres, Gerente de ACONSUR, y Francisco S\u00e1enz Carrillo, Gerente Common de la Terminal Punta Langosta.<\/p>\n<\/p><\/div>\n<p><script data-cfasync=\"false\">(function(d, s, id){\n\t\t\t\t\t  var js, fjs = d.getElementsByTagName(s)[0];\n\t\t\t\t\t  if (d.getElementById(id)) return;\n\t\t\t\t\t  js = d.createElement(s); js.id = id;\n\t\t\t\t\t  js.src = \"\/\/connect.facebook.net\/es_ES\/sdk.js#xfbml=1&version=v3.2\";\n\t\t\t\t\t  fjs.parentNode.insertBefore(js, fjs);\n\t\t\t\t\t}(document, 'script', 'facebook-jssdk'));<\/script><br \/>\n<br \/><\/p>\n<p><em> &#8221; Fuentes www.cancunmio.com &#8221; <\/em><\/p>\n","protected":false},"excerpt":{"rendered":"<p>Cozumel, Quintana Roo, a 20 de agosto del 2021.\u2014 A 24 horas del paso del Hurac\u00e1n Grace por Cozumel, la isla volvi\u00f3 a recibir cruceros, muestra de que la reactivaci\u00f3n econ\u00f3mica y tur\u00edstica sigue en marcha, destac\u00f3 el Presidente Municipal, Pedro Joaqu\u00edn Delbouis, al dar la bienvenida al primer crucero de la compa\u00f1\u00eda Norwegian Cruise [&hellip;]<\/p>\n","protected":false},"author":4,"featured_media":176881,"comment_status":"open","ping_status":"closed","sticky":false,"template":"","format":"standard","meta":{"om_disable_all_campaigns":false,"jnews-multi-image_gallery":[],"jnews_single_post":[],"jnews_primary_category":[],"jnews_social_meta":[],"footnotes":""},"categories":[41],"tags":[1065,2151],"class_list":["post-176880","post","type-post","status-publish","format-standard","has-post-thumbnail","hentry","category-cruceros","tag-cozumel","tag-principal"],"_links":{"self":[{"href":"https:\/\/dimensionturistica.com\/es\/wp-json\/wp\/v2\/posts\/176880","targetHints":{"allow":["GET"]}}],"collection":[{"href":"https:\/\/dimensionturistica.com\/es\/wp-json\/wp\/v2\/posts"}],"about":[{"href":"https:\/\/dimensionturistica.com\/es\/wp-json\/wp\/v2\/types\/post"}],"author":[{"embeddable":true,"href":"https:\/\/dimensionturistica.com\/es\/wp-json\/wp\/v2\/users\/4"}],"replies":[{"embeddable":true,"href":"https:\/\/dimensionturistica.com\/es\/wp-json\/wp\/v2\/comments?post=176880"}],"version-history":[{"count":0,"href":"https:\/\/dimensionturistica.com\/es\/wp-json\/wp\/v2\/posts\/176880\/revisions"}],"wp:featuredmedia":[{"embeddable":true,"href":"https:\/\/dimensionturistica.com\/es\/wp-json\/wp\/v2\/media\/176881"}],"wp:attachment":[{"href":"https:\/\/dimensionturistica.com\/es\/wp-json\/wp\/v2\/media?parent=176880"}],"wp:term":[{"taxonomy":"category","embeddable":true,"href":"https:\/\/dimensionturistica.com\/es\/wp-json\/wp\/v2\/categories?post=176880"},{"taxonomy":"post_tag","embeddable":true,"href":"https:\/\/dimensionturistica.com\/es\/wp-json\/wp\/v2\/tags?post=176880"}],"curies":[{"name":"wp","href":"https:\/\/api.w.org\/{rel}","templated":true}]}}