{"id":176284,"date":"2021-08-19T20:38:38","date_gmt":"2021-08-19T20:38:38","guid":{"rendered":"https:\/\/dimensionturistica.com\/es\/?p=176284"},"modified":"2021-08-19T20:38:38","modified_gmt":"2021-08-19T20:38:38","slug":"la-nacion-portugal-vacuno-al-70-de-su-poblacion","status":"publish","type":"post","link":"https:\/\/dimensionturistica.com\/es\/la-nacion-portugal-vacuno-al-70-de-su-poblacion\/","title":{"rendered":"La Naci\u00f3n \/ Portugal vacun\u00f3 al 70% de su poblaci\u00f3n"},"content":{"rendered":"<p> <br \/>\n<\/p>\n<div>\n<p class=\"paragraph\">Portugal alcanz\u00f3 antes de lo previsto vacunar contra COVID-19 al 70% de su poblaci\u00f3n, anunci\u00f3 este jueves la ministra de Salud, se\u00f1alando que el gobierno podr\u00eda acelerar el levantamiento de las restricciones sanitarias todav\u00eda en vigor. \u201cGracias al esfuerzo de los portugueses, ayer (mi\u00e9rcoles) alcanzamos al 70% de la poblaci\u00f3n con vacunaci\u00f3n completa\u201d, indic\u00f3 Marta Temido en una entrevista para la televisi\u00f3n privada SIC.<\/p>\n<p class=\"paragraph\">Con una poblaci\u00f3n de unos 10 millones de habitantes, Portugal esperaba llegar a este objetivo antes del 5 de septiembre, para cuando el gobierno consideraba ser\u00eda el momento de flexibilizar las medidas para contener la pandemia. \u201cSi podemos avanzar hacia la flexibilizaci\u00f3n, lo haremos\u201d, afirm\u00f3 la ministra, dando a entender que este calendario podr\u00eda adelantarse.<\/p>\n<p class=\"paragraph\"><a rel=\"nofollow noopener\" target=\"_blank\" href=\"https:\/\/vos.lanacion.com.py\/2021\/08\/17\/bob-dylan-demandado-por-presunto-abuso-sexual-de-una-nina-en-1965\/\"><b>Lea m\u00e1s: Bob Dylan demandado por presunto abuso sexual de una ni\u00f1a en 1965<\/b><\/a><\/p>\n<p class=\"paragraph\">No obstante, el uso de mascarillas continuar\u00e1 siendo obligatorio al menos hasta el 12 de septiembre, de acuerdo a una ley aprobada por el Parlamento. El umbral del 70% representa \u201cun resultado muy importante\u201d, puesto que corresponde al objetivo planteado en el pasado enero por la Comisi\u00f3n Europea (CE), pero que se hab\u00eda decidido antes de la aparici\u00f3n de la variante delta del coronavirus, que es m\u00e1s contagiosa, subray\u00f3 Temido.<\/p>\n<p class=\"paragraph\">De acuerdo al plan de desconfinamiento del gobierno, esta tasa de vacunaci\u00f3n permitir\u00e1 la reapertura de bares y discotecas &#8211;aunque para acceder ser\u00e1 necesario presentar el pase sanitario o un take a look at negativo por COVID&#8211;, y el levantamiento de los l\u00edmites de aforo impuestos a restaurantes y actividades con p\u00fablico.<\/p>\n<p class=\"paragraph\">Los datos nacionales compilados por la AFP se\u00f1alan que Portugal ha sido el segundo miembro de la Uni\u00f3n Europea (UE) en tasa de vacunaci\u00f3n con una primera dosis (77,6%), y cuarto en cuanto a la de inoculados por completo (66,9%). A partir del fin de semana comenzar\u00e1 la vacunaci\u00f3n de j\u00f3venes entre 12 y 15 a\u00f1os.<\/p>\n<p class=\"paragraph\">El plazo que se hab\u00eda dado el presidente del gobierno espa\u00f1ol, Pedro S\u00e1nchez, para tener vacunada al 70% de la poblaci\u00f3n venci\u00f3 este mi\u00e9rcoles sin haberse cumplido, provocando reproches de la oposici\u00f3n y una guerra de cifras.<\/p>\n<p class=\"paragraph\">Espa\u00f1a tiene en estos momentos al 64,1% de la poblaci\u00f3n totalmente vacunada, por encima de la media de la Uni\u00f3n Europea (55,5%) y s\u00f3lo superada en el bloque por tres pa\u00edses m\u00e1s peque\u00f1os: Malta (79%) y B\u00e9lgica y Portugal (66,6%), seg\u00fan un recuento de la AFP.<\/p>\n<p class=\"paragraph\">Sin embargo, el 10 de mayo, el l\u00edder socialista y presidente del gobierno lanz\u00f3 una promesa que se le volvi\u00f3 en contra: \u201cestamos a solo 100 d\u00edas de lograr la inmunidad de grupo\u201d, es decir de lograr el 70% de la poblaci\u00f3n espa\u00f1ola vacunada.<\/p>\n<p class=\"paragraph\"><a rel=\"nofollow noopener\" target=\"_blank\" href=\"https:\/\/www.lanacion.com.py\/reportaje\/2021\/08\/17\/antes-de-kabul-las-precedentes-evacuaciones-aereas-mas-destacadas\/\"><b>Lea m\u00e1s: Antes de Kabul, las precedentes evacuaciones a\u00e9reas m\u00e1s destacadas<\/b><\/a><\/p>\n<p class=\"paragraph\">El dirigente del principal partido de oposici\u00f3n, el conservador Pablo Casado (Partido Common), le record\u00f3 este mi\u00e9rcoles que se hab\u00edan cumplido los 100 d\u00edas. \u201cHoy incumple su promesa de vacunar al 70%. El precio de la luz est\u00e1 descontrolado, como varios incendios en plena sequ\u00eda\u201d, asegur\u00f3 Casado en Twitter.<\/p>\n<p class=\"paragraph\">\u201cDebe dar la cara\u201d, sentenci\u00f3, en un mensaje etiquetado como #DondeEst\u00e1S\u00e1nchez, aludiendo a las vacaciones del presidente del gobierno, si bien este mi\u00e9rcoles public\u00f3 una foto trabajando en la que dec\u00eda estar siguiendo la evacuaci\u00f3n de espa\u00f1oles de Afganist\u00e1n.<\/p>\n<p class=\"paragraph\">Pedro S\u00e1nchez respondi\u00f3 en Twitter afirmando que \u201cm\u00e1s del 70% de la poblaci\u00f3n diana en Espa\u00f1a tiene ya la pauta completa de vacunaci\u00f3n\u201d, refiri\u00e9ndose a los mayores de 12 a\u00f1os. \u201cAlcanzamos los 30 millones de personas totalmente protegidas. Este es el camino\u201d, se\u00f1al\u00f3 S\u00e1nchez, luego de que el Ministerio de Sanidad informara de que para este mi\u00e9rcoles 30,2 millones de los 47 millones de espa\u00f1oles recibieron las dos dosis.<\/p>\n<p class=\"paragraph\"><a rel=\"nofollow noopener\" target=\"_blank\" href=\"https:\/\/www.lanacion.com.py\/mundo\/2021\/08\/17\/los-militares-de-eeuu-se-amargan-al-ver-el-caos-en-kabul\/\"><b>Lea m\u00e1s: Los militares de EEUU se amargan al ver el caos en Kabul<\/b><\/a><\/p>\n<p class=\"paragraph\">La ministra de Sanidad, Carolina Darias, que tambi\u00e9n defendi\u00f3 la gesti\u00f3n del gobierno, anim\u00f3 a \u201cseguir incentivando los puntos de vacunaci\u00f3n sin cita previa\u201d. La vacuna sin cita previa podr\u00eda ayudar a inmunizar a quienes est\u00e1n en Espa\u00f1a, pero fuera de su lugar de residencia.<\/p>\n<p class=\"paragraph\">Las vacaciones de agosto se han traducido en un freno fuerte en el ritmo de vacunaci\u00f3n, combinadas con una quinta ola que ha afectado m\u00e1s a la poblaci\u00f3n joven, la que esperaba vacunarse y que ahora tendr\u00e1 que esperar por haber pasado la enfermedad. As\u00ed, entre el 1 y el 18 de julio, m\u00e1s de 6 millones de personas recibieron la pauta completa, mientras que en el mismo periodo de agosto fueron la mitad, seg\u00fan un recuento de AFP.<\/p>\n<p class=\"paragraph\">Fuente: AFP.<\/p>\n<\/div>\n<p><script>!function(f,b,e,v,n,t,s)\n          {if(f.fbq)return;n=f.fbq=function(){n.callMethod?\n          n.callMethod.apply(n,arguments):n.queue.push(arguments)};\n          if(!f._fbq)f._fbq=n;n.push=n;n.loaded=!0;n.version='2.0';\n          n.queue=[];t=b.createElement(e);t.async=!0;\n          t.src=v;s=b.getElementsByTagName(e)[0];\n          s.parentNode.insertBefore(t,s)}(window, document,'script',\n          'https:\/\/connect.facebook.net\/en_US\/fbevents.js');\n          fbq('init', '291189108605310');\n          fbq('track', 'PageView');<\/script><br \/>\n<br \/><\/p>\n<p><em> &#8221; Fuentes www.lanacion.com.py &#8221; <\/em><\/p>\n","protected":false},"excerpt":{"rendered":"<p>Portugal alcanz\u00f3 antes de lo previsto vacunar contra COVID-19 al 70% de su poblaci\u00f3n, anunci\u00f3 este jueves la ministra de Salud, se\u00f1alando que el gobierno podr\u00eda acelerar el levantamiento de las restricciones sanitarias todav\u00eda en vigor. \u201cGracias al esfuerzo de los portugueses, ayer (mi\u00e9rcoles) alcanzamos al 70% de la poblaci\u00f3n con vacunaci\u00f3n completa\u201d, indic\u00f3 Marta [&hellip;]<\/p>\n","protected":false},"author":4,"featured_media":176285,"comment_status":"open","ping_status":"closed","sticky":false,"template":"","format":"standard","meta":{"om_disable_all_campaigns":false,"jnews-multi-image_gallery":[],"jnews_single_post":[],"jnews_primary_category":[],"jnews_social_meta":[],"footnotes":""},"categories":[39],"tags":[29888,1511,10944],"class_list":["post-176284","post","type-post","status-publish","format-standard","has-post-thumbnail","hentry","category-viajes","tag-70-de-su-poblacion","tag-portugal","tag-vacunacion"],"_links":{"self":[{"href":"https:\/\/dimensionturistica.com\/es\/wp-json\/wp\/v2\/posts\/176284","targetHints":{"allow":["GET"]}}],"collection":[{"href":"https:\/\/dimensionturistica.com\/es\/wp-json\/wp\/v2\/posts"}],"about":[{"href":"https:\/\/dimensionturistica.com\/es\/wp-json\/wp\/v2\/types\/post"}],"author":[{"embeddable":true,"href":"https:\/\/dimensionturistica.com\/es\/wp-json\/wp\/v2\/users\/4"}],"replies":[{"embeddable":true,"href":"https:\/\/dimensionturistica.com\/es\/wp-json\/wp\/v2\/comments?post=176284"}],"version-history":[{"count":0,"href":"https:\/\/dimensionturistica.com\/es\/wp-json\/wp\/v2\/posts\/176284\/revisions"}],"wp:featuredmedia":[{"embeddable":true,"href":"https:\/\/dimensionturistica.com\/es\/wp-json\/wp\/v2\/media\/176285"}],"wp:attachment":[{"href":"https:\/\/dimensionturistica.com\/es\/wp-json\/wp\/v2\/media?parent=176284"}],"wp:term":[{"taxonomy":"category","embeddable":true,"href":"https:\/\/dimensionturistica.com\/es\/wp-json\/wp\/v2\/categories?post=176284"},{"taxonomy":"post_tag","embeddable":true,"href":"https:\/\/dimensionturistica.com\/es\/wp-json\/wp\/v2\/tags?post=176284"}],"curies":[{"name":"wp","href":"https:\/\/api.w.org\/{rel}","templated":true}]}}