{"id":176250,"date":"2021-08-19T19:55:00","date_gmt":"2021-08-19T19:55:00","guid":{"rendered":"https:\/\/dimensionturistica.com\/es\/?p=176250"},"modified":"2021-08-19T19:55:01","modified_gmt":"2021-08-19T19:55:01","slug":"agencias-de-viajes-tercera-ola-de-covid-detuvo-reactivacion-turistica","status":"publish","type":"post","link":"https:\/\/dimensionturistica.com\/es\/agencias-de-viajes-tercera-ola-de-covid-detuvo-reactivacion-turistica\/","title":{"rendered":"Agencias de viajes. Tercera ola de covid detuvo reactivaci\u00f3n tur\u00edstica"},"content":{"rendered":"<p> <br \/>\n<\/p>\n<div>\n    <span class=\"author\" itemprop=\"author\">Roberto Valadez<\/span><\/p>\n<p>\n    <span class=\"location\" itemprop=\"contentLocation\">Ciudad de M\u00e9xico<\/span> \/ <time datetime=\"19-08-2021 14:51:44\" itemprop=\"datePublished\">19.08.2021 14:51:44<\/time><br \/>\n    <meta itemprop=\"dateCreated\" content=\"19-08-2021 14:51:44\"\/><br \/>\n    <meta itemprop=\"dateModified\" content=\"2021-08-19 14:51:44.000000\"\/>\n  <\/p>\n<div id=\"content-body\" class=\"media-container news\" itemprop=\"articleBody\">\n<p>Durante los \u00faltimos meses la<b> industria tur\u00edstica<\/b> ven\u00eda mostrando una reactivaci\u00f3n ante la\u00a0<a rel=\"nofollow noopener\" target=\"_blank\" href=\"https:\/\/www.milenio.com\/temas\/covid-19\">pandemia de coronavirus<\/a>; sin embargo, la tercera ola de contagios detuvo el dinamismo e incluso se dio un baja en las ventas de aproximadamente entre 2 y 3 por ciento, manifestaron <b>Grupo Mexicano de Asociaciones de Agencias de Viaje<\/b> y<b> Empresas Tur\u00edsticas<\/b> (GMA) y la <b>Asociaci\u00f3n para la Cultura y el Turismo en Am\u00e9rica Latina<\/b> (Precise)<\/p>\n<p><b>Armando Boj\u00f3rquez<\/b>, presidente de <b>Precise <\/b>y director de la agencia Viajes Boj\u00f3rquez, coment\u00f3 que esta ligera disminuci\u00f3n en la actividad se ha dado en espec\u00edfico por el incremento de casos por la variante delta, aunque igual mucha gente sigue volando al pa\u00eds, ya sea nacionales y extranjeros.<\/p>\n<blockquote><p>\u201cLa tercer ola ha bajado las ventas, las diversas variantes (del <b>covid-19<\/b>) han afectado. En el primer semestre empezamos a ver un repunte importante en el mes de mayo, lamentablemente con la <b>variante Delta <\/b>nos hizo bajar un poco, el tema de la tercera ola que estamos viviendo en muchos destinos tambi\u00e9n ha parado un poco\u201d, indic\u00f3 en video conferencia <b>Roberto Trauwitz<\/b>, presidente del <b>GMA<\/b>. <\/p><\/blockquote>\n<p>De acuerdo con datos de la <b>Secretar\u00eda de Salud,\u00a0<\/b>el pa\u00eds vive actualmente registra un aumento de contagios de coronavirus con 20 mil cada d\u00eda y la saturaci\u00f3n de algunos hospitales.<\/p>\n<p> Con base en datos del <a rel=\"nofollow noopener\" target=\"_blank\" href=\"https:\/\/www.milenio.com\/temas\/inegi\">Inegi<\/a>, en los indicadores de llegada de t<b>uristas extranjeros <\/b>y divisas en el periodo de abril a junio del a\u00f1o en curso se han dado crecimientos consecutivos por arribo de 100 por ciento.<\/p>\n<p><b>Roberto Trauwitz<\/b>, presidente del <b>GMA<\/b>, previ\u00f3 que con el avance en el proceso de <b>vacunaci\u00f3n<\/b>, aunado a los protocolos de sanidad en los negocios, en el segundo semestre del a\u00f1o se contin\u00fae con la reactivaci\u00f3n en el sector.<\/p>\n<p>El directivo mencion\u00f3 que la industria tur\u00edstica ha sido muy da\u00f1ado por la pandemia de coronavirus, por lo que se debe trabajar para relanzar la actividad, siempre procurando la seguridad.<\/p>\n<p>Datos de la <b>Federaci\u00f3n Mexicana de Asociaciones Tur\u00edsticas (Fematur)<\/b> refieren que actualmente existe en el pa\u00eds 3 mil agencias de viajes.<\/p>\n<p>MRA<\/p>\n<p>\u200b<\/p>\n<\/p><\/div>\n<\/div>\n<p><script async defer crossorigin=\"anonymous\" src=\"https:\/\/connect.facebook.net\/es_LA\/sdk.js#xfbml=1&#038;version=v7.0\" nonce=\"ZELF4oef\"><\/script><br \/>\n<br \/><\/p>\n<p><em> &#8221; Fuentes www.milenio.com &#8221; <\/em><\/p>\n","protected":false},"excerpt":{"rendered":"<p>Roberto Valadez Ciudad de M\u00e9xico \/ 19.08.2021 14:51:44 Durante los \u00faltimos meses la industria tur\u00edstica ven\u00eda mostrando una reactivaci\u00f3n ante la\u00a0pandemia de coronavirus; sin embargo, la tercera ola de contagios detuvo el dinamismo e incluso se dio un baja en las ventas de aproximadamente entre 2 y 3 por ciento, manifestaron Grupo Mexicano de Asociaciones [&hellip;]<\/p>\n","protected":false},"author":4,"featured_media":176251,"comment_status":"open","ping_status":"closed","sticky":false,"template":"","format":"standard","meta":{"om_disable_all_campaigns":false,"jnews-multi-image_gallery":[],"jnews_single_post":[],"jnews_primary_category":[],"jnews_social_meta":[],"footnotes":""},"categories":[40],"tags":[569,1296,29883,29884,29885],"class_list":["post-176250","post","type-post","status-publish","format-standard","has-post-thumbnail","hentry","category-industria","tag-agencias-de-viajes","tag-industria-turistica","tag-tercera-ola-de-covid","tag-variante-delta-del-covid","tag-ventas-del-turismo"],"_links":{"self":[{"href":"https:\/\/dimensionturistica.com\/es\/wp-json\/wp\/v2\/posts\/176250","targetHints":{"allow":["GET"]}}],"collection":[{"href":"https:\/\/dimensionturistica.com\/es\/wp-json\/wp\/v2\/posts"}],"about":[{"href":"https:\/\/dimensionturistica.com\/es\/wp-json\/wp\/v2\/types\/post"}],"author":[{"embeddable":true,"href":"https:\/\/dimensionturistica.com\/es\/wp-json\/wp\/v2\/users\/4"}],"replies":[{"embeddable":true,"href":"https:\/\/dimensionturistica.com\/es\/wp-json\/wp\/v2\/comments?post=176250"}],"version-history":[{"count":0,"href":"https:\/\/dimensionturistica.com\/es\/wp-json\/wp\/v2\/posts\/176250\/revisions"}],"wp:featuredmedia":[{"embeddable":true,"href":"https:\/\/dimensionturistica.com\/es\/wp-json\/wp\/v2\/media\/176251"}],"wp:attachment":[{"href":"https:\/\/dimensionturistica.com\/es\/wp-json\/wp\/v2\/media?parent=176250"}],"wp:term":[{"taxonomy":"category","embeddable":true,"href":"https:\/\/dimensionturistica.com\/es\/wp-json\/wp\/v2\/categories?post=176250"},{"taxonomy":"post_tag","embeddable":true,"href":"https:\/\/dimensionturistica.com\/es\/wp-json\/wp\/v2\/tags?post=176250"}],"curies":[{"name":"wp","href":"https:\/\/api.w.org\/{rel}","templated":true}]}}