{"id":175841,"date":"2021-08-19T08:22:55","date_gmt":"2021-08-19T08:22:55","guid":{"rendered":"https:\/\/dimensionturistica.com\/es\/?p=175841"},"modified":"2021-08-19T08:22:56","modified_gmt":"2021-08-19T08:22:56","slug":"viajes-con-cargo-al-erario-publico","status":"publish","type":"post","link":"https:\/\/dimensionturistica.com\/es\/viajes-con-cargo-al-erario-publico\/","title":{"rendered":"Viajes con cargo al erario p\u00fablico"},"content":{"rendered":"<p> <br \/>\n<\/p>\n<div data-voc-share-selection=\"\"><!-- AUTHOR --><\/p>\n<div class=\"voc-author-timesocial \"><!-- AUTHOR --><\/p>\n<div class=\"voc-author-timesocial__signature\"><!-- IMAGE AUTHOR --><picture class=\"voc-image-signature\"><img decoding=\"async\" class=\"voc-image-signature__img\" src=\"https:\/\/static2.larioja.com\/comun\/img\/2014\/autor\/autor-2185-foto-1.jpeg\" alt=\"Diario La Rioja\"\/><\/picture><!-- INFO AUTHOR --><\/div>\n<\/div>\n<p><!-- COMPONENTS --><\/p>\n<p class=\"voc-paragraph\">La calidad de una democracia se mide, entre otros indicadores, por la sensibilidad con que se maneja el dinero p\u00fablico. Los gastos en viajes nacionales de los parlamentarios del Congreso y del Senado en los \u00faltimos cinco a\u00f1os superan los 15 millones de euros sin que exista whole transparencia ya que no se conoce el coste de cada desplazamiento ni por qu\u00e9 se realiz\u00f3. Fue a ra\u00edz del esc\u00e1ndalo del expresidente extreme\u00f1o Jos\u00e9 Antonio Monago, que viaj\u00f3 en un a\u00f1o y medio 16 veces como senador a Canarias donde viv\u00eda su pareja, cuando las mesas del Congreso y el Senado aprobaron una resoluci\u00f3n en la que se comprometieron a publicar cada trimestre el gasto destinado a viajes. Pero hecha la ley, hecha la trampa: los datos se proporcionan globalmente, de tal modo que no se puede distinguir qui\u00e9n abusa y qui\u00e9n no. Y los contribuyentes exigen transparencia. La fiscalizaci\u00f3n no puede reducirse a un protocolo o a que lo haga el grupo parlamentario sino que se ha de proporcionar p\u00fablicamente la informaci\u00f3n necesaria para constatar si hay o no corrupci\u00f3n. Las cantidades son elevadas, y hay que averiguar si tras ellas se oculta alg\u00fan mal uso del dinero p\u00fablico.\n<\/p>\n<p><!-- TOPICS --><!-- TENDENCIAS --><\/div>\n\n<p><em> &#8221; Fuentes www.larioja.com &#8221; <\/em><\/p>\n","protected":false},"excerpt":{"rendered":"<p>La calidad de una democracia se mide, entre otros indicadores, por la sensibilidad con que se maneja el dinero p\u00fablico. Los gastos en viajes nacionales de los parlamentarios del Congreso y del Senado en los \u00faltimos cinco a\u00f1os superan los 15 millones de euros sin que exista whole transparencia ya que no se conoce el [&hellip;]<\/p>\n","protected":false},"author":4,"featured_media":175842,"comment_status":"open","ping_status":"closed","sticky":false,"template":"","format":"standard","meta":{"om_disable_all_campaigns":false,"jnews-multi-image_gallery":[],"jnews_single_post":[],"jnews_primary_category":[],"jnews_social_meta":[],"footnotes":""},"categories":[39],"tags":[29812,29813,1520,545],"class_list":["post-175841","post","type-post","status-publish","format-standard","has-post-thumbnail","hentry","category-viajes","tag-cargo","tag-erario","tag-publico","tag-viajes"],"_links":{"self":[{"href":"https:\/\/dimensionturistica.com\/es\/wp-json\/wp\/v2\/posts\/175841","targetHints":{"allow":["GET"]}}],"collection":[{"href":"https:\/\/dimensionturistica.com\/es\/wp-json\/wp\/v2\/posts"}],"about":[{"href":"https:\/\/dimensionturistica.com\/es\/wp-json\/wp\/v2\/types\/post"}],"author":[{"embeddable":true,"href":"https:\/\/dimensionturistica.com\/es\/wp-json\/wp\/v2\/users\/4"}],"replies":[{"embeddable":true,"href":"https:\/\/dimensionturistica.com\/es\/wp-json\/wp\/v2\/comments?post=175841"}],"version-history":[{"count":0,"href":"https:\/\/dimensionturistica.com\/es\/wp-json\/wp\/v2\/posts\/175841\/revisions"}],"wp:featuredmedia":[{"embeddable":true,"href":"https:\/\/dimensionturistica.com\/es\/wp-json\/wp\/v2\/media\/175842"}],"wp:attachment":[{"href":"https:\/\/dimensionturistica.com\/es\/wp-json\/wp\/v2\/media?parent=175841"}],"wp:term":[{"taxonomy":"category","embeddable":true,"href":"https:\/\/dimensionturistica.com\/es\/wp-json\/wp\/v2\/categories?post=175841"},{"taxonomy":"post_tag","embeddable":true,"href":"https:\/\/dimensionturistica.com\/es\/wp-json\/wp\/v2\/tags?post=175841"}],"curies":[{"name":"wp","href":"https:\/\/api.w.org\/{rel}","templated":true}]}}