{"id":175741,"date":"2021-08-19T01:59:21","date_gmt":"2021-08-19T01:59:21","guid":{"rendered":"https:\/\/dimensionturistica.com\/es\/?p=175741"},"modified":"2021-08-19T01:59:21","modified_gmt":"2021-08-19T01:59:21","slug":"cambiamos-bototos-por-los-tacos-millaray-viera-bromeo-con-los-constantes-viajes-que-realiza-por-sabingo","status":"publish","type":"post","link":"https:\/\/dimensionturistica.com\/es\/cambiamos-bototos-por-los-tacos-millaray-viera-bromeo-con-los-constantes-viajes-que-realiza-por-sabingo\/","title":{"rendered":"&#8220;Cambiamos bototos por los tacos&#8221;: Millaray Viera brome\u00f3 con los constantes viajes que realiza por &#8220;Sabingo&#8221;"},"content":{"rendered":"<p> <br \/>\n<\/p>\n<div id=\"cuerpo-nota\">\n<p><a rel=\"nofollow noopener\" target=\"_blank\" href=\"https:\/\/www.encancha.cl\/noticias\/buscar\/?buscar=Millaray+Viera\"><strong>Millaray Viera<\/strong><\/a> se ha encontrado viajando y realizando diversas actividades que la han mantenido muy ocupada grabando por el pa\u00eds, debido a su trabajo en &#8220;<a rel=\"nofollow noopener\" target=\"_blank\" href=\"https:\/\/www.encancha.cl\/temas\/sabingo-4442.html\"><strong>Sabingo<\/strong><\/a>&#8220;.<\/p>\n<aside class=\"htmlinline\"\/>\n<p>Es debido a esto que, a trav\u00e9s de su cuenta de <a rel=\"nofollow noopener\" target=\"_blank\" href=\"https:\/\/www.instagram.com\/millarayviera\/\"><strong>Instagram<\/strong><\/a>, la animadora de &#8220;<strong>Yo Soy<\/strong>&#8221; comparti\u00f3 una imagen de su retorno a la capital, explicando que deber\u00e1 cambiarse de ropa para continuar con sus labores en Chilevisi\u00f3n.<\/p>\n<p>&#8220;<strong>Terminamos otra linda aventura, esta vez en la Regi\u00f3n de Biob\u00edo. Ahora para Santiago porque ma\u00f1ana cambiamos bototos por los tacos<\/strong>&#8220;, escribi\u00f3 Millaray Viera en su publicaci\u00f3n, todo esto despu\u00e9s de trasladarse a Concepci\u00f3n, espec\u00edficamente a la provincia de Lota.<\/p>\n<aside class=\"htmlinline\"\/>\n<p>Tras esto, la conductora de televisi\u00f3n se prepar\u00f3\u00a0para volver a la capital y regresar\u00a0a sus actividades en &#8220;Yo Soy&#8221; y &#8220;Sabingo&#8221; en el edificio de Machasa.<\/p>\n<aside class=\"relacionadas con-foto\">\n<h5>Noticias Relacionadas<\/h5>\n<\/aside>\n<p>Asimismo, la hija de Gervasio se ha mostrado muy activa en redes sociales, <a rel=\"nofollow noopener\" target=\"_blank\" href=\"https:\/\/www.encancha.cl\/tiempo-x\/redes\/2021\/8\/16\/justo-estamos-haciendo-unos-arreglos-millaray-viera-presenta-su-casa-jugando-la-divina-comida-116475.html\">d<strong>estacando por diversas historias y bromas que le hace a sus seguidores<\/strong><\/a>, que actualmente alcanzan m\u00e1s de 675 mil.<\/p>\n<h2><strong>Mira ac\u00e1 a Millaray Viera regresando a Santiago tras su grabaci\u00f3n de &#8220;Sabingo&#8221;<\/strong><br \/><img decoding=\"async\" alt=\"\" height=\"1363\" src=\"https:\/\/www.encancha.cl\/u\/fotografias\/m\/2021\/8\/18\/f768x1-109475_109602_226.jpeg\" width=\"768\"\/><\/h2>\n<\/div>\n<p><script async defer src=\"https:\/\/platform.instagram.com\/en_US\/embeds.js\"><\/script><br \/>\n<br \/><\/p>\n<p><em> &#8221; Fuentes www.encancha.cl &#8221; <\/em><\/p>\n","protected":false},"excerpt":{"rendered":"<p>Millaray Viera se ha encontrado viajando y realizando diversas actividades que la han mantenido muy ocupada grabando por el pa\u00eds, debido a su trabajo en &#8220;Sabingo&#8220;. Es debido a esto que, a trav\u00e9s de su cuenta de Instagram, la animadora de &#8220;Yo Soy&#8221; comparti\u00f3 una imagen de su retorno a la capital, explicando que deber\u00e1 [&hellip;]<\/p>\n","protected":false},"author":4,"featured_media":0,"comment_status":"open","ping_status":"closed","sticky":false,"template":"","format":"standard","meta":{"om_disable_all_campaigns":false,"jnews-multi-image_gallery":[],"jnews_single_post":[],"jnews_primary_category":[],"jnews_social_meta":[],"footnotes":""},"categories":[39],"tags":[2183,29782],"class_list":["post-175741","post","type-post","status-publish","format-standard","hentry","category-viajes","tag-instagram","tag-millaray-viera"],"_links":{"self":[{"href":"https:\/\/dimensionturistica.com\/es\/wp-json\/wp\/v2\/posts\/175741","targetHints":{"allow":["GET"]}}],"collection":[{"href":"https:\/\/dimensionturistica.com\/es\/wp-json\/wp\/v2\/posts"}],"about":[{"href":"https:\/\/dimensionturistica.com\/es\/wp-json\/wp\/v2\/types\/post"}],"author":[{"embeddable":true,"href":"https:\/\/dimensionturistica.com\/es\/wp-json\/wp\/v2\/users\/4"}],"replies":[{"embeddable":true,"href":"https:\/\/dimensionturistica.com\/es\/wp-json\/wp\/v2\/comments?post=175741"}],"version-history":[{"count":0,"href":"https:\/\/dimensionturistica.com\/es\/wp-json\/wp\/v2\/posts\/175741\/revisions"}],"wp:attachment":[{"href":"https:\/\/dimensionturistica.com\/es\/wp-json\/wp\/v2\/media?parent=175741"}],"wp:term":[{"taxonomy":"category","embeddable":true,"href":"https:\/\/dimensionturistica.com\/es\/wp-json\/wp\/v2\/categories?post=175741"},{"taxonomy":"post_tag","embeddable":true,"href":"https:\/\/dimensionturistica.com\/es\/wp-json\/wp\/v2\/tags?post=175741"}],"curies":[{"name":"wp","href":"https:\/\/api.w.org\/{rel}","templated":true}]}}