{"id":175722,"date":"2021-08-19T00:43:55","date_gmt":"2021-08-19T00:43:55","guid":{"rendered":"https:\/\/dimensionturistica.com\/es\/?p=175722"},"modified":"2021-08-19T00:43:55","modified_gmt":"2021-08-19T00:43:55","slug":"la-aerolinea-sudamericana-latam-reabrira-la-ruta-santiago-cancun","status":"publish","type":"post","link":"https:\/\/dimensionturistica.com\/es\/la-aerolinea-sudamericana-latam-reabrira-la-ruta-santiago-cancun\/","title":{"rendered":"La aerol\u00ednea sudamericana Latam reabrir\u00e1 la ruta Santiago-Canc\u00fan"},"content":{"rendered":"<p> <br \/>\n<\/p>\n<div>\n<figure class=\"wp-block-image size-full\"><img decoding=\"async\" loading=\"lazy\" width=\"708\" height=\"472\" src=\"https:\/\/i0.wp.com\/www.cancunmio.com\/wp-content\/uploads\/2020\/12\/aviones-2.jpeg?resize=708%2C472&amp;ssl=1\" alt=\"\" class=\"wp-image-170404 jetpack-lazy-image\" data-recalc-dims=\"1\" data-lazy-srcset=\"https:\/\/i0.wp.com\/www.cancunmio.com\/wp-content\/uploads\/2020\/12\/aviones-2.jpeg?w=1280&amp;ssl=1 1280w, https:\/\/i0.wp.com\/www.cancunmio.com\/wp-content\/uploads\/2020\/12\/aviones-2.jpeg?resize=300%2C200&amp;ssl=1 300w, https:\/\/i0.wp.com\/www.cancunmio.com\/wp-content\/uploads\/2020\/12\/aviones-2.jpeg?resize=768%2C512&amp;ssl=1 768w\" data-lazy-sizes=\"(max-width: 708px) 100vw, 708px\" data-lazy-src=\"https:\/\/i0.wp.com\/www.cancunmio.com\/wp-content\/uploads\/2020\/12\/aviones-2.jpeg?resize=708%2C472&amp;is-pending-load=1#038;ssl=1\" srcset=\"data:image\/gif;base64,R0lGODlhAQABAIAAAAAAAP\/\/\/yH5BAEAAAAALAAAAAABAAEAAAIBRAA7\"\/><noscript><img decoding=\"async\" loading=\"lazy\" width=\"708\" height=\"472\" src=\"https:\/\/i0.wp.com\/www.cancunmio.com\/wp-content\/uploads\/2020\/12\/aviones-2.jpeg?resize=708%2C472&amp;ssl=1\" alt=\"\" class=\"wp-image-170404\" srcset=\"https:\/\/i0.wp.com\/www.cancunmio.com\/wp-content\/uploads\/2020\/12\/aviones-2.jpeg?w=1280&amp;ssl=1 1280w, https:\/\/i0.wp.com\/www.cancunmio.com\/wp-content\/uploads\/2020\/12\/aviones-2.jpeg?resize=300%2C200&amp;ssl=1 300w, https:\/\/i0.wp.com\/www.cancunmio.com\/wp-content\/uploads\/2020\/12\/aviones-2.jpeg?resize=768%2C512&amp;ssl=1 768w\" sizes=\"auto, (max-width: 708px) 100vw, 708px\" data-recalc-dims=\"1\"\/><\/noscript><\/figure>\n<p><strong>Carlos \u00c1guila Arreola<\/strong><br \/><strong><em>Canc\u00fan, Mi\u00e9rcoles 18 de agosto del 2021.-<\/em><\/strong> Tras m\u00e1s de 15 meses de suspensi\u00f3n, a partir del viernes 10 de septiembre, la aerol\u00ednea sudamericana Latam reabrir\u00e1 su ruta Santiago-Canc\u00fan, continuando su proceso de reactivaci\u00f3n gradual de operaciones internacionales. Latam Airways es una aerol\u00ednea multinacional chilena-brasile\u00f1o formada por la fusi\u00f3n de las l\u00edneas a\u00e9reas sudamericanas Lan, Tam y sus filiales. Con sede en Santiago (Chile), la aerol\u00ednea opera vuelos a pa\u00edses en Am\u00e9rica, el Caribe, Europa, \u00c1frica, Asia, Medio Oriente y Ocean\u00eda, llegando a 136 destinos en 24 pa\u00edses.<\/p>\n<p>La aerol\u00ednea iniciar\u00e1 esa ruta con una frecuencia semanal saliendo de Santiago el viernes a las 08:35 y llegando a la playa mexicana a las 14:40, mientras que el vuelo de regreso despegar\u00e1 de Canc\u00fan el mismo d\u00eda a las 17:00, llegando a la capital de Chile a las 02:40 horas del d\u00eda siguiente.<\/p>\n<p>A partir de octubre, Latam sumar\u00e1 una frecuencia adicional saliendo de Santiago el domingo a las 08:35 para llegar a Canc\u00fan a las 14:40. De regreso despegar\u00e1 el lunes a las 00:30, llegando a la capital chilena a las 10:10 am (hora native).<br \/>La ruta ser\u00e1 operada con un Boeing 787-9 con capacidad para 313 pasajeros, 283 en categor\u00eda Economic system y 30 en Premium Enterprise. Los boletos ya est\u00e1n disponibles por medio del portal de <a rel=\"nofollow noopener\" target=\"_blank\" href=\"http:\/\/latam.com\/\">latam.com<\/a>.<\/p>\n<p>\u201cM\u00e9xico es uno de los destinos con mayor apertura para el turismo internacional, la reactivaci\u00f3n de esa ruta nos permitir\u00e1 no s\u00f3lo ser la \u00fanica aerol\u00ednea en ofrecer un vuelo directo, sino atender la creciente demanda de turismo desde y hacia el destino caribe\u00f1o\u201d asegur\u00f3 Diana Olivares, directora normal de Latam Airways en M\u00e9xico.<br \/>La directiva agreg\u00f3 que \u201creanudar la operaci\u00f3n Santiago-Canc\u00fan es noticia positiva y una se\u00f1al del avance de la recuperaci\u00f3n en la industria, estamos muy contentos de continuar con la reactivaci\u00f3n de operaciones en M\u00e9xico, siguiendo todas las medidas sanitarias necesarias para un viaje seguro para todos\u201d.<\/p>\n<p>Actualmente, la aerol\u00ednea cuenta con vuelo directo a Lima, Per\u00fa, desde Ciudad de M\u00e9xico, y a S\u00e3o Paulo, Brasil, desde la capital mexicana y Canc\u00fan.<\/p>\n<p>Cese<br \/>Por otra parte, la Asociaci\u00f3n de Transporte A\u00e9reo Internacional (IATA) suspendi\u00f3 a la aerol\u00ednea Cubana de Aviaci\u00f3n del Plan de Facturaci\u00f3n y Liquidaci\u00f3n, de acuerdo con medios cubanos. En un escrito enviado a distintas agencias de viajes, la asociaci\u00f3n recomend\u00f3 cesar la emisi\u00f3n de boletos de la aerol\u00ednea estatal.<\/p>\n<p>\u201cCubana de Aviaci\u00f3n ya no participa (en el Plan de facturaci\u00f3n) y, por tanto, la agencia debe dejar de emitir billetes, documentos electr\u00f3nicos de prop\u00f3sito m\u00faltiple (EMD por sus siglas en ingl\u00e9s) y reembolsos a nombre de esa aerol\u00ednea\u201d, se\u00f1al\u00f3 la IATA, mediante un comunicado.<\/p>\n<p>Tambi\u00e9n solicit\u00f3 a las agencias que \u201cretiren todos los importes relacionados con Cubana de Aviaci\u00f3n de sus pr\u00f3ximos pagos\u201d, aclarando que deber\u00e1n liquidarse directamente con la aerol\u00ednea.<\/p>\n<\/p><\/div>\n<p><script data-cfasync=\"false\">(function(d, s, id){\n\t\t\t\t\t  var js, fjs = d.getElementsByTagName(s)[0];\n\t\t\t\t\t  if (d.getElementById(id)) return;\n\t\t\t\t\t  js = d.createElement(s); js.id = id;\n\t\t\t\t\t  js.src = \"\/\/connect.facebook.net\/es_ES\/sdk.js#xfbml=1&version=v3.2\";\n\t\t\t\t\t  fjs.parentNode.insertBefore(js, fjs);\n\t\t\t\t\t}(document, 'script', 'facebook-jssdk'));<\/script><br \/>\n<br \/><\/p>\n<p><em> &#8221; Fuentes www.cancunmio.com &#8221; <\/em><\/p>\n","protected":false},"excerpt":{"rendered":"<p>Carlos \u00c1guila ArreolaCanc\u00fan, Mi\u00e9rcoles 18 de agosto del 2021.- Tras m\u00e1s de 15 meses de suspensi\u00f3n, a partir del viernes 10 de septiembre, la aerol\u00ednea sudamericana Latam reabrir\u00e1 su ruta Santiago-Canc\u00fan, continuando su proceso de reactivaci\u00f3n gradual de operaciones internacionales. Latam Airways es una aerol\u00ednea multinacional chilena-brasile\u00f1o formada por la fusi\u00f3n de las l\u00edneas a\u00e9reas [&hellip;]<\/p>\n","protected":false},"author":4,"featured_media":0,"comment_status":"open","ping_status":"closed","sticky":false,"template":"","format":"standard","meta":{"om_disable_all_campaigns":false,"jnews-multi-image_gallery":[],"jnews_single_post":[],"jnews_primary_category":[],"jnews_social_meta":[],"footnotes":""},"categories":[40],"tags":[2010,2151,544],"class_list":["post-175722","post","type-post","status-publish","format-standard","hentry","category-industria","tag-cancun","tag-principal","tag-turismo"],"_links":{"self":[{"href":"https:\/\/dimensionturistica.com\/es\/wp-json\/wp\/v2\/posts\/175722","targetHints":{"allow":["GET"]}}],"collection":[{"href":"https:\/\/dimensionturistica.com\/es\/wp-json\/wp\/v2\/posts"}],"about":[{"href":"https:\/\/dimensionturistica.com\/es\/wp-json\/wp\/v2\/types\/post"}],"author":[{"embeddable":true,"href":"https:\/\/dimensionturistica.com\/es\/wp-json\/wp\/v2\/users\/4"}],"replies":[{"embeddable":true,"href":"https:\/\/dimensionturistica.com\/es\/wp-json\/wp\/v2\/comments?post=175722"}],"version-history":[{"count":0,"href":"https:\/\/dimensionturistica.com\/es\/wp-json\/wp\/v2\/posts\/175722\/revisions"}],"wp:attachment":[{"href":"https:\/\/dimensionturistica.com\/es\/wp-json\/wp\/v2\/media?parent=175722"}],"wp:term":[{"taxonomy":"category","embeddable":true,"href":"https:\/\/dimensionturistica.com\/es\/wp-json\/wp\/v2\/categories?post=175722"},{"taxonomy":"post_tag","embeddable":true,"href":"https:\/\/dimensionturistica.com\/es\/wp-json\/wp\/v2\/tags?post=175722"}],"curies":[{"name":"wp","href":"https:\/\/api.w.org\/{rel}","templated":true}]}}