{"id":175582,"date":"2021-08-18T20:12:51","date_gmt":"2021-08-18T20:12:51","guid":{"rendered":"https:\/\/dimensionturistica.com\/es\/?p=175582"},"modified":"2021-08-18T20:12:52","modified_gmt":"2021-08-18T20:12:52","slug":"el-circo-atayde-anderson-se-queda-atorado-en-mazatlan-y-empleados-sobreviven-haciendo-malabares-pero-en-los-cruceros","status":"publish","type":"post","link":"https:\/\/dimensionturistica.com\/es\/el-circo-atayde-anderson-se-queda-atorado-en-mazatlan-y-empleados-sobreviven-haciendo-malabares-pero-en-los-cruceros\/","title":{"rendered":"El Circo Atayde Anderson se queda atorado en Mazatl\u00e1n y empleados sobreviven haciendo malabares&#8230; pero en los cruceros"},"content":{"rendered":"<p> <br \/>\n<\/p>\n<div itemprop=\"text\">\n<div class=\"paragraph\" mlnid=\"idcon=1002089;order=6.0\">\n<p><b>Indalecio Anderson, cirquero desde nacimiento, nunca hab\u00eda enfrentado algo related a lo que le ha tocado vivir junto con su familia por la pandemia sanitaria de Covid-19.<\/b><\/p>\n<p>Los padres, abuelos y toda la familia de Indalecio han consagrado el oficio de cirquero de generaci\u00f3n en generaci\u00f3n, pero el coronavirus los ha afectado de sobremanera, de momento, <b>tienen m\u00e1s de un mes que no dan un solo espect\u00e1culo bajo la carpa<\/b>, ya que actualmente no cuentan con los permisos necesarios para ofrecerlos.<\/p>\n<\/p><\/div>\n<div class=\"paragraph\" mlnid=\"idcon=1002134;order=10.0\">\n<p>\u201c<b>Est\u00e1 dif\u00edcil, para este negocio est\u00e1 bastante dif\u00edcil<\/b>, porque es un negocio familiar, tradicional, donde <b>toda la vida hemos hecho esto<\/b>, es el trabajo de nosotros por generaciones tras generaciones, y pasan esas cosas, y nos sacan de nuestro ritmo de trabajo\u201d, menciona.<\/p>\n<p>\u201cNosotros de toda la vida nos dedicamos a esto, son de generaciones, <b>yo desde que nac\u00ed esto es lo que hago, igual mi pap\u00e1, mis abuelos, es de generaci\u00f3n en generaci\u00f3n, y nunca hab\u00eda estado tan mal como ahora<\/b>\u201d, lamenta.<\/p>\n<\/p><\/div>\n<div class=\"paragraph\" mlnid=\"idcon=1002138;order=14.0\">\n<p><b>Comparte que 35 personas dependen de lo que se genere en el circo,<\/b> muchos de ellos han tenido que hacer cosas por fuera para poder subsistir, ya sea haciendo reveals en sem\u00e1foros, o vendiendo caramelos y comidas que preparan com\u00fanmente cuando hacen su espect\u00e1culo.<\/p>\n<p>\u201cAhorita \u2018habemos\u2019 aqu\u00ed como unas 35, como ya pasaron muchos d\u00edas desde que pararon las funciones y todo esto, pues <b>tienen que buscarle todo, y como algunos artistas y vieron que no va a ser r\u00e1pido esto, pues no se les puede sostener los pagos, y se acaban los recursos, y llega el momento y hay que buscarle por donde se puede<\/b>\u201d, se\u00f1ala.<\/p>\n<\/p><\/div>\n<div class=\"paragraph\" mlnid=\"idcon=1002142;order=18.0\">\n<p>\u201cAhorita en los carros de perifoneo del circo, en esos vendemos lo que vendemos en el circo en las colonias, que son las golosinas, manzanas enmieladas, algodones, manzanas con chile y salimos en todos los carritos a las colonias y de esa manera se est\u00e1 manteniendo la familia&#8230; Igual <b>los artistas se van aqu\u00ed al sem\u00e1foro que est\u00e1 frente a la Plaza Acaya, \u00fanicamente, porque los que hay en otra parte, esos s\u00ed no son de aqu\u00ed<\/b>\u201d, a\u00f1ade.<\/p>\n<p>El circo ubicado en entre Avenida \u00d3scar P\u00e9rez Escobosa y Avenida Crist\u00f3bal Col\u00f3n, <b>tiene m\u00e1s del mes sin dar un present, pero a estas alturas Indalecio no sabe si lo mejor para ellos es volver a echar a andar el espect\u00e1culo, dado que no es muy optimista ante la respuesta que pueda tener la gente para asistir a las funciones.<\/b><\/p>\n<\/p><\/div>\n<div class=\"paragraph\" mlnid=\"idcon=1002146;order=22.0\">\n<p>\u201cVa m\u00e1s de un mes que estamos varados, y desde que dieron la noticia de la variante Delta, est\u00e1bamos trabajando, no nos suspendieron el permiso, pero igual la gente se asust\u00f3, ya no vino, muy poca asistencia, la primera semana s\u00ed estuvo regular, la segunda regular, y de ah\u00ed para abajo\u201d, lamenta.<\/p>\n<p>\u201c<b>Nos hab\u00edan dicho que nos esper\u00e1ramos dos semanas,<\/b> pero ya pas\u00f3 un mes, y a como est\u00e1 ahorita la situaci\u00f3n, yo creo que aunque nos den permiso, la gente no va a venir, la gente no quiere nada esto. La verdad es algo que estamos pensando qu\u00e9 hacer, porque mover todos estos carros se necesita dinero, el recurso, y ahorita con el paso del d\u00eda se desgasta todo, se acaba todo y es lo que estamos viendo, qu\u00e9 vamos a hacer&#8230; <b>a mediados del mes que viene vamos a ver qu\u00e9 hacemos, d\u00f3nde ganamos o c\u00f3mo nos va mejor<\/b>\u201d, agrega.<\/p>\n<\/p><\/div><\/div>\n\n<p><em> &#8221; Fuentes www.noroeste.com.mx &#8221; <\/em><\/p>\n","protected":false},"excerpt":{"rendered":"<p>Indalecio Anderson, cirquero desde nacimiento, nunca hab\u00eda enfrentado algo related a lo que le ha tocado vivir junto con su familia por la pandemia sanitaria de Covid-19. Los padres, abuelos y toda la familia de Indalecio han consagrado el oficio de cirquero de generaci\u00f3n en generaci\u00f3n, pero el coronavirus los ha afectado de sobremanera, de [&hellip;]<\/p>\n","protected":false},"author":4,"featured_media":175583,"comment_status":"open","ping_status":"closed","sticky":false,"template":"","format":"standard","meta":{"om_disable_all_campaigns":false,"jnews-multi-image_gallery":[],"jnews_single_post":[],"jnews_primary_category":[],"jnews_social_meta":[],"footnotes":""},"categories":[41],"tags":[18734],"class_list":["post-175582","post","type-post","status-publish","format-standard","has-post-thumbnail","hentry","category-cruceros","tag-antonio-olazabal"],"_links":{"self":[{"href":"https:\/\/dimensionturistica.com\/es\/wp-json\/wp\/v2\/posts\/175582","targetHints":{"allow":["GET"]}}],"collection":[{"href":"https:\/\/dimensionturistica.com\/es\/wp-json\/wp\/v2\/posts"}],"about":[{"href":"https:\/\/dimensionturistica.com\/es\/wp-json\/wp\/v2\/types\/post"}],"author":[{"embeddable":true,"href":"https:\/\/dimensionturistica.com\/es\/wp-json\/wp\/v2\/users\/4"}],"replies":[{"embeddable":true,"href":"https:\/\/dimensionturistica.com\/es\/wp-json\/wp\/v2\/comments?post=175582"}],"version-history":[{"count":0,"href":"https:\/\/dimensionturistica.com\/es\/wp-json\/wp\/v2\/posts\/175582\/revisions"}],"wp:featuredmedia":[{"embeddable":true,"href":"https:\/\/dimensionturistica.com\/es\/wp-json\/wp\/v2\/media\/175583"}],"wp:attachment":[{"href":"https:\/\/dimensionturistica.com\/es\/wp-json\/wp\/v2\/media?parent=175582"}],"wp:term":[{"taxonomy":"category","embeddable":true,"href":"https:\/\/dimensionturistica.com\/es\/wp-json\/wp\/v2\/categories?post=175582"},{"taxonomy":"post_tag","embeddable":true,"href":"https:\/\/dimensionturistica.com\/es\/wp-json\/wp\/v2\/tags?post=175582"}],"curies":[{"name":"wp","href":"https:\/\/api.w.org\/{rel}","templated":true}]}}