{"id":175275,"date":"2021-08-18T14:47:45","date_gmt":"2021-08-18T14:47:45","guid":{"rendered":"https:\/\/dimensionturistica.com\/es\/?p=175275"},"modified":"2021-08-18T14:47:45","modified_gmt":"2021-08-18T14:47:45","slug":"los-viajes-del-imserso-podran-comenzar-en-octubre","status":"publish","type":"post","link":"https:\/\/dimensionturistica.com\/es\/los-viajes-del-imserso-podran-comenzar-en-octubre\/","title":{"rendered":"Los viajes del Imserso podr\u00e1n comenzar en octubre"},"content":{"rendered":"<p> <br \/>\n<\/p>\n<div>\n<p><strong>Los viajes del Imserso se iniciar\u00e1n en octubre<\/strong>. Los jueces han rechazado el <strong>recurso de los hoteleros de Benidorm<\/strong> a las bases del programa de viajes para mayores Imserso con lo que se espera que puedan iniciarse este oto\u00f1o con relativa normalidad. Los hoteleros hab\u00edan objetado que los precios ofertados por el Estado no llegaban a cubrir los costes. El Tribunal Administrativo Central de Recursos Contractuales (TARC), que hab\u00eda estimado su recurso inicialmente imponiendo medidas cautelares, considera justas las condiciones del Imserso, seg\u00fan ha avanzado el diario &#8216;El Pa\u00eds&#8217;. La Confederaci\u00f3n Espa\u00f1ola de Hoteles y Alojamientos Tur\u00edsticos (CEHAT) tambi\u00e9n recurri\u00f3 los pliegos pero no solicit\u00f3 la suspensi\u00f3n cautelar.<\/p>\n<p>Con la decisi\u00f3n del tribunal se desbloquea el <strong>proceso de adjudicaci\u00f3n de viajes para los m\u00e1s mayores<\/strong>, y que incluyen 816.029 plazas este a\u00f1o. Es todav\u00eda una inc\u00f3gnita saber que recepci\u00f3n tendr\u00e1 la oferta en unos momentos de covid, pese a que los precios ser\u00e1n atractivos. El Imserso supone el mantenimiento de unos 100.000 puestos de trabajo, directos e indirectos. Las plazas se distribuir\u00e1n en los siguientes lotes: costas de la Pen\u00ednsula (54%), Baleares y Canarias (28%) e inside (1<\/p>\n<p>7%).<\/p>\n<p>Turoperadores y agencias de viaje han reclamado repetidamente la puesta en marcha del programa de viajes imserso, como herramienta clave para recuperar la maltrecha econom\u00eda del sector. El recurso de los hoteleros de Benidorm amenazaba directamente los ingresos de este a\u00f1o. <\/p>\n<p>Las causas que motivaron la demanda de los hoteleros de Benidorm son fundamentalmente econ\u00f3micas. La patronal hotelera recurri\u00f3 por considerar que no exist\u00eda un estudio serio de costes y la exclusi\u00f3n de los hoteles de tres estrellas, que tradicionalmente hab\u00edan estado integrados en el programa del Imserso. El Imserso valora la estancia en r\u00e9gimen de pensi\u00f3n completa en 46 euros diarios, mientras que los hoteleros de Benidorm reclamaban al menos 64,4 euros. <\/p>\n<p>\t<span class=\"smallTitle center\">Noticias relacionadas<\/span><\/p>\n<p>Aunque no han trascendido las ofertas, fuentes del sector apuntan a que a las tradicionales uniones temporales de empresas (UTE) de Mundiplan (Alsa, Iberia y IAG7 Viajes) y Turismo Social (Globalia y Barcel\u00f3) que se han venido presentando a todos los concursos, se han unido World2Meet (Iberostar) y la uni\u00f3n de Logitravel y Viajes El Corte Ingl\u00e9s.<\/p>\n<p>El Gobierno aprob\u00f3 el programa el 22 de junio con el objetivo de que los beneficiarios, principalmente jubilados, pudieran pedir las plazas a partir del 1 de julio y que los viajes se iniciaran en octubre (en una campa\u00f1a regular los pliegos se suelen aprobar en marzo). Tras los recursos, ser\u00e1 casi imposible que se cumpla el calendario, seg\u00fan fuentes del sector. No es la primera vez que se paralizaban los viajes del Instituto de Mayores y Servicios Sociales (Imserso) ya que desde 2015 han sido recurridos los pliegos por los distintos actores implicados (hoteleros, turoperadores y agencias de viaje), pero en esta ocasi\u00f3n ha provocado la queja tanto de las agencias de viaje como de los sindicatos que representan a los trabajadores, que acusaban a Hosbec de mantener una actitud insolidaria hacia el resto del sector tur\u00edstico. La campa\u00f1a anterior se suspendi\u00f3 en abril de 2020 por el coronavirus, cuyos efectos se han dejado sentir especialmente en el turismo, que ve en los viajes del Imserso una tabla de salvaci\u00f3n para el invierno tras un a\u00f1o y medio de pandemia.<\/p>\n<\/p><\/div>\n\n<p><em> &#8221; Fuentes www.elperiodico.com &#8221; <\/em><\/p>\n","protected":false},"excerpt":{"rendered":"<p>Los viajes del Imserso se iniciar\u00e1n en octubre. Los jueces han rechazado el recurso de los hoteleros de Benidorm a las bases del programa de viajes para mayores Imserso con lo que se espera que puedan iniciarse este oto\u00f1o con relativa normalidad. Los hoteleros hab\u00edan objetado que los precios ofertados por el Estado no llegaban [&hellip;]<\/p>\n","protected":false},"author":4,"featured_media":175276,"comment_status":"open","ping_status":"closed","sticky":false,"template":"","format":"standard","meta":{"om_disable_all_campaigns":false,"jnews-multi-image_gallery":[],"jnews_single_post":[],"jnews_primary_category":[],"jnews_social_meta":[],"footnotes":""},"categories":[39],"tags":[544],"class_list":["post-175275","post","type-post","status-publish","format-standard","has-post-thumbnail","hentry","category-viajes","tag-turismo"],"_links":{"self":[{"href":"https:\/\/dimensionturistica.com\/es\/wp-json\/wp\/v2\/posts\/175275","targetHints":{"allow":["GET"]}}],"collection":[{"href":"https:\/\/dimensionturistica.com\/es\/wp-json\/wp\/v2\/posts"}],"about":[{"href":"https:\/\/dimensionturistica.com\/es\/wp-json\/wp\/v2\/types\/post"}],"author":[{"embeddable":true,"href":"https:\/\/dimensionturistica.com\/es\/wp-json\/wp\/v2\/users\/4"}],"replies":[{"embeddable":true,"href":"https:\/\/dimensionturistica.com\/es\/wp-json\/wp\/v2\/comments?post=175275"}],"version-history":[{"count":0,"href":"https:\/\/dimensionturistica.com\/es\/wp-json\/wp\/v2\/posts\/175275\/revisions"}],"wp:featuredmedia":[{"embeddable":true,"href":"https:\/\/dimensionturistica.com\/es\/wp-json\/wp\/v2\/media\/175276"}],"wp:attachment":[{"href":"https:\/\/dimensionturistica.com\/es\/wp-json\/wp\/v2\/media?parent=175275"}],"wp:term":[{"taxonomy":"category","embeddable":true,"href":"https:\/\/dimensionturistica.com\/es\/wp-json\/wp\/v2\/categories?post=175275"},{"taxonomy":"post_tag","embeddable":true,"href":"https:\/\/dimensionturistica.com\/es\/wp-json\/wp\/v2\/tags?post=175275"}],"curies":[{"name":"wp","href":"https:\/\/api.w.org\/{rel}","templated":true}]}}